{"id":331169,"date":"2026-01-09T10:16:07","date_gmt":"2026-01-09T10:16:07","guid":{"rendered":"https:\/\/www.europesays.com\/es\/331169\/"},"modified":"2026-01-09T10:16:07","modified_gmt":"2026-01-09T10:16:07","slug":"fede-valverde-el-lateral-derecho-que-no-quiere-serlo","status":"publish","type":"post","link":"https:\/\/www.europesays.com\/es\/331169\/","title":{"rendered":"Fede Valverde, el lateral derecho que no quiere serlo"},"content":{"rendered":"<p data-gtm-element-container=\"modulo-texto-link\" class=\"paragraph\">No le gusta a <strong>Fede Valverde<\/strong> jugar en el lateral derecho y puede que no sea consciente el uruguayo de que podr\u00eda desarrollarse ah\u00ed hasta ser uno de los mejores del mundo en esa posici\u00f3n. Condiciones para ello le sobran, y que posicionalmente le toque actuar en el costado no quiere decir que no pueda influir, y mucho, en el juego del <strong>Real Madrid<\/strong>. Muestra de ello es lo sucedido este jueves, cuando intervino m\u00e1s que activamente en las dos acciones en las que el bal\u00f3n acab\u00f3 dentro de la porter\u00eda de <strong>Jan Oblak<\/strong>. La primera no cuenta en ese sentido, ya que fue a bal\u00f3n parado y en la misma no influy\u00f3 que estuviera jugando como lateral o como delantero, pero la segunda fue un bal\u00f3n filtrado entre l\u00edneas a <strong>Rodrygo <\/strong>que un lateral derecho solo puede filtrar as\u00ed de bien si es algo m\u00e1s que un simple lateral derecho. <strong>Fede Valverde<\/strong>, cuando juega ah\u00ed, es algo m\u00e1s, y su concurso result\u00f3 m\u00e1s que esencial para que el Real Madrid se impusiera al Atl\u00e9tico.<\/p>\n<blockquote class=\"twitter-tweet\" data-lang=\"es\"><p>\n<a href=\"https:\/\/twitter.com\/MovistarFutbol\/status\/2009341757067002322\" rel=\"nofollow noopener\" target=\"_blank\">\n<\/p><\/blockquote>\n<p data-gtm-element-container=\"modulo-texto-link\" class=\"paragraph\">La actuaci\u00f3n global de <strong>Fede Valverde <\/strong>fue muy buena. Le gan\u00f3 el mano a mano a un <strong>Alex Baena<\/strong> con el que nunca se ir\u00e1 de copas, se arremang\u00f3 cuando le toc\u00f3 defender y sus n\u00fameros reflejaron con creces que fue junto a <strong>Courtois <\/strong>el mejor del Real Madrid. M\u00e1s all\u00e1 del gol y de la asistencia, gan\u00f3 5 de los 6 duelos en los que se vio envuelto, su acierto en el pase super\u00f3 el 80%.<\/p>\n<p data-gtm-element-container=\"modulo-texto-link\" class=\"paragraph\">Volviendo al tanto con el que abri\u00f3 el marcador, cuesta determinar cu\u00e1nto hubo de dem\u00e9rito de un <strong>Oblak <\/strong>que podr\u00eda haber colocado mejor la barrera y que no encontr\u00f3 manera de responder a <strong>Valverde<\/strong>, pero en cualquier caso fue un trallazo que super\u00f3 los 100 kms\/h y se fue envenenando tal y como se iba a acercando a la porter\u00eda. Uno de esos chuts que valen para que se se\u00f1ale a <strong>Fede Valverde<\/strong> como uno de los mejores golpeadores del planeta.<\/p>\n<p>    Lee tambi\u00e9n<\/p>\n<p data-gtm-element-container=\"modulo-texto-link\" class=\"paragraph\">De cara a la final del domingo, le guste o no, al uruguayo le tocar\u00e1 volver a jugar como lateral derecho. Y menuda prueba se le presenta, porque tras ganarle el pulso este jueves a <strong>Baena <\/strong>le tocar\u00e1 enfrentarse a un <strong>Raphinha <\/strong>que llega con la moral por las nubes tras cuajar una gran actuaci\u00f3n ante el <strong>Athletic<\/strong>, doblete incluido. El duelo que coprotagonizar\u00e1n el uruguayo y el brasile\u00f1o ser\u00e1 una de esas peque\u00f1as batallas en las que se decidir\u00e1 el campe\u00f3n en una nueva guerra futbol\u00edstica entre <strong>Barcelona <\/strong>y <strong>Real Madrid<\/strong>.<\/p>\n<p><script async src=\"https:\/\/platform.twitter.com\/widgets.js\" charset=\"utf-8\"><\/script><\/p>\n","protected":false},"excerpt":{"rendered":"No le gusta a Fede Valverde jugar en el lateral derecho y puede que no sea consciente el&hellip;\n","protected":false},"author":2,"featured_media":331170,"comment_status":"","ping_status":"","sticky":false,"template":"","format":"standard","meta":{"footnotes":""},"categories":[268],"tags":[168,25,24,280,282,281,23,167],"class_list":{"0":"post-331169","1":"post","2":"type-post","3":"status-publish","4":"format-standard","5":"has-post-thumbnail","7":"category-futbol","8":"tag-deportes","9":"tag-es","10":"tag-espana","11":"tag-football","12":"tag-futbol","13":"tag-soccer","14":"tag-spain","15":"tag-sports"},"share_on_mastodon":{"url":"https:\/\/pubeurope.com\/@es\/115864625810249567","error":""},"_links":{"self":[{"href":"https:\/\/www.europesays.com\/es\/wp-json\/wp\/v2\/posts\/331169","targetHints":{"allow":["GET"]}}],"collection":[{"href":"https:\/\/www.europesays.com\/es\/wp-json\/wp\/v2\/posts"}],"about":[{"href":"https:\/\/www.europesays.com\/es\/wp-json\/wp\/v2\/types\/post"}],"author":[{"embeddable":true,"href":"https:\/\/www.europesays.com\/es\/wp-json\/wp\/v2\/users\/2"}],"replies":[{"embeddable":true,"href":"https:\/\/www.europesays.com\/es\/wp-json\/wp\/v2\/comments?post=331169"}],"version-history":[{"count":0,"href":"https:\/\/www.europesays.com\/es\/wp-json\/wp\/v2\/posts\/331169\/revisions"}],"wp:featuredmedia":[{"embeddable":true,"href":"https:\/\/www.europesays.com\/es\/wp-json\/wp\/v2\/media\/331170"}],"wp:attachment":[{"href":"https:\/\/www.europesays.com\/es\/wp-json\/wp\/v2\/media?parent=331169"}],"wp:term":[{"taxonomy":"category","embeddable":true,"href":"https:\/\/www.europesays.com\/es\/wp-json\/wp\/v2\/categories?post=331169"},{"taxonomy":"post_tag","embeddable":true,"href":"https:\/\/www.europesays.com\/es\/wp-json\/wp\/v2\/tags?post=331169"}],"curies":[{"name":"wp","href":"https:\/\/api.w.org\/{rel}","templated":true}]}}