{"id":331186,"date":"2026-01-09T10:27:10","date_gmt":"2026-01-09T10:27:10","guid":{"rendered":"https:\/\/www.europesays.com\/es\/331186\/"},"modified":"2026-01-09T10:27:10","modified_gmt":"2026-01-09T10:27:10","slug":"stellantis-pro-one-presenta-en-el-salon-del-automovil-de-bruselas-el-fiat-professional-tris-junto-con-su-gama-completa-de-vehiculos-profesionales-todos-con-soluciones-customfit-corporate-communic","status":"publish","type":"post","link":"https:\/\/www.europesays.com\/es\/331186\/","title":{"rendered":"Stellantis Pro One presenta en el Sal\u00f3n del Autom\u00f3vil de Bruselas el FIAT Professional TRIS, junto con su gama completa de veh\u00edculos profesionales, todos con soluciones CustomFit. | Corporate Communications"},"content":{"rendered":"<p><strong>\u2022\u00a0\u00a0 \u00a0En el Pabell\u00f3n 5 del 102.\u00ba Sal\u00f3n del Autom\u00f3vil de Bruselas, Stellantis Pro One, la unidad global de negocios de Stellantis dedicada a los veh\u00edculos comerciales, destaca todo el potencial de su gama l\u00edder en el mercado y desvela una nueva e interesante soluci\u00f3n para la micromovilidad.\u00a0<\/strong><\/p>\n<p><strong>\u2022\u00a0\u00a0 \u00a0Junto a las furgonetas tradicionales, la atenci\u00f3n se dirige al sorprendente reci\u00e9n llegado de categor\u00eda ligera: el Fiat Professional TRIS, un triciclo totalmente el\u00e9ctrico que debuta en Europa. Con una capacidad de carga de 500 kg y un tama\u00f1o muy compacto, este concepto original y 100% ecol\u00f3gico ampl\u00eda la ya extensa l\u00ednea de Stellantis Pro One, abordando nuevas necesidades de movilidad urbana y los desaf\u00edos de las entregas de \u00faltima milla, junto con el Citro\u00ebn Ami Cargo y el Opel Rocks con Kargo Kit.\u00a0<\/strong><\/p>\n<p><strong>\u2022\u00a0\u00a0 \u00a0En el stand, los visitantes tambi\u00e9n podr\u00e1n explorar dos ediciones especiales: El Citro\u00ebn Berlingo \u00abXTR\u00bb, que ofrece a los profesionales confort y un aspecto din\u00e1mico, y el Opel Vivaro Electric \u00abSportive\u00bb, con adhesivos deportivos, llantas de aleaci\u00f3n de 17 pulgadas y elementos de dise\u00f1o exclusivos.\u00a0<\/strong><\/p>\n<p><strong>\u2022\u00a0\u00a0 \u00a0Fiel al lema \u00abYOU NEED IT, WE MAKE IT\u00bb (\u00abT\u00fa lo necesitas, nosotros lo hacemos\u00bb), con un protagonismo visible en el stand, Stellantis Pro One reafirma el programa Stellantis CustomFit, que ofrece m\u00faltiples posibilidades de conversi\u00f3n y personalizaci\u00f3n, garantizando calidad de f\u00e1brica, plazos optimizados y cobertura completa de garant\u00eda.<\/strong><\/p>\n<p><strong>\u00c1msterdam, 9 de enero de 2026 \u2013 <\/strong>Desde hoy hasta el 18 de enero, en el Pabell\u00f3n 5 del Sal\u00f3n del Autom\u00f3vil de Bruselas, Stellantis Pro One, la unidad de negocios de Stellantis dedicada a veh\u00edculos comerciales, presenta su completa familia de veh\u00edculos profesionales, que abarca cuatro marcas ic\u00f3nicas: Citro\u00ebn, Fiat Professional, Opel y Peugeot.\u00a0<\/p>\n<p>Un total de siete modelos se exhiben orgullosamente en el stand, abarcando desde la micromovilidad hasta las furgonetas grandes: Peugeot Partner Long y Citro\u00ebn Berlingo XTR, serie especial, como representantes de la oferta de furgonetas compactas; Opel Vivaro Sportive, serie especial, como representante de la oferta de furgonetas medianas; Fiat Ducato Panel Van y Citro\u00ebn Jumper doble cabina con plataforma abatible como representantes de la oferta de furgonetas grandes, y, finalmente, Citro\u00ebn Ami Cargo y Fiat Professional TRIS en el segmento de micromovilidad.<\/p>\n<p>Una gama amplia y flexible, que desde hace tiempo ocupa los primeros puestos en ventas europeas, ahora cobra protagonismo en Bruselas con un estreno absoluto en el segmento urbano de micromovilidad: el Fiat Professional TRIS, la nueva pick-up 100% el\u00e9ctrica de tres ruedas dise\u00f1ada para satisfacer la creciente demanda de soluciones de entrega de \u00faltima milla. Desarrollado por el Centro de Dise\u00f1o de Stellantis en Italia, fue lanzado en Marruecos hace pocos meses.<\/p>\n<p>Con una autonom\u00eda de 90 km, un dise\u00f1o ultraligero y bajos costes de mantenimiento, TRIS tiene una capacidad de transporte de m\u00e1s de 500\u202fkg de peso y un espacio de carga amplio, con aproximadamente 2,25 metros cuadrados de superficie \u00fatil y la capacidad de alojar un pal\u00e9 euro est\u00e1ndar. Disponible en tres configuraciones, chasis-cabina, plataforma plana y pick-up, ofrece una versatilidad total, reforzada por el programa Stellantis CustomFit, que propone multitud de opciones de personalizaci\u00f3n.\u00a0<\/p>\n<p>Su dise\u00f1o prioriza la facilidad de uso, permitiendo conducirlo sin embrague ni caja de cambios, mientras que su capacidad de carga integrada permite recargar de manera sencilla mediante un enchufe incorporado de 220 V, lo que elimina la necesidad de usar un cargador externo. Dise\u00f1ado para durar, su chasis y estructura tubular est\u00e1n protegidos contra la corrosi\u00f3n mediante un recubrimiento de zinc de calidad automotriz, complementado con iluminaci\u00f3n LED completa en el frontal y en la parte trasera para mejorar la visibilidad y la seguridad.<\/p>\n<p>Una de las principales fortalezas de TRIS es su extraordinaria versatilidad. Su tama\u00f1o compacto (apenas 3,17 metros de longitud) combinado con un reducido radio de giro de 3,05 metros, le permite maniobrar con facilidad por calles estrechas de la ciudad. El \u00e1rea de carga tambi\u00e9n es espaciosa, ofreciendo aproximadamente 2,25 metros cuadrados de superficie \u00fatil y la capacidad de alojar un pal\u00e9 euro est\u00e1ndar. Adem\u00e1s, cuenta con una capacidad de carga m\u00e1xima homologada por RCE de 540 kg.<\/p>\n<p>El acceso a la alimentaci\u00f3n tambi\u00e9n es una prioridad, con un puerto USB-C y una toma de 12 V que permiten cargar dispositivos durante el trayecto. La bater\u00eda de litio, con una capacidad de 6,9 kWh, proporciona una autonom\u00eda homologada de 90 km (WMTC), asegurando suficiente autonom\u00eda para el uso profesional diario. Gracias a su sistema de recarga inteligente integrado, TRIS puede cargarse del 0 % al 80 % en solo 3,5 horas, alcanzando la recarga completa en 4 horas y 40 minutos mediante un enchufe dom\u00e9stico est\u00e1ndar. El sistema de frenada regenerativa, incluido de serie, completa el paquete de eficiencia, ayudando a maximizar la autonom\u00eda y reducir el consumo de energ\u00eda en el uso diario.<\/p>\n<p>Por \u00faltimo, TRIS cuenta con un motor el\u00e9ctrico de 48 voltios, con una potencia m\u00e1xima de 9 kW y un par m\u00e1ximo de 45 Nm, capaz de alcanzar una velocidad m\u00e1xima de 45 km\/h. Adem\u00e1s, incorpora un moderno cuadro de instrumentos digital que facilita la informaci\u00f3n del conductor y mejora la experiencia de conducci\u00f3n.<\/p>\n<p>El lanzamiento de TRIS en los mercados europeos est\u00e1 previsto para 2026, comenzando por Italia.<br \/>&#13;<br \/>\nSiguiendo con el tema de la micromovilidad, el stand tambi\u00e9n presenta dos modelos Citro\u00ebn Ami Cargo, uno de ellos exhibido de manera ingeniosa dentro de la plataforma de carga de una Citro\u00ebn Jumper doble cabina con plataforma abatible, para resaltar su tama\u00f1o compacto, maniobrabilidad y utilidad, pese a ofrecer hasta 400 litros de volumen \u00fatil y una carga m\u00e1xima de 140 kg. Funciones sorprendentes que encajan a la perfecci\u00f3n con el eslogan dedicado a este extraordinario veh\u00edculo: \u00abMICRO? TINY? NO\u2026 BIG! BUILT COMPACT. HUGE IN THE CITY.\u00bb<\/p>\n<p>Los visitantes tambi\u00e9n descubrir\u00e1n dos ediciones especiales singulares:<\/p>\n<p>\u2022\u00a0\u00a0 \u00a0Citro\u00ebn Berlingo \u00abXTR\u00bb, dise\u00f1ada para clientes B2B que valoran la modularidad y el confort a bordo. Disponible en versi\u00f3n ICE y el\u00e9ctrica, viene de serie con Extenso\u00ae Cab: una cabina con tres asientos delanteros y m\u00faltiples configuraciones. Adem\u00e1s, incorpora faros Eco-LED, luces antiniebla, llantas de aleaci\u00f3n Onyx Black de 16 pulgadas y 12 sensores de proximidad que aumentan la seguridad. El volumen de carga alcanza los 3,3 m\u00b3, ampliable en 0,5 m\u00b3 gracias a la opci\u00f3n Extenso Cab, con capacidades de carga que van de 650 kg (di\u00e9sel) a 800 kg (el\u00e9ctrica).<\/p>\n<p>\u2022\u00a0\u00a0 \u00a0Opel Vivaro Electric \u00abSportive\u00bb, con un motor el\u00e9ctrico de 100 kW y una autonom\u00eda WLTP de hasta 349 km. Para resaltar su aspecto deportivo, el modelo incluye adhesivos en color negro y amarillo, faros LED, llantas de aleaci\u00f3n de 17 pulgadas y el paquete Dynamic Surround View, que incluye c\u00e1maras dobles y un espejo retrovisor digital para mejorar la seguridad.<\/p>\n<p>Bajo el audaz lema \u00abYOU NEED IT, WE MAKE IT\u00bb, Stellantis Pro One dedica una gran secci\u00f3n de su stand a Stellantis CustomFit, un programa que ofrece una amplia gama de opciones de conversi\u00f3n y personalizaci\u00f3n. Estas pueden realizarse en f\u00e1brica o a trav\u00e9s de su red de m\u00e1s de 600 socios autorizados en todo el mundo, siempre cumpliendo los m\u00e1s altos est\u00e1ndares de calidad, seguridad y garant\u00eda.<\/p>\n<p>Eric Laforge, Responsable global de la unidad de negocio Stellantis Pro One, afirma: \u201cMe siento realmente orgulloso de presentar una gama tan amplia y flexible, constantemente actualizada para satisfacer las necesidades de nuestros clientes. M\u00e1s all\u00e1 de los productos CustomFit, que encarnan las capacidades de personalizaci\u00f3n y conversi\u00f3n desarrolladas en f\u00e1brica gracias a nuestra red de socios certificados, la \u00faltima incorporaci\u00f3n es Fiat Professional TRIS. Este veh\u00edculo, inusual y sorprendente por sus caracter\u00edsticas y prestaciones, ha sido dise\u00f1ado para un segmento de mercado en r\u00e1pido crecimiento: la micromovilidad urbana y la entrega de \u00faltima milla. Todo ello se apoya en la enorme experiencia y el legado que cada marca de la unidad de negocio Stellantis Pro One ha acumulado a lo largo de muchos a\u00f1os en el sector de los VCL, manteni\u00e9ndose siempre cerca de los clientes, desde peque\u00f1os negocios hasta grandes empresas\u201d.\u00a0<\/p>\n<p>Con este debut y su amplia gama de veh\u00edculos, Stellantis Pro One reafirma su compromiso con la personalizaci\u00f3n, la sostenibilidad y las soluciones centradas en el cliente, ofreciendo movilidad adaptada a las necesidades de transporte actuales y del futuro.\u00a0<br \/>&#13;<br \/>\n\u00a0<\/p>\n<p>\u00a0<\/p>\n","protected":false},"excerpt":{"rendered":"\u2022\u00a0\u00a0 \u00a0En el Pabell\u00f3n 5 del 102.\u00ba Sal\u00f3n del Autom\u00f3vil de Bruselas, Stellantis Pro One, la unidad global&hellip;\n","protected":false},"author":2,"featured_media":331187,"comment_status":"","ping_status":"","sticky":false,"template":"","format":"standard","meta":{"footnotes":""},"categories":[80],"tags":[82,95,94,25,24,23],"class_list":{"0":"post-331186","1":"post","2":"type-post","3":"status-publish","4":"format-standard","5":"has-post-thumbnail","7":"category-economia","8":"tag-business","9":"tag-economia","10":"tag-economy","11":"tag-es","12":"tag-espana","13":"tag-spain"},"share_on_mastodon":{"url":"https:\/\/pubeurope.com\/@es\/115864669052523186","error":""},"_links":{"self":[{"href":"https:\/\/www.europesays.com\/es\/wp-json\/wp\/v2\/posts\/331186","targetHints":{"allow":["GET"]}}],"collection":[{"href":"https:\/\/www.europesays.com\/es\/wp-json\/wp\/v2\/posts"}],"about":[{"href":"https:\/\/www.europesays.com\/es\/wp-json\/wp\/v2\/types\/post"}],"author":[{"embeddable":true,"href":"https:\/\/www.europesays.com\/es\/wp-json\/wp\/v2\/users\/2"}],"replies":[{"embeddable":true,"href":"https:\/\/www.europesays.com\/es\/wp-json\/wp\/v2\/comments?post=331186"}],"version-history":[{"count":0,"href":"https:\/\/www.europesays.com\/es\/wp-json\/wp\/v2\/posts\/331186\/revisions"}],"wp:featuredmedia":[{"embeddable":true,"href":"https:\/\/www.europesays.com\/es\/wp-json\/wp\/v2\/media\/331187"}],"wp:attachment":[{"href":"https:\/\/www.europesays.com\/es\/wp-json\/wp\/v2\/media?parent=331186"}],"wp:term":[{"taxonomy":"category","embeddable":true,"href":"https:\/\/www.europesays.com\/es\/wp-json\/wp\/v2\/categories?post=331186"},{"taxonomy":"post_tag","embeddable":true,"href":"https:\/\/www.europesays.com\/es\/wp-json\/wp\/v2\/tags?post=331186"}],"curies":[{"name":"wp","href":"https:\/\/api.w.org\/{rel}","templated":true}]}}