{"id":331198,"date":"2026-01-09T10:36:09","date_gmt":"2026-01-09T10:36:09","guid":{"rendered":"https:\/\/www.europesays.com\/es\/331198\/"},"modified":"2026-01-09T10:36:09","modified_gmt":"2026-01-09T10:36:09","slug":"sin-remco-ahora-me-toca-cambiar-el-chip","status":"publish","type":"post","link":"https:\/\/www.europesays.com\/es\/331198\/","title":{"rendered":"Sin Remco, ahora me toca cambiar el chip"},"content":{"rendered":"<p data-mrf-recirculation=\"Links P\u00e1rrafos\" class=\"ue-c-article__paragraph paragraph xai-icon-container ue-c-article--first-letter-highlighted\">Se le adivina la calma de quien ya no discute con lo que fue. No exagera la ca\u00edda que estuvo a punto de torcerle el camino ni la esconde bajo la alfombra: la afronta, la nombra y la deja atr\u00e1s. Y cuando asoma el <strong>Giro<\/strong>, regresa ese destello tan suyo, casi instintivo. <strong>Italia<\/strong>, la tierra que le abraz\u00f3 y le castig\u00f3 a partes iguales, vuelve a reclamar al<strong> jefe del Soudal <\/strong>y al <strong>eterno territorio del landismo<\/strong>.<\/p>\n<p data-mrf-recirculation=\"Links P\u00e1rrafos\" class=\"ue-c-article__paragraph paragraph xai-icon-container\"><strong>Pregunta. Despu\u00e9s de la ca\u00edda en la &#8216;Corsa Rosa&#8217;, en el inicio m\u00e1s cruel donde aspiraba a otro podio y su posterior recuperaci\u00f3n incompleta, \u00bfc\u00f3mo se encuentra de cara a este nuevo curso que arranca ya?<\/strong><\/p>\n<p data-mrf-recirculation=\"Links P\u00e1rrafos\" class=\"ue-c-article__paragraph paragraph xai-icon-container\"><strong>Respuesta<\/strong>. Me encuentro bien. Creo que ya por fin estoy recuperado. Durante las vacaciones tuvieron que pasar unas tres o cuatro semanas para olvidarme de las molestias. He fortalecido la zona, he entrenado bien y voy hacia adelante sin problemas.<\/p>\n<p><img decoding=\"async\" width=\"1024\" height=\"683\" class=\"ue-c-article__image lazyload\" alt=\"Landa, en una imagen de archivo.\" loading=\"lazy\" src=\"https:\/\/www.europesays.com\/es\/wp-content\/uploads\/2026\/01\/68a744da87d56.jpeg\"\/><\/p>\n<p>Landa, en una imagen de archivo.Agencias.<\/p>\n<p data-mrf-recirculation=\"Links P\u00e1rrafos\" class=\"ue-c-article__paragraph paragraph xai-icon-container\"><strong>P. Ahora que ha vuelto a ver las im\u00e1genes, \u00bfc\u00f3mo lo recuerda? \u00bfHa podido reconstruir mejor el accidente?<\/strong><\/p>\n<p data-mrf-recirculation=\"Links P\u00e1rrafos\" class=\"ue-c-article__paragraph paragraph xai-icon-container\">R. Le di muchas vueltas al principio. Creo que fue un fallo m\u00edo. El corredor que iba delante no estaba bajando muy seguro, yo le iba dejando ir y recortando metros, y en una de esas curvas me qued\u00e9 un poco cerrado. Cambi\u00f3 su trayectoria, no lo pude corregir y me fui recto al suelo. No le he dado m\u00e1s vueltas. Pas\u00f3 y hay que mirar adelante.<\/p>\n<p>La toma que muestra c\u00f3mo fue la ca\u00edda que mand\u00f3 a casa a Landa en el Giro<\/p>\n<blockquote class=\"ue-c-article__blockquote\">\n<p>Al principio le di muchas vueltas, creo que fue un fallo m\u00edo. Pas\u00f3 y hay que mirar adelante<\/p>\n<p>Landa, a MARCA<\/p><\/blockquote>\n<p data-mrf-recirculation=\"Links P\u00e1rrafos\" class=\"ue-c-article__paragraph paragraph xai-icon-container\"><strong>P. Otra vez a Italia. Giro y Landa van de la mano. Parec\u00eda claro que volver\u00eda\u2026<\/strong><\/p>\n<p data-mrf-recirculation=\"Links P\u00e1rrafos\" class=\"ue-c-article__paragraph paragraph xai-icon-container\">R. No tanto. He tenido muchas dudas, de verdad. El Giro me ha dado muchas de cal y muchas de arena. Ha sido una relaci\u00f3n de amor-odio, pero no quer\u00eda acabar mi historia con el Giro as\u00ed. Por eso hab\u00eda que volver e intentar olvidarlo cuanto antes.<\/p>\n<blockquote class=\"ue-c-article__blockquote\">\n<p>El Giro me ha dado muchas de cal y muchas de arena. No quer\u00eda acabar mi historia con Italia as\u00ed<\/p>\n<p>Landa, a MARCA<\/p><\/blockquote>\n<p data-mrf-recirculation=\"Links P\u00e1rrafos\" class=\"ue-c-article__paragraph paragraph xai-icon-container\"><strong>P. \u00bfEn alg\u00fan momento lleg\u00f3 a pensar en retirarse despu\u00e9s de la ca\u00edda?<\/strong><\/p>\n<p data-mrf-recirculation=\"Links P\u00e1rrafos\" class=\"ue-c-article__paragraph paragraph xai-icon-container\">R. Esta vez no. Ten\u00eda ganas de volver y de disfrutar de este a\u00f1o que todav\u00eda tengo de contrato. En ning\u00fan momento dud\u00e9.<\/p>\n<p data-mrf-recirculation=\"Links P\u00e1rrafos\" class=\"ue-c-article__paragraph paragraph xai-icon-container\"><strong>P. Tuvo cuatro ediciones muy buenas en Italia. \u00bfPudo ganar alguna?<\/strong><\/p>\n<p data-mrf-recirculation=\"Links P\u00e1rrafos\" class=\"ue-c-article__paragraph paragraph xai-icon-container\">R. Son palabras mayores, pero creo que s\u00ed pod\u00eda haber estado cerca. En 2015 estaba muy bien, pero me faltaba experiencia. En 2016 tambi\u00e9n iba muy fuerte, pero me fui a casa enfermo. En 2017 lleg\u00f3 la ca\u00edda del Blockhaus. En la edici\u00f3n de Carapaz tambi\u00e9n estaba muy bien. El a\u00f1o pasado andaba fenomenal, pero tuve la ca\u00edda\u2026 No s\u00e9, nos quedar\u00e1 siempre la duda.<\/p>\n<blockquote class=\"ue-c-article__blockquote\">\n<p>Esta vez no pens\u00e9 en retirarme. Ten\u00eda ganas de volver y de disfrutar de este a\u00f1o que todav\u00eda tengo de contrato<\/p>\n<p>Landa, a MARCA<\/p><\/blockquote>\n<p data-mrf-recirculation=\"Links P\u00e1rrafos\" class=\"ue-c-article__paragraph paragraph xai-icon-container\"><strong>P. Despu\u00e9s llegar\u00e1 el Tour y con un rol diferente, m\u00e1s enfocado a etapas. \u00bfLe motiva ese cambio?<\/strong><\/p>\n<p data-mrf-recirculation=\"Links P\u00e1rrafos\" class=\"ue-c-article__paragraph paragraph xai-icon-container\">R. S\u00ed, va a ser la primera vez que vaya al Tour as\u00ed de relajado. Me apetece mucho ir pensando en una etapa y olvidarme de la general. Creo que me va a ayudar a disfrutar m\u00e1s de la carrera y a pelear por un objetivo real. Es lo que m\u00e1s me motiva este a\u00f1o.<\/p>\n<blockquote class=\"ue-c-article__blockquote\">\n<p>Creo que s\u00ed pod\u00eda haber estado cerca de ganar el Giro\u2026 pero nos quedar\u00e1 siempre la duda<\/p>\n<p>Landa, a MARCA<\/p><\/blockquote>\n<p data-mrf-recirculation=\"Links P\u00e1rrafos\" class=\"ue-c-article__paragraph paragraph xai-icon-container\"><strong>P. En 2025 dijo en MARCA que su reto era correr las tres grandes en un a\u00f1o.<\/strong><\/p>\n<p data-mrf-recirculation=\"Links P\u00e1rrafos\" class=\"ue-c-article__paragraph paragraph xai-icon-container\">R. Lo dije mitad en broma, mitad en serio. No es f\u00e1cil, no tengo 25 a\u00f1os, y con Giro y Tour ya es suficiente, pero veremos. Ojal\u00e1. Me gustar\u00eda, pero s\u00e9 que es dif\u00edcil. Veremos.<\/p>\n<p data-mrf-recirculation=\"Links P\u00e1rrafos\" class=\"ue-c-article__paragraph paragraph xai-icon-container\"><strong>P. Sin Remco Evenepoel, vuelve a asumir galones como m\u00e1ximo jefe de filas. \u00bfC\u00f3mo lleva esa responsabilidad ahora?<\/strong><\/p>\n<p data-mrf-recirculation=\"Links P\u00e1rrafos\" class=\"ue-c-article__paragraph paragraph xai-icon-container\">R. Estoy cambiando de chip. Cuando vine al equipo estaba enfocado al cien por cien en Remco y en ayudarle. Ahora toca volver a pelear un poco las generales, y eso me va a costar, pero al mismo tiempo el equipo me da libertad para buscar alguna etapa. Creo que encontraremos el equilibrio perfecto para hacer una buena temporada.<\/p>\n<blockquote class=\"ue-c-article__blockquote\">\n<p>Con la salida de Remco estoy cambiando de chip: ahora toca volver a pelear un poco las generales<\/p>\n<p>Landa, a MARCA<\/p><\/blockquote>\n<p data-mrf-recirculation=\"Links P\u00e1rrafos\" class=\"ue-c-article__paragraph paragraph xai-icon-container\"><strong>P. Es del 89 y ha visto retirarse a casi toda la generaci\u00f3n del 90. \u00bfLe sorprendi\u00f3 lo de Simon Yates?<\/strong><\/p>\n<p data-mrf-recirculation=\"Links P\u00e1rrafos\" class=\"ue-c-article__paragraph paragraph xai-icon-container\">R. Ha sido una sorpresa para todos, sobre todo por el momento en el que ha tomado la decisi\u00f3n. Tendr\u00e1 sus razones. Quiz\u00e1 no encontraba la motivaci\u00f3n para seguir sacrific\u00e1ndose cada d\u00eda, y tambi\u00e9n es honesto saber retirarse. El tiempo pasa y tarde o temprano nos llegar\u00e1 a todos.<\/p>\n<blockquote class=\"ue-c-article__blockquote\">\n<p>Va a ser la primera vez que vaya al Tour as\u00ed de relajado, pensando en una etapa y olvid\u00e1ndome de la general<\/p>\n<p>Landa, a MARCA<\/p><\/blockquote>\n<p data-mrf-recirculation=\"Links P\u00e1rrafos\" class=\"ue-c-article__paragraph paragraph xai-icon-container\"><strong>P. Es uno de los ciclistas m\u00e1s queridos por los aficionados. \u00bfAlguna vez le han dolido las cr\u00edticas?<\/strong><\/p>\n<p data-mrf-recirculation=\"Links P\u00e1rrafos\" class=\"ue-c-article__paragraph paragraph xai-icon-container\">R. Seguro que s\u00ed, aunque ahora mismo no recuerdo ninguna en concreto. No suelo hacer caso a las cr\u00edticas de gente que no conozco ni tampoco a los halagos. Me pueden doler m\u00e1s las que vengan de casa o del entorno cercano, porque suelen ser constructivas.<\/p>\n<p data-mrf-recirculation=\"Links P\u00e1rrafos\" class=\"ue-c-article__paragraph paragraph xai-icon-container\"><strong>P. El \u2018Landismo\u2019 ha sido su gloria\u2026 \u00bfy tambi\u00e9n su condena en cierto modo?<\/strong><\/p>\n<p data-mrf-recirculation=\"Links P\u00e1rrafos\" class=\"ue-c-article__paragraph paragraph xai-icon-container\">R. No. Estoy orgulloso de todo lo que se ha generado y del apoyo. Ha sido algo muy bonito.<\/p>\n<p data-mrf-recirculation=\"Links P\u00e1rrafos\" class=\"ue-c-article__paragraph paragraph xai-icon-container\"><strong>P. Avis\u00f3 en Radio MARCA cuando gan\u00f3 Remco en Burgos en 2020: \u201chay que aprovechar, que estos se van a llevar todo\u201d. \u00bfImaginaba que fuera tan salvaje?<\/strong><\/p>\n<p data-mrf-recirculation=\"Links P\u00e1rrafos\" class=\"ue-c-article__paragraph paragraph xai-icon-container\">R. No, la verdad es que no. El Covid marc\u00f3 mucho el ciclismo. Desde entonces el ritmo de la competici\u00f3n y el desarrollo del deporte han cambiado much\u00edsimo. No han dejado ni las migas.<\/p>\n<blockquote class=\"ue-c-article__blockquote\">\n<p>Lo de Simon Yates fue una sorpresa para todos<\/p>\n<p>Landa, a MARCA<\/p><\/blockquote>\n<p data-mrf-recirculation=\"Links P\u00e1rrafos\" class=\"ue-c-article__paragraph paragraph xai-icon-container\"><strong>P. Tuvo que renunciar al Mundial. \u00bfSe ve este a\u00f1o con Valverde como seleccionador, en Montreal?<\/strong><\/p>\n<p data-mrf-recirculation=\"Links P\u00e1rrafos\" class=\"ue-c-article__paragraph paragraph xai-icon-container\">R. No lo s\u00e9. Queda muy lejos. El del a\u00f1o pasado en Ruanda me apetec\u00eda mucho y me doli\u00f3 renunciar a \u00faltima hora. Este a\u00f1o tengo otros objetivos antes y prefiero ir d\u00eda a d\u00eda.<\/p>\n<p data-mrf-recirculation=\"Links P\u00e1rrafos\" class=\"ue-c-article__paragraph paragraph xai-icon-container\"><strong>P. Dice que le queda \u00abel 50% de opciones se seguir o retirarse\u00bb tras este a\u00f1o, \u00bfcu\u00e1ndo lo decidir\u00e1? Antes del Tour suele estar el pescado vendido.<\/strong><\/p>\n<p data-mrf-recirculation=\"Links P\u00e1rrafos\" class=\"ue-c-article__paragraph paragraph xai-icon-container\">R. No lo s\u00e9. Ahora mismo estoy disfrutando de esta pretemporada, estoy contento y con ganas de que lleguen las carreras para ver d\u00f3nde estoy. Luego ya llegar\u00e1 el momento de decidir.<\/p>\n<p data-mrf-recirculation=\"Links P\u00e1rrafos\" class=\"ue-c-article__paragraph paragraph xai-icon-container\"><strong>P. \u00bfY qu\u00e9 har\u00e1 despu\u00e9s? Director deportivo, analista en la tele&#8230;<\/strong><\/p>\n<p data-mrf-recirculation=\"Links P\u00e1rrafos\" class=\"ue-c-article__paragraph paragraph xai-icon-container\">R. De director deportivo no me veo. Creo que necesitar\u00e9 descansar un poco del ciclismo cuando llegue el momento de colgar la bici.<\/p>\n<p data-mrf-recirculation=\"Links P\u00e1rrafos\" class=\"ue-c-article__paragraph paragraph xai-icon-container\"><strong>P. \u00bfSe ve como el &#8216;nuevo Perico&#8217;?<\/strong><\/p>\n<p data-mrf-recirculation=\"Links P\u00e1rrafos\" class=\"ue-c-article__paragraph paragraph xai-icon-container\">R. Ahora mismo no, pero tampoco me ve\u00eda hace 15 a\u00f1os con 35 o 36 a\u00f1os todav\u00eda en bici. No tengo ni idea&#8230;<\/p>\n<p data-mrf-recirculation=\"Links P\u00e1rrafos\" class=\"ue-c-article__paragraph paragraph xai-icon-container\"><strong>P. Le han ca\u00eddo muchos palos por lo de LaVuelta. A usted siempre le suele ir el viento a favor, \u00bfc\u00f3mo vivir\u00eda una situaci\u00f3n as\u00ed con tanto &#8216;hate&#8217;?<\/strong><\/p>\n<p data-mrf-recirculation=\"Links P\u00e1rrafos\" class=\"ue-c-article__paragraph paragraph xai-icon-container\">R. No ser\u00e1 f\u00e1cil, cuando te expones tanto, tambi\u00e9n las cr\u00edticas son mayores o pueden ser mayores. No s\u00e9, hay que valer tambi\u00e9n, no s\u00e9 si yo valdr\u00eda.<\/p>\n<blockquote class=\"ue-c-article__blockquote\">\n<p>Si solo pudiera ganar una cosa m\u00e1s, ser\u00eda una etapa en el Tour. Quiz\u00e1 esa sea mi espinita<\/p>\n<p>Landa, a MARCA<\/p><\/blockquote>\n<p data-mrf-recirculation=\"Links P\u00e1rrafos\" class=\"ue-c-article__paragraph paragraph xai-icon-container\"><strong>P. Si s\u00f3lo pudiera ganar una carrera de aqu\u00ed al final, \u00bfcu\u00e1l ser\u00eda? \u00bftiene alguna espina clavada?<\/strong><\/p>\n<p data-mrf-recirculation=\"Links P\u00e1rrafos\" class=\"ue-c-article__paragraph paragraph xai-icon-container\">R. Quiz\u00e1 una etapa en el Tour. Me qued\u00e9 cerca del podio en su d\u00eda y he dejado un poco de lado ese objetivo por centrarme mucho en la general. Puede que me quede esa espinita.<\/p>\n<p>Test: \u00bfQu\u00e9 le cuesta m\u00e1s a Landa?<\/p>\n<p>Test a Landa: \u00bfQu\u00e9 le cuesta m\u00e1s?PABLO FERRANDO<\/p>\n<p data-mrf-recirculation=\"Links P\u00e1rrafos\" class=\"ue-c-article__paragraph paragraph xai-icon-container\"><strong>\u00bfHacer 220 km con final en alto o montar un mueble de IKEA sin instrucciones?<\/strong><\/p>\n<p data-mrf-recirculation=\"Links P\u00e1rrafos\" class=\"ue-c-article__paragraph paragraph xai-icon-container\">Ambas me gustan. Me quedo con una etapa de 220 km con final en alto.<\/p>\n<p data-mrf-recirculation=\"Links P\u00e1rrafos\" class=\"ue-c-article__paragraph paragraph xai-icon-container\"><strong>\u00bfSubir un puerto &#8216;hors cat\u00e9gorie&#8217; o convencer a los peques de que se vayan a dormir?\u00a0<\/strong><\/p>\n<p data-mrf-recirculation=\"Links P\u00e1rrafos\" class=\"ue-c-article__paragraph paragraph xai-icon-container\">Convencer a los peques.<\/p>\n<p data-mrf-recirculation=\"Links P\u00e1rrafos\" class=\"ue-c-article__paragraph paragraph xai-icon-container\"><strong>\u00bfUna crono de 40 km o hacer la compra sin olvidar nada?<\/strong><\/p>\n<p data-mrf-recirculation=\"Links P\u00e1rrafos\" class=\"ue-c-article__paragraph paragraph xai-icon-container\">La crono. La compra se me da bien.<\/p>\n<p data-mrf-recirculation=\"Links P\u00e1rrafos\" class=\"ue-c-article__paragraph paragraph xai-icon-container\"><strong>\u00bfCinco horas de entrenamiento bajo la lluvia o pasar una tarde entera en un centro comercial?<\/strong><\/p>\n<p data-mrf-recirculation=\"Links P\u00e1rrafos\" class=\"ue-c-article__paragraph paragraph xai-icon-container\">Pasar una tarde en el centro comercial.<\/p>\n<p data-mrf-recirculation=\"Links P\u00e1rrafos\" class=\"ue-c-article__paragraph paragraph xai-icon-container\"><strong>\u00bfDieta de carrera durante un mes o renunciar al postre en Navidad?<\/strong><\/p>\n<p data-mrf-recirculation=\"Links P\u00e1rrafos\" class=\"ue-c-article__paragraph paragraph xai-icon-container\">Renunciar a los postres en Navidad.<\/p>\n<p data-mrf-recirculation=\"Links P\u00e1rrafos\" class=\"ue-c-article__paragraph paragraph xai-icon-container\"><strong>\u00bfTres semanas de Giro u organizar unas vacaciones familiares?<\/strong><\/p>\n<p data-mrf-recirculation=\"Links P\u00e1rrafos\" class=\"ue-c-article__paragraph paragraph xai-icon-container\">Organizar unas vacaciones familiares.<\/p>\n<p data-mrf-recirculation=\"Links P\u00e1rrafos\" class=\"ue-c-article__paragraph paragraph xai-icon-container\"><strong>\u00bfUn d\u00eda malo en el Mortirolo o una noche sin dormir por los ni\u00f1os?<\/strong><\/p>\n<p data-mrf-recirculation=\"Links P\u00e1rrafos\" class=\"ue-c-article__paragraph paragraph xai-icon-container\">Una noche sin dormir.<\/p>\n<p data-mrf-recirculation=\"Links P\u00e1rrafos\" class=\"ue-c-article__paragraph paragraph xai-icon-container\"><strong>\u00bfViaje largo con transbordos o hacer las maletas de toda la familia?<\/strong><\/p>\n<p data-mrf-recirculation=\"Links P\u00e1rrafos\" class=\"ue-c-article__paragraph paragraph xai-icon-container\">Hacer las maletas.<\/p>\n<p data-mrf-recirculation=\"Links P\u00e1rrafos\" class=\"ue-c-article__paragraph paragraph xai-icon-container\"><strong>\u00bfRodar solo 6 horas o no ver al Alav\u00e9s durante un mes?<\/strong><\/p>\n<p data-mrf-recirculation=\"Links P\u00e1rrafos\" class=\"ue-c-article__paragraph paragraph xai-icon-container\">Me cuesta m\u00e1s rodar seis horas solo.<\/p>\n<p data-mrf-recirculation=\"Links P\u00e1rrafos\" class=\"ue-c-article__paragraph paragraph xai-icon-container\"><strong>\u00bfPerder rueda en un abanico o perder las llaves de casa?<\/strong><\/p>\n<p data-mrf-recirculation=\"Links P\u00e1rrafos\" class=\"ue-c-article__paragraph paragraph xai-icon-container\">Perder rueda en un abanico. \u00a1Eso es terrible!<\/p>\n<p data-mrf-recirculation=\"Links P\u00e1rrafos\" class=\"ue-c-article__paragraph paragraph xai-icon-container\"><strong>\u00bfCalentar media hora en el rodillo o media hora planchando?<\/strong><\/p>\n<p data-mrf-recirculation=\"Links P\u00e1rrafos\" class=\"ue-c-article__paragraph paragraph xai-icon-container\">Media hora en el rodillo.<\/p>\n<p data-mrf-recirculation=\"Links P\u00e1rrafos\" class=\"ue-c-article__paragraph paragraph xai-icon-container\"><strong>\u00bfControlar el peso en pretemporada u ordenar el trastero?<\/strong><\/p>\n<p data-mrf-recirculation=\"Links P\u00e1rrafos\" class=\"ue-c-article__paragraph paragraph xai-icon-container\">Me cuesta m\u00e1s ordenar el trastero.<\/p>\n<p>Un rey de la pista con &#8216;Landani&#8217;<\/p>\n<p data-mrf-recirculation=\"Links P\u00e1rrafos\" class=\"ue-c-article__paragraph paragraph xai-icon-container\"><strong>Landa o Castroviejo:<\/strong> Landa.<\/p>\n<p data-mrf-recirculation=\"Links P\u00e1rrafos\" class=\"ue-c-article__paragraph paragraph xai-icon-container\"><strong>Landa o Mas:<\/strong> Landa.<\/p>\n<p data-mrf-recirculation=\"Links P\u00e1rrafos\" class=\"ue-c-article__paragraph paragraph xai-icon-container\"><strong>Landa o Ayuso:<\/strong> Landa.<\/p>\n<p data-mrf-recirculation=\"Links P\u00e1rrafos\" class=\"ue-c-article__paragraph paragraph xai-icon-container\"><strong>Landa o Valverde:<\/strong> Valverde.<\/p>\n<p data-mrf-recirculation=\"Links P\u00e1rrafos\" class=\"ue-c-article__paragraph paragraph xai-icon-container\"><strong>Valverde o Nibali: <\/strong>Nibali.<\/p>\n<p data-mrf-recirculation=\"Links P\u00e1rrafos\" class=\"ue-c-article__paragraph paragraph xai-icon-container\"><strong>Nibali o Vingegaard:<\/strong> Nibali.<\/p>\n<p data-mrf-recirculation=\"Links P\u00e1rrafos\" class=\"ue-c-article__paragraph paragraph xai-icon-container\"><strong>Nibali o Pantani: <\/strong>Pantani.<\/p>\n<p data-mrf-recirculation=\"Links P\u00e1rrafos\" class=\"ue-c-article__paragraph paragraph xai-icon-container\"><strong>Pantani o Contador:<\/strong> Pantani.<\/p>\n<p data-mrf-recirculation=\"Links P\u00e1rrafos\" class=\"ue-c-article__paragraph paragraph xai-icon-container\"><strong>Pantani o Pogacar: <\/strong>Pantani.<\/p>\n<p data-mrf-recirculation=\"Links P\u00e1rrafos\" class=\"ue-c-article__paragraph paragraph xai-icon-container\"><strong>Pantani o Merckx: <\/strong>Pantani.<\/p>\n","protected":false},"excerpt":{"rendered":"Se le adivina la calma de quien ya no discute con lo que fue. No exagera la ca\u00edda&hellip;\n","protected":false},"author":2,"featured_media":331199,"comment_status":"","ping_status":"","sticky":false,"template":"","format":"standard","meta":{"footnotes":""},"categories":[273],"tags":[313,312,168,25,24,23,167],"class_list":{"0":"post-331198","1":"post","2":"type-post","3":"status-publish","4":"format-standard","5":"has-post-thumbnail","7":"category-ciclismo","8":"tag-ciclismo","9":"tag-cycling","10":"tag-deportes","11":"tag-es","12":"tag-espana","13":"tag-spain","14":"tag-sports"},"share_on_mastodon":{"url":"https:\/\/pubeurope.com\/@es\/115864704312686157","error":""},"_links":{"self":[{"href":"https:\/\/www.europesays.com\/es\/wp-json\/wp\/v2\/posts\/331198","targetHints":{"allow":["GET"]}}],"collection":[{"href":"https:\/\/www.europesays.com\/es\/wp-json\/wp\/v2\/posts"}],"about":[{"href":"https:\/\/www.europesays.com\/es\/wp-json\/wp\/v2\/types\/post"}],"author":[{"embeddable":true,"href":"https:\/\/www.europesays.com\/es\/wp-json\/wp\/v2\/users\/2"}],"replies":[{"embeddable":true,"href":"https:\/\/www.europesays.com\/es\/wp-json\/wp\/v2\/comments?post=331198"}],"version-history":[{"count":0,"href":"https:\/\/www.europesays.com\/es\/wp-json\/wp\/v2\/posts\/331198\/revisions"}],"wp:featuredmedia":[{"embeddable":true,"href":"https:\/\/www.europesays.com\/es\/wp-json\/wp\/v2\/media\/331199"}],"wp:attachment":[{"href":"https:\/\/www.europesays.com\/es\/wp-json\/wp\/v2\/media?parent=331198"}],"wp:term":[{"taxonomy":"category","embeddable":true,"href":"https:\/\/www.europesays.com\/es\/wp-json\/wp\/v2\/categories?post=331198"},{"taxonomy":"post_tag","embeddable":true,"href":"https:\/\/www.europesays.com\/es\/wp-json\/wp\/v2\/tags?post=331198"}],"curies":[{"name":"wp","href":"https:\/\/api.w.org\/{rel}","templated":true}]}}