{"id":331236,"date":"2026-01-09T11:03:12","date_gmt":"2026-01-09T11:03:12","guid":{"rendered":"https:\/\/www.europesays.com\/es\/331236\/"},"modified":"2026-01-09T11:03:12","modified_gmt":"2026-01-09T11:03:12","slug":"un-juicio-casi-seguro-y-una-letania-que-destroza-la-vida","status":"publish","type":"post","link":"https:\/\/www.europesays.com\/es\/331236\/","title":{"rendered":"un juicio casi seguro y una letan\u00eda que \u00abdestroza la vida\u00bb"},"content":{"rendered":"<p>Hoy se cumple un a\u00f1o desde que Anabel Pantoja pas\u00f3 por uno de los peores momentos de su vida. El 9 de enero de 2025, su hija de menos de dos meses en aquel momento, fruto de su relaci\u00f3n con David Rodr\u00edguez, ingres\u00f3 en la Unidad de Medicina Intensiva del hospital de Gran Canaria. Comenz\u00f3 entonces una pesadilla para los padres y sus seres queridos, que no dudaron en desplazarse hasta el archipi\u00e9lago para apoyarles. Incluso Isabel y Agust\u00edn Pantoja rompieron su habitual hermetismo para estar con su sobrina, un movimiento urgente que llev\u00f3 a parte de la opini\u00f3n p\u00fablica a temerse lo peor. Casi tres semanas despu\u00e9s, <b>por fortuna, el calvario lleg\u00f3 a su fin y la peque\u00f1a pudo volver a su casa<\/b>.<\/p>\n<p>Sin embargo, un nuevo y complicado frente para Anabel y David acechaba en la sombra. Solo dos d\u00edas despu\u00e9s de que su hija recibiera el alta, el 30 de enero, se conoci\u00f3 que estaban siendo investigados en el Juzgado de Instrucci\u00f3n n\u00famero 3 de Las Palmas de Gran Canaria por las lesiones que sufri\u00f3 su beb\u00e9 y que la llevaron a la UCI. El mismo tribunal inco\u00f3 diligencias previas contra la pareja por <b>un supuesto delito de maltrato infantil<\/b> a fin de aclarar la naturaleza de las heridas de la menor y si fueron causadas o no por alguno de sus progenitores.<\/p>\n<p>Un desagradable proceso judicial en el que ning\u00fan padre querr\u00eda verse envuelto, sobre todo si entra en juego la proyecci\u00f3n p\u00fablica de Anabel Pantoja, que se enfrent\u00f3 a titulares y comentarios que cuestionaban su comportamiento con su hija y <b>les condenaban incluso antes que el propio tribunal<\/b>. Casi un a\u00f1o despu\u00e9s, y pese a las informaciones que apuntaban a un posible archivo de la causa, la investigaci\u00f3n sigue su curso, y para desgracia de sus principales protagonistas, no parece que vaya a resolverse pronto.<\/p>\n<p>Un juicio casi seguro<\/p>\n<p>As\u00ed lo arroja a LA RAZ\u00d3N Jes\u00fas Alexis Bethencourt, abogado canario y presidente de \u00c1ngeles Custodio, una plataforma que persigue la explotaci\u00f3n infantil y de la adolescencia en las redes. Seg\u00fan el letrado, la investigaci\u00f3n terminar\u00e1 en una acusaci\u00f3n formal contra ellos, quienes deber\u00e1n defender su inocencia ante un tribunal. \u00abEl caso est\u00e1 abierto y <b>estoy un 99,9% seguro de que la Fiscal\u00eda les va a acusar<\/b> por los siguientes motivos. Uno son los informes que pesan contra Anabel y su pareja por un presunto maltrato infantil, elaborados por el Hospital Insular Materno-Infantil de Gran Canaria, corroborados por la cl\u00ednica m\u00e9dico-forense de Las Palmas de Gran Canaria. Son motivos suficientes para que el fiscal no pueda solicitar el archivo. De lo contrario, estar\u00eda prevaricando\u00bb.<\/p>\n<p>Sobre los informes m\u00e9dicos adicionales que la pareja habr\u00eda solicitado por su cuenta \u00abpara contrarrestar los que en su d\u00eda emiti\u00f3 el hospital\u00bb, Bethencourt expone que, de cara a un proceso judicial, no gozar\u00e1n de la misma credibilidad como prueba que los firmados por una instituci\u00f3n del Estado: \u00ab<b>En fase de juicio, es muy dif\u00edcil que le den credibilidad, porque la credibilidad la tiene el sistema sanitario p\u00fablico, no el sistema privado<\/b>. Eso solo se admite en la jurisdicci\u00f3n sociolaboral, pero en la penal, ni de broma\u00bb.<\/p>\n<blockquote class=\"blockquote\">\n<p class=\"blockquote__quote\">\u00abTanto si son culpables o inocentes, esta letan\u00eda judicial destroza la vida\u00bb<\/p>\n<\/blockquote>\n<p>Bethencourt se muestra seguro de que Anabel Pantoja y David Rodr\u00edguez deber\u00e1n responder ante la Justicia, aunque augura que no ser\u00e1 pronto: \u00abVa a haber juicio, con toda seguridad, pero no creo que sea este a\u00f1o. Seguramente se demore hasta 2027\u00bb. Una dilaci\u00f3n temporal que no hace m\u00e1s que alargar \u00abde forma innecesaria\u00bb la inquietud de los padres de la ni\u00f1a, no por temor a ser condenados \u2013ellos est\u00e1n seguros de su inocencia y no contemplan otro escenario\u2013, sino por la impotencia que les genera no poder cerrar de una vez por todas uno de los cap\u00edtulos m\u00e1s dolorosos de su vida. \u00abTanto si son culpables o inocentes, y yo, por supuesto, respeto su presunci\u00f3n de inocencia, <b>esta letan\u00eda procesal destroza la vida<\/b>\u00bb, insiste el abogado.<\/p>\n<p>Una de las pocas lecturas que se pueden hacer un a\u00f1o despu\u00e9s es que <b>Anabel Pantoja y David Rodr\u00edguez han logrado mantenerse unidos<\/b>, acallando a todos aquellos que vaticinaban que aquel mal sue\u00f1o se convertir\u00eda en la tumba de su relaci\u00f3n.<\/p>\n","protected":false},"excerpt":{"rendered":"Hoy se cumple un a\u00f1o desde que Anabel Pantoja pas\u00f3 por uno de los peores momentos de su&hellip;\n","protected":false},"author":2,"featured_media":331237,"comment_status":"","ping_status":"","sticky":false,"template":"","format":"standard","meta":{"footnotes":""},"categories":[174],"tags":[255,146,147,25,24,256,23],"class_list":{"0":"post-331236","1":"post","2":"type-post","3":"status-publish","4":"format-standard","5":"has-post-thumbnail","7":"category-famosos","8":"tag-celebrities","9":"tag-entertainment","10":"tag-entretenimiento","11":"tag-es","12":"tag-espana","13":"tag-famosos","14":"tag-spain"},"share_on_mastodon":{"url":"https:\/\/pubeurope.com\/@es\/115864810433638380","error":""},"_links":{"self":[{"href":"https:\/\/www.europesays.com\/es\/wp-json\/wp\/v2\/posts\/331236","targetHints":{"allow":["GET"]}}],"collection":[{"href":"https:\/\/www.europesays.com\/es\/wp-json\/wp\/v2\/posts"}],"about":[{"href":"https:\/\/www.europesays.com\/es\/wp-json\/wp\/v2\/types\/post"}],"author":[{"embeddable":true,"href":"https:\/\/www.europesays.com\/es\/wp-json\/wp\/v2\/users\/2"}],"replies":[{"embeddable":true,"href":"https:\/\/www.europesays.com\/es\/wp-json\/wp\/v2\/comments?post=331236"}],"version-history":[{"count":0,"href":"https:\/\/www.europesays.com\/es\/wp-json\/wp\/v2\/posts\/331236\/revisions"}],"wp:featuredmedia":[{"embeddable":true,"href":"https:\/\/www.europesays.com\/es\/wp-json\/wp\/v2\/media\/331237"}],"wp:attachment":[{"href":"https:\/\/www.europesays.com\/es\/wp-json\/wp\/v2\/media?parent=331236"}],"wp:term":[{"taxonomy":"category","embeddable":true,"href":"https:\/\/www.europesays.com\/es\/wp-json\/wp\/v2\/categories?post=331236"},{"taxonomy":"post_tag","embeddable":true,"href":"https:\/\/www.europesays.com\/es\/wp-json\/wp\/v2\/tags?post=331236"}],"curies":[{"name":"wp","href":"https:\/\/api.w.org\/{rel}","templated":true}]}}