{"id":331251,"date":"2026-01-09T11:15:10","date_gmt":"2026-01-09T11:15:10","guid":{"rendered":"https:\/\/www.europesays.com\/es\/331251\/"},"modified":"2026-01-09T11:15:10","modified_gmt":"2026-01-09T11:15:10","slug":"1092-plazas-para-los-viajes-de-mayores-de-fuenlabrada-09-01-2026","status":"publish","type":"post","link":"https:\/\/www.europesays.com\/es\/331251\/","title":{"rendered":"1092 plazas para los viajes de mayores de Fuenlabrada 09-01-2026"},"content":{"rendered":"\n<p><strong>Los socios y socias de los centros de mayores pueden elegir entre distintos destinos, fechas y duraci\u00f3n<\/strong><\/p>\n<p>El Ayuntamiento de Fuenlabrada retoma los viajes para mayores a partir del pr\u00f3ximo mes de febrero. Hasta octubre de 2026 ofrece m\u00e1s de 1.000 plazas para personas mayores que podr\u00e1n realizar viajes a otras ciudades y municipios de Espa\u00f1a y Europa.<\/p>\n<p>El primero de ellos tendr\u00e1 lugar del 7 al 11 de febrero. Se trata de un viaje de 5 d\u00edas a Roma, en el que est\u00e1n incluidas las visitas a la Bas\u00edlica de San Pedro, la Capilla Sixtina, el Foro Romano o el Coliseo, entre otros.<\/p>\n<p>La oferta se completa con tres viajes de 7 d\u00edas a Granada, Gerona y Vigo; un viaje de 4 d\u00edas a La Rioja y uno de dos d\u00edas a Palencia. Adem\u00e1s est\u00e1n programadas 4 excursiones de un d\u00eda a Buitrago de Lozoya, La Adrada, Buruj\u00f3n y Puebla de Montalb\u00e1n, y Rascafr\u00eda.<\/p>\n<p>El objetivo, seg\u00fan apunta la concejala de Mayores Ana Mar\u00eda P\u00e9rez es \u201cque conozcan distintos puntos de la geograf\u00eda espa\u00f1ola y del extranjero, y a la vez, se relacionen y disfruten de la compa\u00f1\u00eda de otros mayores participando en actividades\u201d.<\/p>\n<p>El ayuntamiento de Fuenlabrada subvenciona con 100 euros cada viaje de larga estancia, con 40 euros los de cuatro y dos d\u00edas, y con 30 euros las excursiones de una sola jornada.<\/p>\n<p>Los requisitos para acceder a estos programas vacacionales que organiza el Ayuntamiento todos los a\u00f1os son residir en Fuenlabrada y ser socio de alguno de los centros de mayores.<\/p>\n<p>Las personas interesadas pueden informase e inscribirse en los tres centros de mayores: Loranca, Ram\u00f3n Rubial y Ferrer i Guardia. Este a\u00f1o, como novedad, la Concejal\u00eda de Mayores ha editado un libro vacacional donde encontrar\u00e1n toda la informaci\u00f3n sobre estos viajes. Es gratuito y est\u00e1 disponible en cualquiera de los tres centros. Tambi\u00e9n puede <a href=\"https:\/\/www.ayto-fuenlabrada.es\/documents\/36561\/141214\/Viajes+Mayores+2026.pdf\/1ae67db1-edbc-e3d7-e35e-fcd1d9ca7d1b?t=1767946731789\" target=\"_blank\" title=\"Descarga pdf en ventana nueva\" rel=\"nofollow noopener\">descargarse en formato pdf aqu\u00ed<\/a>.<\/p>\n<p>987 mayores tomaron parte en alguno de los viajes organizados por el ayuntamiento en 2025.<\/p>\n","protected":false},"excerpt":{"rendered":"Los socios y socias de los centros de mayores pueden elegir entre distintos destinos, fechas y duraci\u00f3n El&hellip;\n","protected":false},"author":2,"featured_media":331252,"comment_status":"","ping_status":"","sticky":false,"template":"","format":"standard","meta":{"footnotes":""},"categories":[8],"tags":[17,18,25,24,13,14,11,19,20,9,10,15,16,23,12,21,22],"class_list":{"0":"post-331251","1":"post","2":"type-post","3":"status-publish","4":"format-standard","5":"has-post-thumbnail","7":"category-espana","8":"tag-breaking-news","9":"tag-breakingnews","10":"tag-es","11":"tag-espana","12":"tag-featured-news","13":"tag-featurednews","14":"tag-headlines","15":"tag-latest-news","16":"tag-latestnews","17":"tag-news","18":"tag-noticias","19":"tag-noticias-destacadas","20":"tag-noticiasdestacadas","21":"tag-spain","22":"tag-titulares","23":"tag-ultimas-noticias","24":"tag-ultimasnoticias"},"share_on_mastodon":{"url":"https:\/\/pubeurope.com\/@es\/115864857748542565","error":""},"_links":{"self":[{"href":"https:\/\/www.europesays.com\/es\/wp-json\/wp\/v2\/posts\/331251","targetHints":{"allow":["GET"]}}],"collection":[{"href":"https:\/\/www.europesays.com\/es\/wp-json\/wp\/v2\/posts"}],"about":[{"href":"https:\/\/www.europesays.com\/es\/wp-json\/wp\/v2\/types\/post"}],"author":[{"embeddable":true,"href":"https:\/\/www.europesays.com\/es\/wp-json\/wp\/v2\/users\/2"}],"replies":[{"embeddable":true,"href":"https:\/\/www.europesays.com\/es\/wp-json\/wp\/v2\/comments?post=331251"}],"version-history":[{"count":0,"href":"https:\/\/www.europesays.com\/es\/wp-json\/wp\/v2\/posts\/331251\/revisions"}],"wp:featuredmedia":[{"embeddable":true,"href":"https:\/\/www.europesays.com\/es\/wp-json\/wp\/v2\/media\/331252"}],"wp:attachment":[{"href":"https:\/\/www.europesays.com\/es\/wp-json\/wp\/v2\/media?parent=331251"}],"wp:term":[{"taxonomy":"category","embeddable":true,"href":"https:\/\/www.europesays.com\/es\/wp-json\/wp\/v2\/categories?post=331251"},{"taxonomy":"post_tag","embeddable":true,"href":"https:\/\/www.europesays.com\/es\/wp-json\/wp\/v2\/tags?post=331251"}],"curies":[{"name":"wp","href":"https:\/\/api.w.org\/{rel}","templated":true}]}}