{"id":331255,"date":"2026-01-09T11:20:12","date_gmt":"2026-01-09T11:20:12","guid":{"rendered":"https:\/\/www.europesays.com\/es\/331255\/"},"modified":"2026-01-09T11:20:12","modified_gmt":"2026-01-09T11:20:12","slug":"tomas-restrepo-el-manizalita-de-17-anos-que-gano-el-junior-orange-bowl-de-golf-en-estados-unidos","status":"publish","type":"post","link":"https:\/\/www.europesays.com\/es\/331255\/","title":{"rendered":"Tom\u00e1s Restrepo, el manizalita de 17 a\u00f1os que gan\u00f3 el Junior Orange Bowl de Golf en Estados Unidos"},"content":{"rendered":"<p><b>Tom\u00e1s Restrepo se qued\u00f3 con el t\u00edtulo del Junior Orange Bowl de golf en Estados Unidos<\/b>, importante torneo dentro del calendario internacional en el que han hecho historia varios de los mejores golfistas del mundo, entre ellos Tiger Woods, Sergio Garc\u00eda y Camilo Villegas, \u00faltimo colombiano en conseguir el t\u00edtulo. <\/p>\n<p><b>Restrepo tiene 17 a\u00f1os y ya acumula varias victorias, varias de ellas obtenidas en el 2025<\/b>, como lo fue el torneo del Tour Elite y el t\u00edtulo del Campeonato Mundial Juvenil disputado en Jap\u00f3n.<\/p>\n<p>\u201c<b>Mi pap\u00e1 me llev\u00f3 a jugar golf a los 3 a\u00f1os por primera vez. Antes me gustaba m\u00e1s el f\u00fatbol, pero a los 8 empec\u00e9 a competir y a los 13 me decid\u00ed por el golf. <\/b>Me encant\u00f3, es un deporte en el que luchas contra ti mismo, algo que me motiv\u00f3 mucho\u201d, dijo Tom\u00e1s a W Radio.<\/p>\n<p>El campe\u00f3n mundial juvenil es fiel seguidor de Camilo Villegas, quien en su momento obtuvo algunos de los t\u00edtulos que al d\u00eda de hoy ya tiene Restrepo en su lista de competencias ganadas.<\/p>\n<p>\u201c<b>Es un honor para mi poder marcar el nombre en un trofeo al lado de \u00e9l <\/b>[Camilo]<b>, es el \u00eddolo para muchos colombianos sobre todo para nosotros los juniors que estamos creciendo<\/b>. Todav\u00eda me falta muchas cosas, pero ojal\u00e1 alg\u00fan d\u00eda poder repetir sus pasos y por qu\u00e9 no, superarlos\u201d, expres\u00f3.<\/p>\n<p>Se debe destacar que en el Junior Orange Bowl tambi\u00e9n se hicieron presentes los colombianos <b>Samuel Gonz\u00e1lez, Emilio V\u00e9lez y Cristina \u00c1lvarez<\/b>, quienes completaron la representaci\u00f3n del pa\u00eds.<\/p>\n<p>Entre las figuras internacionales que compitieron con Tom\u00e1s se destacaron los nombres de Charlie Woods, hijo de Tiger Woods y tambi\u00e9n el de Cameron Kuchar, hijo del tambi\u00e9n estadounidense Matt Kuchar. <\/p>\n<p>La pr\u00f3xima competencia del colombiano Restrepo ser\u00e1 el <b>Latin America Amateur Championship <\/b>(LAAC), disputa que se llevar\u00e1 a cabo en el Lima Golf Club de la capital peruana.<\/p>\n<p>Play\/Pause<\/p>\n<p class=\"tit\">Tom\u00e1s Restrepo, el manizalita de 17 a\u00f1os que gan\u00f3 el Junior Orange Bowl de Golf en Estados Unidos<\/p>\n<p class=\"tim\">06:20<\/p>\n<p>Mostrar OpcionesCerrar<\/p>\n<p>Compartir<\/p>\n<ul>\n<li>Facebook<\/li>\n<li>Twitter<\/li>\n<li>Linkedin<\/li>\n<li>Whatsapp<\/li>\n<li>Embeber<\/li>\n<\/ul>\n<p>El c\u00f3digo iframe se ha copiado en el portapapeles<\/p>\n","protected":false},"excerpt":{"rendered":"Tom\u00e1s Restrepo se qued\u00f3 con el t\u00edtulo del Junior Orange Bowl de golf en Estados Unidos, importante torneo&hellip;\n","protected":false},"author":2,"featured_media":331256,"comment_status":"","ping_status":"","sticky":false,"template":"","format":"standard","meta":{"footnotes":""},"categories":[275],"tags":[168,25,24,329,23,167],"class_list":{"0":"post-331255","1":"post","2":"type-post","3":"status-publish","4":"format-standard","5":"has-post-thumbnail","7":"category-golf","8":"tag-deportes","9":"tag-es","10":"tag-espana","11":"tag-golf","12":"tag-spain","13":"tag-sports"},"share_on_mastodon":{"url":"https:\/\/pubeurope.com\/@es\/115864877373221098","error":""},"_links":{"self":[{"href":"https:\/\/www.europesays.com\/es\/wp-json\/wp\/v2\/posts\/331255","targetHints":{"allow":["GET"]}}],"collection":[{"href":"https:\/\/www.europesays.com\/es\/wp-json\/wp\/v2\/posts"}],"about":[{"href":"https:\/\/www.europesays.com\/es\/wp-json\/wp\/v2\/types\/post"}],"author":[{"embeddable":true,"href":"https:\/\/www.europesays.com\/es\/wp-json\/wp\/v2\/users\/2"}],"replies":[{"embeddable":true,"href":"https:\/\/www.europesays.com\/es\/wp-json\/wp\/v2\/comments?post=331255"}],"version-history":[{"count":0,"href":"https:\/\/www.europesays.com\/es\/wp-json\/wp\/v2\/posts\/331255\/revisions"}],"wp:featuredmedia":[{"embeddable":true,"href":"https:\/\/www.europesays.com\/es\/wp-json\/wp\/v2\/media\/331256"}],"wp:attachment":[{"href":"https:\/\/www.europesays.com\/es\/wp-json\/wp\/v2\/media?parent=331255"}],"wp:term":[{"taxonomy":"category","embeddable":true,"href":"https:\/\/www.europesays.com\/es\/wp-json\/wp\/v2\/categories?post=331255"},{"taxonomy":"post_tag","embeddable":true,"href":"https:\/\/www.europesays.com\/es\/wp-json\/wp\/v2\/tags?post=331255"}],"curies":[{"name":"wp","href":"https:\/\/api.w.org\/{rel}","templated":true}]}}