{"id":331293,"date":"2026-01-09T11:47:08","date_gmt":"2026-01-09T11:47:08","guid":{"rendered":"https:\/\/www.europesays.com\/es\/331293\/"},"modified":"2026-01-09T11:47:08","modified_gmt":"2026-01-09T11:47:08","slug":"el-pivot-madridista-walter-tavares-vuelve-a-hacer-historia-en-la-euroliga","status":"publish","type":"post","link":"https:\/\/www.europesays.com\/es\/331293\/","title":{"rendered":"El p\u00edvot madridista Walter Tavares vuelve a hacer historia en la Euroliga"},"content":{"rendered":"<p data-gtm-element-container=\"modulo-texto-link\" class=\"paragraph\"><strong>Walter Tavares<\/strong>, p\u00edvot caboverdiano del<strong> Real Madrid<\/strong>, dos veces campe\u00f3n de la Euroliga con el conjunto madridista (2018 y 2023) y que ya es el m\u00e1ximo taponador hist\u00f3rico de la competici\u00f3n, sum\u00f3 otro hito en su carrera tras <strong>ascender al primer puesto en la lista de reboteadores de todos los tiempos en la Euroliga.<\/strong><\/p>\n<p data-gtm-element-container=\"modulo-texto-link\" class=\"paragraph\">Tavares, de 33 a\u00f1os y 2,20 metros, consigui\u00f3 capturar 11 rebotes ante el Maccabi Tel Aviv, lo qu<strong>e le permiti\u00f3 alcanzar la cifra de 2.016 rebotes<\/strong>, superando el total de carrera de <strong>2.010 de Paulius Jankunas,<\/strong> que ahora ocupa el segundo lugar.<\/p>\n<p data-gtm-element-container=\"modulo-texto-link\" class=\"paragraph\">Los siguientes en la lista son dos jugadores a\u00fan en activo: el p\u00edvot estadounidense del Armani Mil\u00e1n, <strong>Kyle Hynes<\/strong>, con <strong>1.855 rebotes<\/strong>, y el azulgrana <strong>Jan Vesely<\/strong>, que con <strong>1.838 <\/strong>a\u00fan aspira a finalizar la temporada meti\u00e9ndose en el podio de m\u00e1ximos reboteadores hist\u00f3ricos de la Euroliga.<\/p>\n<p data-gtm-element-container=\"modulo-texto-link\" class=\"paragraph\">Otro madridista, en este caso ya ex, como <strong>Felipe Reyes<\/strong> completa el TOP5 con sus <strong>1.799 rechaces.\u00a0<\/strong><\/p>\n<p>M\u00e1ximos reboteadores Euroliga<\/p>\n<p class=\"module-text\">1. Walter Tavares &#8211; 2.016 rebotes<br \/>2. Paulius Jankunas &#8211; 2.010 rebotes<br \/>3. Kyle Hines &#8211; 1.855 rebotes<br \/>4. Jan Vesely &#8211; 1.838 rebotes<br \/>5. Felipe Reyes\t1.799\u00a0rebotes<\/p>\n<p data-gtm-element-container=\"modulo-texto-link\" class=\"paragraph\">Tavares, que milita en las filas del Real Madrid desde la temporada 2017\/18,<strong> logr\u00f3 el rebote r\u00e9cord (su sexto del partido) en el tercer cuarto<\/strong> y termin\u00f3, adem\u00e1s, con nueve puntos y un tap\u00f3n en 27 minutos de juego.<\/p>\n<p data-gtm-element-container=\"modulo-texto-link\" class=\"paragraph\">\u00abCreo que si no hubiera estado aqu\u00ed tanto tiempo, 8 o 9 a\u00f1os, no habr\u00eda sido posible. \u00a1He visto c\u00f3mo Felipe ha estado todos estos a\u00f1os cogiendo rebotes! Es incre\u00edble lograr esto en solo nueve a\u00f1os. Intentar\u00e9 mantener el ritmo y dar lo mejor de m\u00ed hasta que me retire\u00bb, public\u00f3 Tavares en sus redes sociales tras lograr el r\u00e9cord.<\/p>\n","protected":false},"excerpt":{"rendered":"Walter Tavares, p\u00edvot caboverdiano del Real Madrid, dos veces campe\u00f3n de la Euroliga con el conjunto madridista (2018&hellip;\n","protected":false},"author":2,"featured_media":331294,"comment_status":"","ping_status":"","sticky":false,"template":"","format":"standard","meta":{"footnotes":""},"categories":[269],"tags":[299,298,168,25,24,23,167],"class_list":{"0":"post-331293","1":"post","2":"type-post","3":"status-publish","4":"format-standard","5":"has-post-thumbnail","7":"category-baloncesto","8":"tag-baloncesto","9":"tag-basketball","10":"tag-deportes","11":"tag-es","12":"tag-espana","13":"tag-spain","14":"tag-sports"},"share_on_mastodon":{"url":"https:\/\/pubeurope.com\/@es\/115864983557095998","error":""},"_links":{"self":[{"href":"https:\/\/www.europesays.com\/es\/wp-json\/wp\/v2\/posts\/331293","targetHints":{"allow":["GET"]}}],"collection":[{"href":"https:\/\/www.europesays.com\/es\/wp-json\/wp\/v2\/posts"}],"about":[{"href":"https:\/\/www.europesays.com\/es\/wp-json\/wp\/v2\/types\/post"}],"author":[{"embeddable":true,"href":"https:\/\/www.europesays.com\/es\/wp-json\/wp\/v2\/users\/2"}],"replies":[{"embeddable":true,"href":"https:\/\/www.europesays.com\/es\/wp-json\/wp\/v2\/comments?post=331293"}],"version-history":[{"count":0,"href":"https:\/\/www.europesays.com\/es\/wp-json\/wp\/v2\/posts\/331293\/revisions"}],"wp:featuredmedia":[{"embeddable":true,"href":"https:\/\/www.europesays.com\/es\/wp-json\/wp\/v2\/media\/331294"}],"wp:attachment":[{"href":"https:\/\/www.europesays.com\/es\/wp-json\/wp\/v2\/media?parent=331293"}],"wp:term":[{"taxonomy":"category","embeddable":true,"href":"https:\/\/www.europesays.com\/es\/wp-json\/wp\/v2\/categories?post=331293"},{"taxonomy":"post_tag","embeddable":true,"href":"https:\/\/www.europesays.com\/es\/wp-json\/wp\/v2\/tags?post=331293"}],"curies":[{"name":"wp","href":"https:\/\/api.w.org\/{rel}","templated":true}]}}