{"id":331300,"date":"2026-01-09T11:54:11","date_gmt":"2026-01-09T11:54:11","guid":{"rendered":"https:\/\/www.europesays.com\/es\/331300\/"},"modified":"2026-01-09T11:54:11","modified_gmt":"2026-01-09T11:54:11","slug":"neymar-se-compra-el-batmovil-de-el-caballero-oscuro-por-13-millones-de-euros-pero-no-lo-puede-conducir","status":"publish","type":"post","link":"https:\/\/www.europesays.com\/es\/331300\/","title":{"rendered":"Neymar se compra el Batm\u00f3vil de \u2018El Caballero Oscuro\u2019 por 1,3 millones de euros pero no lo puede conducir"},"content":{"rendered":"<p class=\"\"><b>Neymar Jr.<\/b>, el famoso <a href=\"https:\/\/as.com\/meristation\/noticias\/ni-santos-ni-barcelona-ni-tampoco-psg-este-es-el-sitio-donde-mas-tiempo-oficial-ha-invertido-neymar-jugando-n\/\" target=\"_blank\" rel=\"noreferrer nofollow noopener\" title=\"https:\/\/as.com\/meristation\/noticias\/ni-santos-ni-barcelona-ni-tampoco-psg-este-es-el-sitio-donde-mas-tiempo-oficial-ha-invertido-neymar-jugando-n\/\">futbolista brasile\u00f1o<\/a> que milit\u00f3 en las filas del <b>FC Barcelona<\/b> y el <b>PSG<\/b> y que actualmente juega en el <b>Santos FC<\/b> de <a href=\"https:\/\/as.com\/meristation\/noticias\/kaka-y-neymar-protagonistas-de-la-kings-league-bazil-n\/\" target=\"_blank\" rel=\"noreferrer nofollow noopener\" title=\"https:\/\/as.com\/meristation\/noticias\/kaka-y-neymar-protagonistas-de-la-kings-league-bazil-n\/\">Brasil<\/a>, se ha declarado siempre un <a href=\"https:\/\/as.com\/meristation\/2022\/10\/11\/noticias\/1665471499_352321.html\" target=\"_blank\" rel=\"noreferrer nofollow noopener\" title=\"https:\/\/as.com\/meristation\/2022\/10\/11\/noticias\/1665471499_352321.html\">gran fan<\/a> de los coches y de los superh\u00e9roes. \u00bfY qu\u00e9 personaje de los c\u00f3mics es conocido por conducir coches \u00fanicos, potentes y armados hasta los dientes? <b>Batman<\/b>. Pues bien, Neymar Jr. ya tiene en su colecci\u00f3n nada m\u00e1s y nada menos que el <b>Batm\u00f3vil de la trilog\u00eda de \u2018El Caballero Oscuro\u2019<\/b> de <a href=\"https:\/\/as.com\/meristation\/cine\/la-ingeniosa-escena-de-el-caballero-oscuro-que-revela-un-detalle-escalofriante-entre-batman-y-joker-f202510-n\/\" target=\"_blank\" rel=\"noreferrer nofollow noopener\" title=\"https:\/\/as.com\/meristation\/cine\/la-ingeniosa-escena-de-el-caballero-oscuro-que-revela-un-detalle-escalofriante-entre-batman-y-joker-f202510-n\/\">Christopher Nolan<\/a>, el imponente y pesado <b>Tumbler<\/b>, una r\u00e9plica exacta y funcional del veh\u00edculo que conduc\u00eda <b>Christian Bale <\/b>que le ha costado <b>1,3 millones de euros<\/b>.<\/p>\n<p><b>El Batm\u00f3vil m\u00e1s espectacular del cine<\/b><\/p>\n<p class=\"\">Tanto es as\u00ed, que el futbolista brasile\u00f1o, conocido por tener una envidiable colecci\u00f3n de coches y superdeportivos, ha <a href=\"https:\/\/x.com\/DiscussingFilm\/status\/2009373101734199697\" target=\"_blank\" rel=\"noreferrer nofollow\" title=\"https:\/\/x.com\/DiscussingFilm\/status\/2009373101734199697\">mostrado<\/a> su nueva adquisici\u00f3n junto a su jet privado y su helic\u00f3ptero, todos ellos <b>pintados en negro con motivos de Batman<\/b>, junto al propio Batm\u00f3vil Tumbler, dando lugar a una estampa m\u00e1s que llamativa. Y es que Neymar Jr. se ha hecho con una de las <b>r\u00e9plicas del ic\u00f3nico Batm\u00f3vil de la trilog\u00eda de Batman a cargo de Nolan<\/b> por la nada despreciable cifra de 1,3 millones de euros.<\/p>\n<blockquote class=\"twitter-tweet\">\n<p lang=\"en\" dir=\"ltr\">Neymar has bought a custom-built Tumbler Batmobile from \u2018THE DARK KNIGHT\u2019 trilogy<\/p>\n<p>The car is fully functional but not street legal. <a href=\"https:\/\/t.co\/VWiAFxhdui\" rel=\"nofollow\">pic.twitter.com\/VWiAFxhdui<\/a><\/p>\n<p>\u2014 DiscussingFilm (@DiscussingFilm) <a href=\"https:\/\/twitter.com\/DiscussingFilm\/status\/2009373101734199697?ref_src=twsrc%5Etfw\" rel=\"nofollow noopener\" target=\"_blank\">January 8, 2026<\/a><\/p><\/blockquote>\n<p class=\"\">Lo m\u00e1s probable es que se trata de una de las <a href=\"https:\/\/as.com\/meristation\/cine\/ponen-a-la-venta-batmovil-de-el-caballero-oscuro-y-es-tan-potente-como-un-ferrari-pero-pasar-la-itv-sera-un-problema-n\/\" target=\"_blank\" rel=\"noreferrer nofollow noopener\" title=\"https:\/\/as.com\/meristation\/cine\/ponen-a-la-venta-batmovil-de-el-caballero-oscuro-y-es-tan-potente-como-un-ferrari-pero-pasar-la-itv-sera-un-problema-n\/\">diez unidades<\/a> de dicho Batm\u00f3vil que Warner Bros. fabric\u00f3 para celebrar el 85 aniversario de Batman, una r\u00e9plica exacta del que vimos en las pel\u00edculas protagonizadas por Christian Bale, especialmente en \u2018<b>El Caballero Oscuro<\/b>\u2019, donde protagoniza algunas de las escenas m\u00e1s vibrantes y fren\u00e9ticas del filme. No en vano, se trata de un enorme <b>veh\u00edculo acorazado de 4,65 metros de largo y 2,8 metros de ancho<\/b>, construido sobre un chasis tubular con carrocer\u00eda de fibra de carbono y kevlar.<\/p>\n<p class=\"\">Todo un <b>veh\u00edculo militar dise\u00f1ado para combatir el crimen en Gotham<\/b> a los mandos del mism\u00edsimo Batman. Adem\u00e1s, incorpora un potente <b>motor V8 con una cilindrada de 6.2 litros y 525 caballos de potencia<\/b>. Una aut\u00e9ntica bestia sobre ruedas que incluso se permite el lujo de equipar algunos de los gadgets vistos en el filme, puesto que tiene flaps m\u00f3viles, ametralladoras \u2013por suerte, de atrezo\u2013 , la posibilidad de lanzar bombas de humo y un <b>sistema que imita el motor de reacci\u00f3n visto en el cine, llamaradas incluidas<\/b>. Eso s\u00ed, este coche en particular <b>no est\u00e1 homologado para circular por carretera abierta<\/b>, por lo que tendr\u00e1 que quedarse en su garaje a modo de exposici\u00f3n.<\/p>\n<p><img decoding=\"async\" src=\"https:\/\/www.europesays.com\/es\/wp-content\/uploads\/2026\/01\/S4EWJEOVZRA25JDY4IALCADUXM.jpg\" alt=\"Neymar se compra el Batm\u00f3vil de \u2018El Caballero Oscuro\u2019 por 1,3 millones de euros pero no lo puede conducir\" height=\"720\" width=\"1280\"   loading=\"lazy\"\/><\/p>\n<p class=\"\">Desde luego, ahora Neymar Jr. puede sentirse m\u00e1s Batman que nunca gracias a esta nueva adquisici\u00f3n para un garaje en el que ya tiene varios veh\u00edculos de ensue\u00f1o como un <b>Ferrari Purosangue<\/b>, un <b>Lamborghini Huracan<\/b>, un <b>Aston Martin DBX<\/b> o un <b>Bentley Continental GT<\/b>, entre otros superdeportivos. Recordemos que el futbolista brasile\u00f1o es un gran fan del Hombre Murci\u00e9lago, luciendo su figura junto a Spider-Man como parte de uno de sus muchos tatuajes e incluso acudiendo al estreno de \u2018<b>The Batman<\/b>\u2019 en 2022 junto a <b>Robert Pattinson<\/b>, donde tuvo la oportunidad de subirse a su potente Batm\u00f3vil tipo <a href=\"https:\/\/as.com\/meristation\/2020\/06\/01\/noticias\/1591024190_938968.html\" target=\"_blank\" rel=\"noreferrer nofollow noopener\" title=\"https:\/\/as.com\/meristation\/2020\/06\/01\/noticias\/1591024190_938968.html\">muscle car<\/a>; \u00bfse lo terminar\u00e1 comprando tambi\u00e9n?<\/p>\n<p class=\"\">Aquellos que quieran ver el <b>Batm\u00f3vil Tumbler<\/b> en acci\u00f3n pueden hacerlo con \u2018<b>El Caballero Oscuro<\/b>\u2019, pel\u00edcula disponible en <b>Espa\u00f1a<\/b> a trav\u00e9s de plataformas como <a href=\"https:\/\/www.hbomax.com\/es\/es\/movies\/el-caballero-oscuro\/52217243-a137-45d6-9c6a-0dfab4633034\" target=\"_blank\" rel=\"noreferrer nofollow noopener\" title=\"https:\/\/www.hbomax.com\/es\/es\/movies\/el-caballero-oscuro\/52217243-a137-45d6-9c6a-0dfab4633034\">HBO Max<\/a>, <a href=\"https:\/\/tv.apple.com\/es\/movie\/el-caballero-oscuro\/umc.cmc.1uf4c3neuc9yxhnjv7t4rd5wa\" target=\"_blank\" rel=\"noreferrer nofollow noopener\" title=\"https:\/\/tv.apple.com\/es\/movie\/el-caballero-oscuro\/umc.cmc.1uf4c3neuc9yxhnjv7t4rd5wa\">Apple TV+<\/a>, <a href=\"https:\/\/www.primevideo.com\/-\/es\/detail\/Batman-El-Caballero-de-la-Noche\/0JKQMPWCE3RTK5TFZCSIC3H7XO\" target=\"_blank\" rel=\"noreferrer nofollow noopener\" title=\"https:\/\/www.primevideo.com\/-\/es\/detail\/Batman-El-Caballero-de-la-Noche\/0JKQMPWCE3RTK5TFZCSIC3H7XO\">Prime Video<\/a> (compra o alquiler), <a href=\"https:\/\/www.netflix.com\/es\/title\/70079583\" target=\"_blank\" rel=\"noreferrer nofollow noopener\" title=\"https:\/\/www.netflix.com\/es\/title\/70079583\">Netflix<\/a> o <a href=\"https:\/\/www.movistarplus.es\/cine\/el-caballero-oscuro\/ficha?tipo=E&amp;id=700173\" target=\"_blank\" rel=\"noreferrer nofollow noopener\" title=\"https:\/\/www.movistarplus.es\/cine\/el-caballero-oscuro\/ficha?tipo=E&amp;id=700173\">Movistar Plus+<\/a>.<\/p>\n<p>Noticias relacionadas<\/p>\n<p class=\"\">Suscr\u00edbete al <a href=\"https:\/\/www.youtube.com\/@meristation\" target=\"_self\" rel=\"nofollow noopener\" title=\"https:\/\/www.youtube.com\/@meristation\">canal de MeriStation en YouTube<\/a>, tu web de videojuegos y entretenimiento para conocer todas las noticias y novedades sobre el mundo del videojuego, cine, series, manga y anime. An\u00e1lisis, entrevistas, tr\u00e1ileres, gameplays, p\u00f3dcast y mucho m\u00e1s. Tambi\u00e9n te animamos a seguir <a href=\"https:\/\/www.tiktok.com\/@meristation\" rel=\"nofollow noopener\" title=\"https:\/\/www.tiktok.com\/@meristation\" target=\"_blank\">nuestra cuenta de TikTok<\/a>. <\/p>\n<p class=\"\">\u00a1S\u00edguenos en ambas y, si est\u00e1s interesado en licenciar este contenido, pincha <a href=\"https:\/\/profesional.elpais.com\/soluciones-sindicacion?utm_medium=interno&amp;utm_source=crosslinking&amp;utm_campaign=sindicacion_as_pie_articulos\" target=\"_blank\" rel=\"nofollow noopener\" title=\"https:\/\/profesional.elpais.com\/soluciones-sindicacion?utm_medium=interno&amp;utm_source=crosslinking&amp;utm_campaign=sindicacion_as_pie_articulos\">aqu\u00ed<\/a>!<\/p>\n<p><script async src=\"https:\/\/platform.twitter.com\/widgets.js\" charset=\"utf-8\"><\/script><script async src=\"\/\/www.tiktok.com\/embed.js\"><\/script><\/p>\n","protected":false},"excerpt":{"rendered":"Neymar Jr., el famoso futbolista brasile\u00f1o que milit\u00f3 en las filas del FC Barcelona y el PSG y&hellip;\n","protected":false},"author":2,"featured_media":331301,"comment_status":"","ping_status":"","sticky":false,"template":"","format":"standard","meta":{"footnotes":""},"categories":[169],"tags":[177,146,147,25,24,176,175,23],"class_list":{"0":"post-331300","1":"post","2":"type-post","3":"status-publish","4":"format-standard","5":"has-post-thumbnail","7":"category-cine","8":"tag-cine","9":"tag-entertainment","10":"tag-entretenimiento","11":"tag-es","12":"tag-espana","13":"tag-film","14":"tag-movies","15":"tag-spain"},"share_on_mastodon":{"url":"https:\/\/pubeurope.com\/@es\/115865011255987734","error":""},"_links":{"self":[{"href":"https:\/\/www.europesays.com\/es\/wp-json\/wp\/v2\/posts\/331300","targetHints":{"allow":["GET"]}}],"collection":[{"href":"https:\/\/www.europesays.com\/es\/wp-json\/wp\/v2\/posts"}],"about":[{"href":"https:\/\/www.europesays.com\/es\/wp-json\/wp\/v2\/types\/post"}],"author":[{"embeddable":true,"href":"https:\/\/www.europesays.com\/es\/wp-json\/wp\/v2\/users\/2"}],"replies":[{"embeddable":true,"href":"https:\/\/www.europesays.com\/es\/wp-json\/wp\/v2\/comments?post=331300"}],"version-history":[{"count":0,"href":"https:\/\/www.europesays.com\/es\/wp-json\/wp\/v2\/posts\/331300\/revisions"}],"wp:featuredmedia":[{"embeddable":true,"href":"https:\/\/www.europesays.com\/es\/wp-json\/wp\/v2\/media\/331301"}],"wp:attachment":[{"href":"https:\/\/www.europesays.com\/es\/wp-json\/wp\/v2\/media?parent=331300"}],"wp:term":[{"taxonomy":"category","embeddable":true,"href":"https:\/\/www.europesays.com\/es\/wp-json\/wp\/v2\/categories?post=331300"},{"taxonomy":"post_tag","embeddable":true,"href":"https:\/\/www.europesays.com\/es\/wp-json\/wp\/v2\/tags?post=331300"}],"curies":[{"name":"wp","href":"https:\/\/api.w.org\/{rel}","templated":true}]}}