{"id":331414,"date":"2026-01-09T13:22:10","date_gmt":"2026-01-09T13:22:10","guid":{"rendered":"https:\/\/www.europesays.com\/es\/331414\/"},"modified":"2026-01-09T13:22:10","modified_gmt":"2026-01-09T13:22:10","slug":"los-juguetes-cobran-vida-en-la-nueva-exposicion-de-la-house-of-photography-de-fujifilm-de-barcelona","status":"publish","type":"post","link":"https:\/\/www.europesays.com\/es\/331414\/","title":{"rendered":"Los juguetes cobran vida en la nueva exposici\u00f3n de la House of Photography de Fujifilm de Barcelona"},"content":{"rendered":"<p data-gtm-element-container=\"modulo-texto-link\" class=\"paragraph\">David Aland\u00ed (Barcelona, 1982) fue obsequiado con su primera c\u00e1mara digital justo antes de alcanzar la veintena. Corr\u00edan los primeros a\u00f1os del nuevo siglo y la crisis <a href=\"https:\/\/www.lavanguardia.com\/cultura\/20260104\/11408943\/tendencias-culturales-2026.html\" target=\"_blank\" rel=\"nofollow noopener\">anal\u00f3gica <\/a>comenzaba a gestarse. Pero tuvo que llenar y liberar varias tarjetas SD antes de lanzarse a fusionar la fotograf\u00eda con sus personajes televisivos y cinematogr\u00e1ficos favoritos, que se acumulaban en sus estanter\u00edas en forma de diferentes figuras.<\/p>\n<p data-gtm-element-container=\"modulo-texto-link\" class=\"paragraph\">\u201cEmpec\u00e9 fotografiando a Domo-kun, la popular mascota de la televisi\u00f3n japonesa, y algunos LEGO de Star Wars.\u00a0Luego vinieron el resto\u201d, explica este dise\u00f1ador, que creci\u00f3 con pel\u00edculas y series como Jurassic Park  , Alien,   Las Tortugas Ninja o Dragon Ball, y que acaba de presentar su primera exposici\u00f3n fotogr\u00e1fica en solitario en la House of Photography de Fujifilm en Barcelona.<\/p>\n<p data-gtm-element-container=\"modulo-texto-link\" class=\"paragraph\">Aquella nueva afici\u00f3n coincidi\u00f3 con la mejora de las c\u00e1maras de los tel\u00e9fonos m\u00f3viles y el auge de Instagram, donde fue compartiendo sus trabajos a trav\u00e9s de la cuenta<a href=\"https:\/\/www.instagram.com\/toytsh\/\" rel=\"nofollow noreferrer noopener\" target=\"_blank\"> @toytsh<\/a>. \u201cLa red social viv\u00eda un buen momento y mis publicaciones, pese a que entonces no ten\u00edan una gran calidad, consegu\u00edan mucho alcance, acumulando cientos de likes y comentarios\u201d, rememora.<\/p>\n<p>Las fotograf\u00edas de Aland\u00ed combinan edici\u00f3n con efectos especiales caseros similares a los de las pel\u00edculas de los 80<\/p>\n<p data-gtm-element-container=\"modulo-texto-link\" class=\"paragraph\">Con la pandemia, cambi\u00f3 el ritmo. Se pas\u00f3 a la c\u00e1mara anal\u00f3gica y se centr\u00f3 en conectar con otros integrantes de la comunidad Toy Photography (fotograf\u00eda de juguetes, en ingl\u00e9s), que le ense\u00f1aron t\u00e9cnicas de fotograf\u00eda y de edici\u00f3n m\u00e1s avanzadas. Y as\u00ed se fue profesionalizando, capturando escenarios cada vez m\u00e1s complejos y creativos, desde <a href=\"https:\/\/www.lavanguardia.com\/series\/20240413\/9593749\/monarch-serie-godzilla-y-kong.html\" target=\"_blank\" rel=\"nofollow noopener\">Godzilla <\/a>emergiendo de la barcelonesa playa de la Mar Bella, a Baby Yoda y Groot retratados bajo una lluvia de teque\u00f1os, trabajos que recoge la muestra Toy Photography y que se podr\u00e1n ver hasta el 16 de enero.<\/p>\n<p>                <img loading=\"lazy\" decoding=\"async\" data-full-src=\"https:\/\/www.lavanguardia.com\/uploads\/2026\/01\/08\/695f9b0b3a77f.jpeg\" alt=\"Toy Photography\" width=\"449\" height=\"561\" src=\"https:\/\/www.europesays.com\/es\/wp-content\/uploads\/2026\/01\/695f9b0b3a77f.jpeg\" class=\"lazy\"\/><\/p>\n<p class=\"caption-title \">&#8217;30 aniversari&#8217;<\/p>\n<p>                    Toytsh<\/p>\n<p data-gtm-element-container=\"modulo-texto-link\" class=\"paragraph\">\u201cLa imagen de Gozilla nace de la uni\u00f3n de dos fotograf\u00edas, la de la figura y la de la playa, que hice el mismo d\u00eda, por eso coinciden en luces y colores. Nada de IA\u201d, revela. La mayor\u00eda de sus creaciones requieren planificaci\u00f3n previa y, a veces, equipos m\u00e1s especializados, como cuando los disparos se producen bajo el agua. Para la que protagonizan Batman y Robin y que simula el cartel de <a href=\"https:\/\/www.lavanguardia.com\/cultura\/20250620\/10807709\/tiburon-50-anos-bano-mas-sangriento-playa-spielberg.html\" target=\"_blank\" rel=\"nofollow noopener\">Tibur\u00f3n <\/a>se sirvi\u00f3 de una GoPro con una c\u00fapula para grabar por encima y debajo del agua. Warner le premi\u00f3 por su trabajo hace un par de a\u00f1os. \u201cEn la de Donkey Kong us\u00e9 un aparato para desatascar ca\u00f1er\u00edas, que genera una peque\u00f1a explosi\u00f3n y levanta grava alrededor de la figura\u201d.<\/p>\n<p>                <img loading=\"lazy\" decoding=\"async\" data-full-src=\"https:\/\/www.lavanguardia.com\/uploads\/2026\/01\/08\/695f9b0a56fb6.jpeg\" alt=\"Toy Photography\" width=\"449\" height=\"300\" src=\"https:\/\/www.europesays.com\/es\/wp-content\/uploads\/2026\/01\/695f9b0a56fb6.jpeg\" class=\"lazy\"\/><\/p>\n<p class=\"caption-title \">&#8216;Sigues delicat, Goku!&#8217;<\/p>\n<p>                    Toytsh<\/p>\n<p data-gtm-element-container=\"modulo-texto-link\" class=\"paragraph\">Actualmente, Aland\u00ed inmortaliza los universos que imagina con una Fujifilm. Por ello, propuso a esta casa mostrar sus fotograf\u00edas en la galer\u00eda que escond\u00eda en su Wonder Photo Shop, en Gran de Gr\u00e0cia. \u201cMe dijeron que justo iban a reformar el espacio y que ya me contactar\u00edan al terminar con las obras\u201d, cuenta. Y cumplieron su promesa. Toy Photography es la segunda muestra que acoge este nuevo espacio renombrado como Fujifilm House of Photography que se estren\u00f3 con una exposici\u00f3n centrada en la obra de los fot\u00f3grafos barceloneses Pilar Aymerich y Toni Amengual.<\/p>\n<p>\u2018Toy Photography\u2019 re\u00fane m\u00e1s de 45 im\u00e1genes en las que la cultura catalana tambi\u00e9n tiene cabida<\/p>\n<p data-gtm-element-container=\"modulo-texto-link\" class=\"paragraph\">La de Aland\u00ed re\u00fane m\u00e1s de 45 im\u00e1genes donde la cultura popular catalana tambi\u00e9n tiene cabida. As\u00ed, es posible encontrarse con un Groot <a href=\"https:\/\/www.lavanguardia.com\/historiayvida\/20251221\/11367657\/caganer-guardian-pesebre.html\" target=\"_blank\" rel=\"nofollow noopener\">caganer <\/a>vestido con boina roja o algunos personajes de Dragon Ball reunidos alrededor de un ti\u00f3. El motivo, adem\u00e1s de aportar un toque navide\u00f1o a la muestra, es que \u201cincorporar algunas de estas tradiciones ayuda a que seguidores de la Toy Photography de otras partes del mundo tambi\u00e9n las conozcan\u201d.<\/p>\n<p><script async src=\"\/\/www.instagram.com\/embed.js\"><\/script><\/p>\n","protected":false},"excerpt":{"rendered":"David Aland\u00ed (Barcelona, 1982) fue obsequiado con su primera c\u00e1mara digital justo antes de alcanzar la veintena. Corr\u00edan&hellip;\n","protected":false},"author":2,"featured_media":331415,"comment_status":"","ping_status":"","sticky":false,"template":"","format":"standard","meta":{"footnotes":""},"categories":[173],"tags":[229,233,231,230,232,234,146,147,25,24,23],"class_list":{"0":"post-331414","1":"post","2":"type-post","3":"status-publish","4":"format-standard","5":"has-post-thumbnail","7":"category-arte-y-diseno","8":"tag-arte","9":"tag-arte-y-diseno","10":"tag-arts","11":"tag-arts-and-design","12":"tag-design","13":"tag-diseno","14":"tag-entertainment","15":"tag-entretenimiento","16":"tag-es","17":"tag-espana","18":"tag-spain"},"share_on_mastodon":{"url":"https:\/\/pubeurope.com\/@es\/115865357083033101","error":""},"_links":{"self":[{"href":"https:\/\/www.europesays.com\/es\/wp-json\/wp\/v2\/posts\/331414","targetHints":{"allow":["GET"]}}],"collection":[{"href":"https:\/\/www.europesays.com\/es\/wp-json\/wp\/v2\/posts"}],"about":[{"href":"https:\/\/www.europesays.com\/es\/wp-json\/wp\/v2\/types\/post"}],"author":[{"embeddable":true,"href":"https:\/\/www.europesays.com\/es\/wp-json\/wp\/v2\/users\/2"}],"replies":[{"embeddable":true,"href":"https:\/\/www.europesays.com\/es\/wp-json\/wp\/v2\/comments?post=331414"}],"version-history":[{"count":0,"href":"https:\/\/www.europesays.com\/es\/wp-json\/wp\/v2\/posts\/331414\/revisions"}],"wp:featuredmedia":[{"embeddable":true,"href":"https:\/\/www.europesays.com\/es\/wp-json\/wp\/v2\/media\/331415"}],"wp:attachment":[{"href":"https:\/\/www.europesays.com\/es\/wp-json\/wp\/v2\/media?parent=331414"}],"wp:term":[{"taxonomy":"category","embeddable":true,"href":"https:\/\/www.europesays.com\/es\/wp-json\/wp\/v2\/categories?post=331414"},{"taxonomy":"post_tag","embeddable":true,"href":"https:\/\/www.europesays.com\/es\/wp-json\/wp\/v2\/tags?post=331414"}],"curies":[{"name":"wp","href":"https:\/\/api.w.org\/{rel}","templated":true}]}}