{"id":331432,"date":"2026-01-09T13:33:08","date_gmt":"2026-01-09T13:33:08","guid":{"rendered":"https:\/\/www.europesays.com\/es\/331432\/"},"modified":"2026-01-09T13:33:08","modified_gmt":"2026-01-09T13:33:08","slug":"el-alcalde-de-mostoles-comprueba-la-instalacion-del-nuevo-elevador-en-el-centro-municipal-de-mayores-de-parque-coimbra","status":"publish","type":"post","link":"https:\/\/www.europesays.com\/es\/331432\/","title":{"rendered":"El alcalde de M\u00f3stoles comprueba la instalaci\u00f3n del nuevo elevador en el centro municipal de mayores de Parque Coimbra"},"content":{"rendered":"<ul>\n<li class=\" cmAlignjustify\"><strong>El Ayuntamiento de M\u00f3stoles ha dotado al centro municipal de mayores Parque Coimbra de un ascensor, hasta la fecha inexistente, que permite comunicar la planta baja con la planta inferior de este centro.<\/strong><\/li>\n<\/ul>\n<ul>\n<li class=\" cmAlignjustify\"><strong>El nuevo elevador, cuya inversi\u00f3n asciende a 68.047 euros, garantizar\u00e1 la accesibilidad universal para usuarios y trabajadores del centro.  <\/strong><\/li>\n<\/ul>\n<p class=\"cmParagraph cmAlignjustify\"><img loading=\"lazy\" decoding=\"async\" src=\"https:\/\/www.europesays.com\/es\/wp-content\/uploads\/2026\/01\/1429291-destacada Instalaci\u00f3n del nuevo elevador en el centro municipal de mayores de Parque Coimbra.jpeg\" width=\"400\" height=\"225\" alt=\"destacada Instalaci\u00f3n del nuevo elevador en el centro municipal de mayores de Parque Coimbra (4)\"\/>El alcalde de M\u00f3stoles, Manuel Bautista, ha comprobado la instalaci\u00f3n del nuevo elevador del centro municipal de mayores de Parque Coimbra, una actuaci\u00f3n que permite garantizar una accesibilidad universal, para todos los usuarios y trabajadores del centro. <\/p>\n<p class=\"cmParagraph cmAlignjustify\">En su visita, el primer edil ha estado acompa\u00f1ado del concejal de Urbanismo, Vivienda, Patrimonio y Mantenimiento de la Ciudad, Sergio Soler, y de la concejal de Educaci\u00f3n y Festejos y Presidenta del Distrito 5, Cristina Molina. <\/p>\n<p class=\"cmParagraph cmAlignjustify\">La instalaci\u00f3n de este nuevo elevador ha contado con una inversi\u00f3n de 68.047 euros. El ascensor cuenta con sistemas de seguridad, de alta fiabilidad, accesibilidad, confort y eficientes energ\u00e9ticamente, de bajo consumo, con iluminaci\u00f3n LED, apagado autom\u00e1tico de luz en cabina y recuperaci\u00f3n energ\u00e9tica en bajada. <\/p>\n<p class=\"cmParagraph cmAlignjustify\">Con la dotaci\u00f3n de este nuevo elevador se facilita el acceso a distintas actividades de ocio para personas con movilidad reducida, ya que, hasta la fecha no exist\u00eda un ascensor que comunicara la planta baja con la planta inferior del centro de mayores. <\/p>\n<p class=\"cmParagraph cmAlignjustify\">Estas obras se suman a las 38 actuaciones de mejora acometidas durante los ejercicios 2024 y 2025 en este centro municipal de mayores de Parque Coimbra, perteneciente al Distrito 5 Coimbra-Guadarrama, a trav\u00e9s de la Concejal\u00eda de Urbanismo, Vivienda, Patrimonio y Mantenimiento de la Ciudad del Ayuntamiento de M\u00f3stoles. <\/p>\n<p class=\"cmParagraph cmAlignjustify\">Adem\u00e1s, el Ayuntamiento ha actuado en otros centros de mayores como el de El Soto, en el que se ha llevado a cabo la renovaci\u00f3n del sistema de climatizaci\u00f3n, con un presupuesto de 55.500 euros; o el cerramiento y adaptaci\u00f3n de la terraza del centro de mayores La Princesa para convertirla en una sala polivalente, cuya obra contar\u00e1 con una inversi\u00f3n de 234.168,73 euros. <\/p>\n<p class=\"cmParagraph cmAlignjustify\">Para el alcalde \u00abtodas estas actuaciones mejoran el bienestar de los usuarios de los centros, al conseguir entornos m\u00e1s c\u00f3modos, accesibles y adecuados para la convivencia, la participaci\u00f3n y el ocio saludable de nuestros mayores, que promuevan un envejecimiento activo\u00bb.<\/p>\n","protected":false},"excerpt":{"rendered":"El Ayuntamiento de M\u00f3stoles ha dotado al centro municipal de mayores Parque Coimbra de un ascensor, hasta la&hellip;\n","protected":false},"author":2,"featured_media":331433,"comment_status":"","ping_status":"","sticky":false,"template":"","format":"standard","meta":{"footnotes":""},"categories":[8],"tags":[1201,6853,1250,17,18,6854,777,2800,5509,25,24,13,14,11,6852,1928,6850,19,20,6849,9,10,15,16,4111,6851,23,12,21,22,6855],"class_list":{"0":"post-331432","1":"post","2":"type-post","3":"status-publish","4":"format-standard","5":"has-post-thumbnail","7":"category-espana","8":"tag-alcalde","9":"tag-atencioacuten-ciudadana","10":"tag-ayuntamiento","11":"tag-breaking-news","12":"tag-breakingnews","13":"tag-callejero","14":"tag-ciudad","15":"tag-distritos","16":"tag-empleo","17":"tag-es","18":"tag-espana","19":"tag-featured-news","20":"tag-featurednews","21":"tag-headlines","22":"tag-inversioacuten","23":"tag-joven","24":"tag-juventud","25":"tag-latest-news","26":"tag-latestnews","27":"tag-moacutestoles","28":"tag-news","29":"tag-noticias","30":"tag-noticias-destacadas","31":"tag-noticiasdestacadas","32":"tag-presupuestos","33":"tag-sede-electroacutenica","34":"tag-spain","35":"tag-titulares","36":"tag-ultimas-noticias","37":"tag-ultimasnoticias","38":"tag-webs-municipales"},"share_on_mastodon":{"url":"","error":"Validation failed: Text character limit of 500 exceeded"},"_links":{"self":[{"href":"https:\/\/www.europesays.com\/es\/wp-json\/wp\/v2\/posts\/331432","targetHints":{"allow":["GET"]}}],"collection":[{"href":"https:\/\/www.europesays.com\/es\/wp-json\/wp\/v2\/posts"}],"about":[{"href":"https:\/\/www.europesays.com\/es\/wp-json\/wp\/v2\/types\/post"}],"author":[{"embeddable":true,"href":"https:\/\/www.europesays.com\/es\/wp-json\/wp\/v2\/users\/2"}],"replies":[{"embeddable":true,"href":"https:\/\/www.europesays.com\/es\/wp-json\/wp\/v2\/comments?post=331432"}],"version-history":[{"count":0,"href":"https:\/\/www.europesays.com\/es\/wp-json\/wp\/v2\/posts\/331432\/revisions"}],"wp:featuredmedia":[{"embeddable":true,"href":"https:\/\/www.europesays.com\/es\/wp-json\/wp\/v2\/media\/331433"}],"wp:attachment":[{"href":"https:\/\/www.europesays.com\/es\/wp-json\/wp\/v2\/media?parent=331432"}],"wp:term":[{"taxonomy":"category","embeddable":true,"href":"https:\/\/www.europesays.com\/es\/wp-json\/wp\/v2\/categories?post=331432"},{"taxonomy":"post_tag","embeddable":true,"href":"https:\/\/www.europesays.com\/es\/wp-json\/wp\/v2\/tags?post=331432"}],"curies":[{"name":"wp","href":"https:\/\/api.w.org\/{rel}","templated":true}]}}