{"id":331461,"date":"2026-01-09T13:55:07","date_gmt":"2026-01-09T13:55:07","guid":{"rendered":"https:\/\/www.europesays.com\/es\/331461\/"},"modified":"2026-01-09T13:55:07","modified_gmt":"2026-01-09T13:55:07","slug":"los-paises-de-la-ue-respaldan-el-acuerdo-comercial-con-mercosur-economia","status":"publish","type":"post","link":"https:\/\/www.europesays.com\/es\/331461\/","title":{"rendered":"Los pa\u00edses de la UE respaldan el acuerdo comercial con Mercosur | Econom\u00eda"},"content":{"rendered":"<p class=\"\"><a href=\"https:\/\/elpais.com\/internacional\/2024-12-08\/ue-mercosur-un-acuerdo-que-afianza-la-seguridad-geopolitica-y-economica-de-europa.html\" target=\"_self\" rel=\"nofollow noopener\" title=\"https:\/\/elpais.com\/internacional\/2024-12-08\/ue-mercosur-un-acuerdo-que-afianza-la-seguridad-geopolitica-y-economica-de-europa.html\">El Consejo de la UE ha aprobado este viernes el pacto comercial con Mercosur<\/a>. Se despeja as\u00ed un obst\u00e1culo importante en la ratificaci\u00f3n del principio de acuerdo alcanzado por la Comisi\u00f3n Europea con el bloque sudamericano (Argentina, Brasil, Paraguay y Uruguay) hace algo m\u00e1s de un a\u00f1o que puede acabar <a href=\"https:\/\/elpais.com\/internacional\/2024-12-06\/la-ue-y-mercosur-acuerdan-crear-la-mayor-zona-de-libre-comercio-del-mundo-tras-25-anos-de-negociaciones.html\" target=\"_self\" rel=\"nofollow noopener\" title=\"https:\/\/elpais.com\/internacional\/2024-12-06\/la-ue-y-mercosur-acuerdan-crear-la-mayor-zona-de-libre-comercio-del-mundo-tras-25-anos-de-negociaciones.html\">creando la zona de libre comercio m\u00e1s grande del mundo con m\u00e1s de 720 millones de consumidores potenciales<\/a>. La UE se juega algo m\u00e1s que un acuerdo de libre comercio; est\u00e1 sobre la mesa su credibilidad como actor internacional con el se puede llegar a acuerdos y la ampliaci\u00f3n del abanico de alianzas geoecon\u00f3micas en medio de se\u00edsmo en el escenario internacional que ha provocado la captura de Nicol\u00e1s Maduro por la fuerza hace solo seis d\u00edas. <\/p>\n<p class=\"\">La votaci\u00f3n oficial todav\u00eda no se ha producido. No obstante, varias fuentes del Consejo apuntan a EL PA\u00cdS que con las posiciones expuestas por los embajadores de los Veintisiete en la reuni\u00f3n que ha empezado a las 11 de este viernes, cuando se emitan los votos \u2212hay de tiempo hasta las 17 horas\u2212 el apoyo saldr\u00e1 adelante. Este resultado ha sido posible porque Italia finalmente se ha decantado por el s\u00ed tras las concesiones hechas en los \u00faltimos d\u00edas por la Comisi\u00f3n Europea. En cambio, Francia, Polonia, Austria, Hungr\u00eda e Irlanda se mantienen en el no; B\u00e9lgica, por su parte, se abstiene. Esto garantiza la necesaria mayor\u00eda cualificada (55% de pa\u00edses que representen al menos al 65% de la poblaci\u00f3n de la UE) para que la presidenta de la Comisi\u00f3n Europea, Ursula von der Leyen, y el presidente del Consejo Europeo, Ant\u00f3nio Costa, puedan viajar la semana que viene a Sudam\u00e9rica para el actor protocolario de firma del acuerdo. <\/p>\n<p class=\"\">El paso que se dar\u00e1 con esa firma ser\u00e1 un cap\u00edtulo importante en el largo camino de creaci\u00f3n de la mayor \u00e1rea de libre comercio del mundo que empez\u00f3 a negociarse en 1999, es decir en el siglo XX. 20 a\u00f1os despu\u00e9s se logr\u00f3 el primer principio de acuerdo entre la Comisi\u00f3n Europea y los representantes de Mercosur, pero eso no fue suficiente varios pa\u00edses de la UE, especialmente para Francia, un pa\u00eds con tendencia al proteccionismo que siempre ha rechazado este movimiento comercial, y el Parlamento, que ped\u00eda m\u00e1s garant\u00edas medioambientales. Esto abri\u00f3 la negociaci\u00f3n otra vez hasta que se lleg\u00f3 a este nuevo pacto inicial que habr\u00edan ratificado este viernes los Estados miembros. <\/p>\n<p class=\"\">Para la Uni\u00f3n Europea, el \u00e1rea econ\u00f3mica m\u00e1s abierta del mundo al comercio internacional, llegar a acuerdos con otras zonas del mundo se ha convertido en una necesidad comercial y geopol\u00edtica desde que Donald Trump volvi\u00f3 a la Casa Blanca. Lo demuestra lo sucedido en 2025, con la agresi\u00f3n arancelaria estadounidense (dif\u00edcilmente puede calificarse de guerra una contienda en la que solo una parte dispara y eso fue lo que ocurri\u00f3), y los pocos d\u00edas que van de 2026, con el secuestro de Maduro y las amenazas constantes sobre Groenlandia. Y para afrontarlas la estrategia de Bruselas ha sido ampliar alianzas y acuerdos comerciales: en este camino, el pacto con Mercosur puede definirse como la joya de la corona. <\/p>\n<p>Medio centenar de tractores bloqueando el pasado jueves el acceso al Puerto de Tarragona, en protesta por la ratificaci\u00f3n del acuerdo de libre comercio de la UE con los pa\u00edses del Mercosur.&#13;<br \/>\nFoto: Javier D\u00edaz (EFE) | V\u00eddeo: EPV<\/p>\n<p class=\"\">Con la ratificaci\u00f3n de este viernes, no se despejan todos los obst\u00e1culos para que el acuerdo comercial cuente con todos los vistos buenos necesarios desde el lado europeo. Se despeja un elemento importante y necesario, pero tambi\u00e9n tiene que lograr la ratificaci\u00f3n del Parlamento. Tampoco en esta instituci\u00f3n de la UE est\u00e1 garantizado el respaldo. El significativo n\u00famero de eurodiputados de grupos ultras que hay esta legislatura, el rechazo de La Izquierda y las dificultades que tendr\u00e1n el resto de grupo para mantener una posici\u00f3n en bloque por los intereses nacionales auguran votaciones ajustadas en las que pueda darse cualquier resultado. <\/p>\n<p class=\"\">Dos elementos avalan la conclusi\u00f3n de que el paso por la Euroc\u00e1mara del pacto comercial con Mercosur no ser\u00e1 un paseo. Un contingente significativo de parlamentarios quiere llevar el texto al Tribunal de Justicia de la UE, lo que podr\u00eda suspender la entrada en vigor del acuerdo y dilatar el proceso. Y, adem\u00e1s, el presidente del grupo de extrema derecha, Patriots, Jordan Bardella, ya ha anticipado su intenci\u00f3n de presentar otra moci\u00f3n de censura contra la Comisi\u00f3n por este acuerdo. Ser\u00e1 la segunda de su grupo en una legislatura que apenas tiene un a\u00f1o y medio de vida. <\/p>\n<p class=\"\">Desde Europa, la Comisi\u00f3n Europea ofrece una cantidad grande de datos para defender el acuerdo. El libre comercio con el bloque sudamericano, integrado por Argentina, Brasil, Paraguay y Uruguay, ofrece el acceso a un mercado de 270 millones de habitantes y un PIB conjunto de unos 2,7 billones de euros. Calcula el Ejecutivo de la UE que el potencial de exportaciones podr\u00eda aumentar en 84.000 millones y generar unos 756.000 empleos adicionales, beneficiando especialmente al sector automovil\u00edstico europeo \u2212muy golpeado por la competencia de los veh\u00edculos el\u00e9ctricos chinos\u2212 y a otras industrias, la qu\u00edmica o la farmac\u00e9utica. Tambi\u00e9n prev\u00e9 que se mejoren las posibilidades de exportaci\u00f3n para la agroalimentaci\u00f3n al caer dr\u00e1sticamente aranceles como los del queso, en el 28%, el vino, en el 27%, o las bebidas espirituosas, 35%. <\/p>\n<p class=\"\">Ninguno de estos n\u00fameros, sin embargo, ha convencido al sector agr\u00edcola, que este jueves y este mismo viernes, ha salido a protestar en diferentes partes del continente. Tampoco lo han hecho las salvaguardas semiautom\u00e1ticas que se aprobaron a finales de 2025, en las que si se detectan distorsiones en el mercado interior \u2212un incremento de importaciones del 5% sobre la media de los \u00faltimos tres a\u00f1os o ca\u00eddas de precios del 10%\u2212 se abren investigaciones que pueden llevar medidas provisionales para amortiguar los efectos como la recuperaci\u00f3n de los aranceles para los productos afectados. Ni siquiera ha bastado que la Comisi\u00f3n haya propuesto este semana adelantar pagos de la Pol\u00edtica Agraria Com\u00fan en el pr\u00f3ximo periodo presupuestario (2028-2034) ni que se suspendan temporalmente las tarifas aduaneras de fertilizantes para el campo, abaratando un producto b\u00e1sico para la agricultura. <\/p>\n","protected":false},"excerpt":{"rendered":"El Consejo de la UE ha aprobado este viernes el pacto comercial con Mercosur. Se despeja as\u00ed un&hellip;\n","protected":false},"author":2,"featured_media":331462,"comment_status":"","ping_status":"","sticky":false,"template":"","format":"standard","meta":{"footnotes":""},"categories":[42],"tags":[76086,4135,17,18,3903,5852,5853,95,13,14,11,61,62,63,64,19,20,28069,9,10,15,16,12,21,22,1617,65,66,67],"class_list":{"0":"post-331461","1":"post","2":"type-post","3":"status-publish","4":"format-standard","5":"has-post-thumbnail","7":"category-internacional","8":"tag-acuerdo-mercosur-ue","9":"tag-aranceles","10":"tag-breaking-news","11":"tag-breakingnews","12":"tag-comercio","13":"tag-comercio-exterior","14":"tag-comercio-internacional","15":"tag-economia","16":"tag-featured-news","17":"tag-featurednews","18":"tag-headlines","19":"tag-internacional","20":"tag-international","21":"tag-international-news","22":"tag-internationalnews","23":"tag-latest-news","24":"tag-latestnews","25":"tag-mercosur","26":"tag-news","27":"tag-noticias","28":"tag-noticias-destacadas","29":"tag-noticiasdestacadas","30":"tag-titulares","31":"tag-ultimas-noticias","32":"tag-ultimasnoticias","33":"tag-union-europea","34":"tag-world","35":"tag-world-news","36":"tag-worldnews"},"share_on_mastodon":{"url":"","error":"Validation failed: Text character limit of 500 exceeded"},"_links":{"self":[{"href":"https:\/\/www.europesays.com\/es\/wp-json\/wp\/v2\/posts\/331461","targetHints":{"allow":["GET"]}}],"collection":[{"href":"https:\/\/www.europesays.com\/es\/wp-json\/wp\/v2\/posts"}],"about":[{"href":"https:\/\/www.europesays.com\/es\/wp-json\/wp\/v2\/types\/post"}],"author":[{"embeddable":true,"href":"https:\/\/www.europesays.com\/es\/wp-json\/wp\/v2\/users\/2"}],"replies":[{"embeddable":true,"href":"https:\/\/www.europesays.com\/es\/wp-json\/wp\/v2\/comments?post=331461"}],"version-history":[{"count":0,"href":"https:\/\/www.europesays.com\/es\/wp-json\/wp\/v2\/posts\/331461\/revisions"}],"wp:featuredmedia":[{"embeddable":true,"href":"https:\/\/www.europesays.com\/es\/wp-json\/wp\/v2\/media\/331462"}],"wp:attachment":[{"href":"https:\/\/www.europesays.com\/es\/wp-json\/wp\/v2\/media?parent=331461"}],"wp:term":[{"taxonomy":"category","embeddable":true,"href":"https:\/\/www.europesays.com\/es\/wp-json\/wp\/v2\/categories?post=331461"},{"taxonomy":"post_tag","embeddable":true,"href":"https:\/\/www.europesays.com\/es\/wp-json\/wp\/v2\/tags?post=331461"}],"curies":[{"name":"wp","href":"https:\/\/api.w.org\/{rel}","templated":true}]}}