{"id":331527,"date":"2026-01-09T14:43:08","date_gmt":"2026-01-09T14:43:08","guid":{"rendered":"https:\/\/www.europesays.com\/es\/331527\/"},"modified":"2026-01-09T14:43:08","modified_gmt":"2026-01-09T14:43:08","slug":"el-ayuntamiento-de-dos-hermanas-continua-con-la-campana-anual-de-retirada-de-la-naranja-amarga","status":"publish","type":"post","link":"https:\/\/www.europesays.com\/es\/331527\/","title":{"rendered":"El Ayuntamiento de Dos Hermanas contin\u00faa con la campa\u00f1a anual de retirada de la naranja amarga"},"content":{"rendered":"<p style=\"text-align: justify;\">El <strong>Ayuntamiento de Dos Hermanas<\/strong> contin\u00faa desarrollando la <strong>campa\u00f1a anual de retirada de la naranja amarga<\/strong> en el viario p\u00fablico y en las zonas verdes del municipio, una actuaci\u00f3n que se pone en marcha cada a\u00f1o con la llegada del invierno y que se prolonga durante varios meses.<\/p>\n<p style=\"text-align: justify;\">La campa\u00f1a, iniciada el pasado mes de diciembre, tiene como principal objetivo evitar la acumulaci\u00f3n de frutos en la v\u00eda p\u00fablica, mejorar la seguridad de peatones y veh\u00edculos, y mantener en buen estado los espacios urbanos, minimizando las molestias que la ca\u00edda de las naranjas puede ocasionar.<\/p>\n<p style=\"text-align: justify;\">Los trabajos se est\u00e1n realizando de forma progresiva en todos los barrios de la ciudad, priorizando aquellas zonas con mayor presencia de naranjos y tr\u00e1nsito de personas. Estas labores se coordinan con los servicios municipales de mantenimiento y limpieza, permitiendo una intervenci\u00f3n ordenada y eficaz a lo largo de toda la campa\u00f1a.<\/p>\n<p style=\"text-align: justify;\">Desde el Ayuntamiento se recuerda que la retirada de la naranja amarga forma parte de las tareas habituales de conservaci\u00f3n del arbolado urbano y de mantenimiento de la ciudad, contribuyendo a una Dos Hermanas m\u00e1s limpia, segura y cuidada durante los meses de mayor maduraci\u00f3n del fruto.<\/p>\n<p style=\"text-align: justify;\">Asimismo, se agradece la colaboraci\u00f3n de la ciudadan\u00eda y se solicita comprensi\u00f3n ante las posibles molestias puntuales que puedan derivarse del desarrollo de estos trabajos, necesarios para garantizar el buen estado del espacio p\u00fablico.<\/p>\n","protected":false},"excerpt":{"rendered":"El Ayuntamiento de Dos Hermanas contin\u00faa desarrollando la campa\u00f1a anual de retirada de la naranja amarga en el&hellip;\n","protected":false},"author":2,"featured_media":331528,"comment_status":"","ping_status":"","sticky":false,"template":"","format":"standard","meta":{"footnotes":""},"categories":[5],"tags":[17,18,25,24,13,14,11,19,20,9,10,15,16,23,12,21,22],"class_list":{"0":"post-331527","1":"post","2":"type-post","3":"status-publish","4":"format-standard","5":"has-post-thumbnail","7":"category-titulares","8":"tag-breaking-news","9":"tag-breakingnews","10":"tag-es","11":"tag-espana","12":"tag-featured-news","13":"tag-featurednews","14":"tag-headlines","15":"tag-latest-news","16":"tag-latestnews","17":"tag-news","18":"tag-noticias","19":"tag-noticias-destacadas","20":"tag-noticiasdestacadas","21":"tag-spain","22":"tag-titulares","23":"tag-ultimas-noticias","24":"tag-ultimasnoticias"},"share_on_mastodon":{"url":"https:\/\/pubeurope.com\/@es\/115865675548177834","error":""},"_links":{"self":[{"href":"https:\/\/www.europesays.com\/es\/wp-json\/wp\/v2\/posts\/331527","targetHints":{"allow":["GET"]}}],"collection":[{"href":"https:\/\/www.europesays.com\/es\/wp-json\/wp\/v2\/posts"}],"about":[{"href":"https:\/\/www.europesays.com\/es\/wp-json\/wp\/v2\/types\/post"}],"author":[{"embeddable":true,"href":"https:\/\/www.europesays.com\/es\/wp-json\/wp\/v2\/users\/2"}],"replies":[{"embeddable":true,"href":"https:\/\/www.europesays.com\/es\/wp-json\/wp\/v2\/comments?post=331527"}],"version-history":[{"count":0,"href":"https:\/\/www.europesays.com\/es\/wp-json\/wp\/v2\/posts\/331527\/revisions"}],"wp:featuredmedia":[{"embeddable":true,"href":"https:\/\/www.europesays.com\/es\/wp-json\/wp\/v2\/media\/331528"}],"wp:attachment":[{"href":"https:\/\/www.europesays.com\/es\/wp-json\/wp\/v2\/media?parent=331527"}],"wp:term":[{"taxonomy":"category","embeddable":true,"href":"https:\/\/www.europesays.com\/es\/wp-json\/wp\/v2\/categories?post=331527"},{"taxonomy":"post_tag","embeddable":true,"href":"https:\/\/www.europesays.com\/es\/wp-json\/wp\/v2\/tags?post=331527"}],"curies":[{"name":"wp","href":"https:\/\/api.w.org\/{rel}","templated":true}]}}