{"id":331529,"date":"2026-01-09T14:48:10","date_gmt":"2026-01-09T14:48:10","guid":{"rendered":"https:\/\/www.europesays.com\/es\/331529\/"},"modified":"2026-01-09T14:48:10","modified_gmt":"2026-01-09T14:48:10","slug":"stan-wawrinka-recibe-un-wild-card-y-jugara-por-ultima-vez-el-abierto-de-australia-atp-tour","status":"publish","type":"post","link":"https:\/\/www.europesays.com\/es\/331529\/","title":{"rendered":"Stan Wawrinka recibe un wild card y jugar\u00e1 por \u00faltima vez el Abierto de Australia | ATP Tour"},"content":{"rendered":"<p>        Abierto de Australia<br \/>\n    Wawrinka recibe un wild card y jugar\u00e1 por \u00faltima vez el Abierto de Australia<\/p>\n<p>El campe\u00f3n de 2014 jugar\u00e1 por \u00faltima vez en Melbourne<\/p>\n<p>January 09, 2026<\/p>\n<p>            <img decoding=\"async\" src=\"https:\/\/www.europesays.com\/es\/wp-content\/uploads\/2026\/01\/wawrinka-australian-open-2026-wc.jpg\" alt=\"\"\/><\/p>\n<p>Paul Kane\/Getty Images<\/p>\n<p>        By Redacci\u00f3n ATP <\/p>\n<p>El excampe\u00f3n <a href=\"https:\/\/www.atptour.com\/es\/players\/stan-wawrinka\/w367\/overview\" rel=\"nofollow noopener\" target=\"_blank\">Stan Wawrinka<\/a> jugar\u00e1 el cuadro principal del Abierto de Australia 2026 y competir\u00e1 por una \u00faltima vez en Melbourne, tras recibir un wild card.<\/p>\n<p>Este viernes, se anunciaron las tres \u00faltimas invitaciones del cuadro principal para el primer Grand Slam del a\u00f1o, que comienza el domingo 18 de enero en Melbourne Park. Adem\u00e1s del suizo, tambi\u00e9n fueron invitados los australianos <a href=\"https:\/\/www.atptour.com\/es\/players\/jordan-thompson\/tc61\/overview\" rel=\"nofollow noopener\" target=\"_blank\">Jordan Thompson<\/a> y Chris O&#8217;Connell.<\/p>\n<p>Ser\u00e1 as\u00ed un evento lleno de emociones para Wawrinka, quien conquist\u00f3 el primero de sus tres t\u00edtulos de Grand Slam en el Abierto de Australia de 2014, venciendo a <a href=\"https:\/\/www.atptour.com\/es\/players\/novak-djokovic\/d643\/overview\" rel=\"nofollow noopener\" target=\"_blank\">Novak Djokovic<\/a> y <a href=\"https:\/\/www.atptour.com\/es\/players\/rafael-nadal\/n409\/overview\" rel=\"nofollow noopener\" target=\"_blank\">Rafael Nadal<\/a> en su camino hacia el trofeo.\u00a0Esta ser\u00e1 la vig\u00e9sima vez que Wawrinka compita en individuales en el Abierto de Australia. El a\u00f1o pasado, cay\u00f3 en cuatro ajustados sets en la primera ronda ante <a href=\"https:\/\/www.atptour.com\/es\/players\/lorenzo-sonego\/su87\/overview\" rel=\"nofollow noopener\" target=\"_blank\">Lorenzo Sonego<\/a>.<\/p>\n<p>En tanto, el suizo tambi\u00e9n firm\u00f3 las semifinales en Melbourne en 2015 y 2017, adem\u00e1s de alcanzar los cuartos de final en 2020 y ostenta un record de 43-18 en el Abierto de Australia, seg\u00fan el \u00cdndice de Victorias\/Derrotas ATP Infosys.<\/p>\n<p>Tambi\u00e9n Podr\u00eda Interesarle: <a href=\"https:\/\/www.atptour.com\/es\/news\/stan-wawrinka-final-season-feature-united-cup-2026\" rel=\"nofollow noopener\" target=\"_blank\">Por qu\u00e9 el \u00faltimo baile de Stan Wawrinka ser\u00e1 m\u00e1s una salsa que un vals lento<\/a><\/p>\n<p>A sus 40 a\u00f1os, Wawrinka, actual No. 153 del mundo, ha mostrado su vigencia esta \u00faltima semana para llevar al Team Suiza a alcanzar las semifinales de la <a href=\"https:\/\/www.atptour.com\/es\/scores\/archive\/perth-sydney\/9900\/2026\/results\" rel=\"nofollow noopener\" target=\"_blank\">United Cup<\/a> en S\u00eddney. De hecho, durante la fase de grupos en Perth, derrot\u00f3 a <a href=\"https:\/\/www.atptour.com\/es\/players\/arthur-rinderknech\/rc91\/overview\" rel=\"nofollow noopener\" target=\"_blank\">Arthur Rinderknech<\/a>, No. 29 del ranking, y dej\u00f3 todo en una batalla ante el No. 22 del mundo, <a href=\"https:\/\/www.atptour.com\/es\/players\/flavio-cobolli\/c0e9\/overview\" rel=\"nofollow noopener\" target=\"_blank\">Flavio Cobolli<\/a>, antes de caer en el tercer set. Su pa\u00eds jugar\u00e1 contra B\u00e9lgica el s\u00e1bado por un puesto en la final del torneo de equipos mixtos.<\/p>\n","protected":false},"excerpt":{"rendered":"Abierto de Australia Wawrinka recibe un wild card y jugar\u00e1 por \u00faltima vez el Abierto de Australia El&hellip;\n","protected":false},"author":2,"featured_media":331530,"comment_status":"","ping_status":"","sticky":false,"template":"","format":"standard","meta":{"footnotes":""},"categories":[274],"tags":[168,25,24,23,167,327,326],"class_list":{"0":"post-331529","1":"post","2":"type-post","3":"status-publish","4":"format-standard","5":"has-post-thumbnail","7":"category-tenis","8":"tag-deportes","9":"tag-es","10":"tag-espana","11":"tag-spain","12":"tag-sports","13":"tag-tenis","14":"tag-tennis"},"share_on_mastodon":{"url":"https:\/\/pubeurope.com\/@es\/115865695305899265","error":""},"_links":{"self":[{"href":"https:\/\/www.europesays.com\/es\/wp-json\/wp\/v2\/posts\/331529","targetHints":{"allow":["GET"]}}],"collection":[{"href":"https:\/\/www.europesays.com\/es\/wp-json\/wp\/v2\/posts"}],"about":[{"href":"https:\/\/www.europesays.com\/es\/wp-json\/wp\/v2\/types\/post"}],"author":[{"embeddable":true,"href":"https:\/\/www.europesays.com\/es\/wp-json\/wp\/v2\/users\/2"}],"replies":[{"embeddable":true,"href":"https:\/\/www.europesays.com\/es\/wp-json\/wp\/v2\/comments?post=331529"}],"version-history":[{"count":0,"href":"https:\/\/www.europesays.com\/es\/wp-json\/wp\/v2\/posts\/331529\/revisions"}],"wp:featuredmedia":[{"embeddable":true,"href":"https:\/\/www.europesays.com\/es\/wp-json\/wp\/v2\/media\/331530"}],"wp:attachment":[{"href":"https:\/\/www.europesays.com\/es\/wp-json\/wp\/v2\/media?parent=331529"}],"wp:term":[{"taxonomy":"category","embeddable":true,"href":"https:\/\/www.europesays.com\/es\/wp-json\/wp\/v2\/categories?post=331529"},{"taxonomy":"post_tag","embeddable":true,"href":"https:\/\/www.europesays.com\/es\/wp-json\/wp\/v2\/tags?post=331529"}],"curies":[{"name":"wp","href":"https:\/\/api.w.org\/{rel}","templated":true}]}}