{"id":331531,"date":"2026-01-09T14:49:10","date_gmt":"2026-01-09T14:49:10","guid":{"rendered":"https:\/\/www.europesays.com\/es\/331531\/"},"modified":"2026-01-09T14:49:10","modified_gmt":"2026-01-09T14:49:10","slug":"francesc-barber-pasa-del-mountain-bike-a-la-carretera-de","status":"publish","type":"post","link":"https:\/\/www.europesays.com\/es\/331531\/","title":{"rendered":"Francesc Barber pasa del Mountain Bike a la carretera de&#8230;"},"content":{"rendered":"<p>                    El ciclista menorqu\u00edn de 22 a\u00f1os debutar\u00e1 en el ciclismo profesional en carretera con el equipo continental balear, con el que ha formalizado un acuerdo de cara a la temporada 2026.<\/p>\n<p class=\"c-mainarticle__date\">\n<p>                    8 de enero de 2026 (09:35 CET)<\/p>\n<p>                                                                                                                                        <img fetchpriority=\"high\" decoding=\"async\" src=\"https:\/\/www.europesays.com\/es\/wp-content\/uploads\/2026\/01\/francesc-barber-nuevo-refuerzo-para-el-illes-balears-arabay.jpeg\" alt=\"Francesc Barber, nuevo refuerzo para el Illes Balears - Arabay\" title=\"Francesc Barber, nuevo refuerzo para el Illes Balears - Arabay\" class=\"c-mainarticle__img\" loading=\"eager\" width=\"790\" height=\"454\"\/><\/p>\n<p>                    Francesc Barber, nuevo refuerzo para el Illes Balears &#8211; Arabay<\/p>\n<p><strong>Francesc Barber <\/strong>(Menorca, 2003) debutar\u00e1 en el <strong>ciclismo profesional en carretera con el equipo Illes Balears &#8211; Arabay Cycling Team<\/strong>, con quien ha formalizado un acuerdo de cara a la temporada 2026.<\/p>\n<p>El ciclista balear llega a la formaci\u00f3n tras cuatro a\u00f1os compitiendo a nivel internacional <strong>sub-23 en la especialidad de Mountain Bike<\/strong>. En ese tiempo, <strong>Barber se ha proclamado Campe\u00f3n de Espa\u00f1a de la categor\u00eda <\/strong>y ha acumulado victorias y podios en pruebas nacionales.<\/p>\n<p>A eso hay que sumar <strong>varios Top10 en Campeonatos de Europa <\/strong>y resultados en el Top15 en las prestigiosas pruebas de la Copa del Mundo, lo que le ha consolidado <strong>entre los mejores ciclistas del ranking mundial sub23<\/strong>, clasificaci\u00f3n que ya hab\u00eda llegado a liderar durante su etapa junior.<\/p>\n<p>El<strong>\u00a0 Illes Balears\u00a0&#8211; Arabay espera que el ciclista menorqu\u00edn pueda trasladar a la carretera su habilidad mostrada en el MTB<\/strong>\u00a0y convertirse en un aporte din\u00e1mico y multidisciplinar para el resto de sus compa\u00f1eros. Barber se incorpora al equipo cafetero con un amplio calendario de pruebas nacionales e internacionales de primer nivel por delante en la presente temporada.<\/p>\n<p><img decoding=\"async\" loading=\"lazy\" alt=\"Francesc Barber, cartel fichaje\" data-id=\"14751569\" data-resize=\"null\" height=\"990\" src=\"https:\/\/www.europesays.com\/es\/wp-content\/uploads\/2026\/01\/francesc-barber-cartel-fichaje.jpeg\" title=\"Francesc Barber, cartel fichaje\" width=\"790\"\/><\/p>\n<p>\u201c<strong>Mi objetivo ser\u00e1 lograr lo antes posible la adaptaci\u00f3n que requiere el ciclismo de carretera <\/strong>y la din\u00e1mica del pelot\u00f3n, acumular experiencia en competici\u00f3n y ayudar al equipo y a mis compa\u00f1eros en todo lo posible\u201d declara el corredor de 22 a\u00f1os, que se muestra \u201c<strong>muy motivado y agradecido de poder dar este paso tan importante<\/strong> de la mano del Illes Balears &#8211; Arabay Cycling Team\u201d.<\/p>\n<p>Con la incorporaci\u00f3n de<strong> <\/strong>Francesc Barber\u00a0<strong>el Illes Balears &#8211; Arabay Cycling Team cuenta ya con <a data-external=\"1\" href=\"https:\/\/www.procyclingstats.com\/team\/illes-balears-arabay-2026\" rel=\"nofollow noopener\" target=\"_blank\" title=\"13 ciclistas en su plantilla\">13 ciclistas en su plantilla<\/a><\/strong>\u00a0para acometer la temporada 2026, que ser\u00e1 su tercera en la categor\u00eda UCI Continental. En la misma,\u00a0el equipo cafetero\u00a0ya tiene confirmada su <strong>presencia en la mayor\u00eda de pruebas del calendario nacional<\/strong>, adem\u00e1s de afrontar\u00a0un intenso calendario internacional con presencia en carreras en Francia, Portugal, B\u00e9lgica, Ruman\u00eda o la novedad de las pruebas asi\u00e1ticas en el tramo final del a\u00f1o.<\/p>\n<p>\u00a0<\/p>\n","protected":false},"excerpt":{"rendered":"El ciclista menorqu\u00edn de 22 a\u00f1os debutar\u00e1 en el ciclismo profesional en carretera con el equipo continental balear,&hellip;\n","protected":false},"author":2,"featured_media":331532,"comment_status":"","ping_status":"","sticky":false,"template":"","format":"standard","meta":{"footnotes":""},"categories":[273],"tags":[313,312,168,25,24,23,167],"class_list":{"0":"post-331531","1":"post","2":"type-post","3":"status-publish","4":"format-standard","5":"has-post-thumbnail","7":"category-ciclismo","8":"tag-ciclismo","9":"tag-cycling","10":"tag-deportes","11":"tag-es","12":"tag-espana","13":"tag-spain","14":"tag-sports"},"share_on_mastodon":{"url":"https:\/\/pubeurope.com\/@es\/115865699175344597","error":""},"_links":{"self":[{"href":"https:\/\/www.europesays.com\/es\/wp-json\/wp\/v2\/posts\/331531","targetHints":{"allow":["GET"]}}],"collection":[{"href":"https:\/\/www.europesays.com\/es\/wp-json\/wp\/v2\/posts"}],"about":[{"href":"https:\/\/www.europesays.com\/es\/wp-json\/wp\/v2\/types\/post"}],"author":[{"embeddable":true,"href":"https:\/\/www.europesays.com\/es\/wp-json\/wp\/v2\/users\/2"}],"replies":[{"embeddable":true,"href":"https:\/\/www.europesays.com\/es\/wp-json\/wp\/v2\/comments?post=331531"}],"version-history":[{"count":0,"href":"https:\/\/www.europesays.com\/es\/wp-json\/wp\/v2\/posts\/331531\/revisions"}],"wp:featuredmedia":[{"embeddable":true,"href":"https:\/\/www.europesays.com\/es\/wp-json\/wp\/v2\/media\/331532"}],"wp:attachment":[{"href":"https:\/\/www.europesays.com\/es\/wp-json\/wp\/v2\/media?parent=331531"}],"wp:term":[{"taxonomy":"category","embeddable":true,"href":"https:\/\/www.europesays.com\/es\/wp-json\/wp\/v2\/categories?post=331531"},{"taxonomy":"post_tag","embeddable":true,"href":"https:\/\/www.europesays.com\/es\/wp-json\/wp\/v2\/tags?post=331531"}],"curies":[{"name":"wp","href":"https:\/\/api.w.org\/{rel}","templated":true}]}}