{"id":331543,"date":"2026-01-09T14:58:07","date_gmt":"2026-01-09T14:58:07","guid":{"rendered":"https:\/\/www.europesays.com\/es\/331543\/"},"modified":"2026-01-09T14:58:07","modified_gmt":"2026-01-09T14:58:07","slug":"netflix-recibe-una-de-las-mejores-trilogias-de-animacion-de-los-ultimos-tiempos","status":"publish","type":"post","link":"https:\/\/www.europesays.com\/es\/331543\/","title":{"rendered":"Netflix recibe una de las mejores trilog\u00edas de animaci\u00f3n de los \u00faltimos tiempos"},"content":{"rendered":"<p>Nada m\u00e1s empezar el a\u00f1o, <a href=\"https:\/\/es.ign.com\/netflix-1\/225361\/news\/netflix-revela-su-programacion-para-2026-con-nuevas-imagenes-de-avatar-la-leyenda-de-aang-la-cuarta\" rel=\"nofollow noopener\" target=\"_blank\">Netflix actualiz\u00f3 su calendario de estrenos<\/a> para recordar a los suscriptores todo el contenido que pueden esperar en los pr\u00f3ximos meses. Man on Fire, Enola Holmes 3, Little Brother y la pel\u00edcula de animaci\u00f3n Swapped <strong>son algunas de las novedades previstas<\/strong>.<\/p>\n<p>Esa pel\u00edcula <strong>ha vuelto a incorporarse al cat\u00e1logo de Netflix<\/strong>, y lo mejor de todo es que no viene sola.<\/p>\n<p>La trilog\u00eda de C\u00f3mo entrenar a tu drag\u00f3n vuelve a streaming<\/p>\n<p>No tuvimos que esperar mucho para ver c\u00f3mo la primera entrega de C\u00f3mo entrenar a tu drag\u00f3n se sub\u00eda al podio de DreamWorks, acompa\u00f1ando as\u00ed a Shrek y otras franquicias animadas de \u00e9xito. La pel\u00edcula, que sigue la emocionante aventura del joven vikingo Hipo y el drag\u00f3n Desdentao, recaud\u00f3 <strong>494,8 millones de d\u00f3lares<\/strong> en todo el mundo tras su estreno en 2010.<\/p>\n<p>Las cr\u00edticas positivas y la recaudaci\u00f3n aumentaron con la secuela. C\u00f3mo entrenar a tu drag\u00f3n 2 se estren\u00f3 solo cuatro a\u00f1os despu\u00e9s y consigui\u00f3 un total de <strong>621,5 millones de d\u00f3lares<\/strong>. La tercera entrega, por su parte, debut\u00f3 en 2019 y termin\u00f3 su paso por los cines con <strong>539,9 millones de d\u00f3lares<\/strong> en todo el mundo. Dada la pasi\u00f3n del p\u00fablico, DreamWorks acab\u00f3 dando luz verde a <a href=\"https:\/\/es.ign.com\/como-entrenar-tu-dragon-live-action\/217805\/feature\/los-remakes-de-accion-real-de-peliculas-animadas-como-como-entrenar-a-tu-dragon-llegaron-para-quedar\" rel=\"nofollow noopener\" target=\"_blank\"><strong>un remake de acci\u00f3n real <\/strong>de C\u00f3mo entrenar a tu drag\u00f3n<\/a>. Lo vimos el a\u00f1o pasado y, tras estar unos meses en los cines, se acab\u00f3 incorporando al cat\u00e1logo de <a href=\"https:\/\/tidd.ly\/3FJygh7\" rel=\"noopener nofollow\" target=\"_blank\">Movistar Plus+<\/a>. Actualmente <strong>hay un remake de la secuela en marcha<\/strong>.<\/p>\n<p>Mientras llegan las novedades, puedes disfrutar de la trilog\u00eda original al completo <strong>solo en <a href=\"https:\/\/www.netflix.com\/title\/70109893\" rel=\"noopener nofollow\" target=\"_blank\">Netflix<\/a><\/strong>. No s\u00e9 qu\u00e9 vas a hacer, pero yo ya tengo plan para este fin de semana.<\/p>\n","protected":false},"excerpt":{"rendered":"Nada m\u00e1s empezar el a\u00f1o, Netflix actualiz\u00f3 su calendario de estrenos para recordar a los suscriptores todo el&hellip;\n","protected":false},"author":2,"featured_media":331544,"comment_status":"","ping_status":"","sticky":false,"template":"","format":"standard","meta":{"footnotes":""},"categories":[169],"tags":[177,146,147,25,24,176,175,23],"class_list":{"0":"post-331543","1":"post","2":"type-post","3":"status-publish","4":"format-standard","5":"has-post-thumbnail","7":"category-cine","8":"tag-cine","9":"tag-entertainment","10":"tag-entretenimiento","11":"tag-es","12":"tag-espana","13":"tag-film","14":"tag-movies","15":"tag-spain"},"share_on_mastodon":{"url":"https:\/\/pubeurope.com\/@es\/115865734743338391","error":""},"_links":{"self":[{"href":"https:\/\/www.europesays.com\/es\/wp-json\/wp\/v2\/posts\/331543","targetHints":{"allow":["GET"]}}],"collection":[{"href":"https:\/\/www.europesays.com\/es\/wp-json\/wp\/v2\/posts"}],"about":[{"href":"https:\/\/www.europesays.com\/es\/wp-json\/wp\/v2\/types\/post"}],"author":[{"embeddable":true,"href":"https:\/\/www.europesays.com\/es\/wp-json\/wp\/v2\/users\/2"}],"replies":[{"embeddable":true,"href":"https:\/\/www.europesays.com\/es\/wp-json\/wp\/v2\/comments?post=331543"}],"version-history":[{"count":0,"href":"https:\/\/www.europesays.com\/es\/wp-json\/wp\/v2\/posts\/331543\/revisions"}],"wp:featuredmedia":[{"embeddable":true,"href":"https:\/\/www.europesays.com\/es\/wp-json\/wp\/v2\/media\/331544"}],"wp:attachment":[{"href":"https:\/\/www.europesays.com\/es\/wp-json\/wp\/v2\/media?parent=331543"}],"wp:term":[{"taxonomy":"category","embeddable":true,"href":"https:\/\/www.europesays.com\/es\/wp-json\/wp\/v2\/categories?post=331543"},{"taxonomy":"post_tag","embeddable":true,"href":"https:\/\/www.europesays.com\/es\/wp-json\/wp\/v2\/tags?post=331543"}],"curies":[{"name":"wp","href":"https:\/\/api.w.org\/{rel}","templated":true}]}}