{"id":331549,"date":"2026-01-09T15:01:09","date_gmt":"2026-01-09T15:01:09","guid":{"rendered":"https:\/\/www.europesays.com\/es\/331549\/"},"modified":"2026-01-09T15:01:09","modified_gmt":"2026-01-09T15:01:09","slug":"los-cines-odeon-programacion-ayuntamiento-de-elche","status":"publish","type":"post","link":"https:\/\/www.europesays.com\/es\/331549\/","title":{"rendered":"Los Cines Ode\u00f3n programaci\u00f3n &#8211; Ayuntamiento de Elche"},"content":{"rendered":"<p><strong>Los Cines Ode\u00f3n<\/strong> arrancan <strong>el primer trimestre de 2026<\/strong> con una programaci\u00f3n variada y de gran calidad que permitir\u00e1 al p\u00fablico disfrutar de dos de las pel\u00edculas favoritas para<strong> los premios Goya y los Oscar de este a\u00f1o<\/strong>: \u2018Los domingos\u2019 y \u2018Una batalla tras otra\u2019, junto a una cuidada selecci\u00f3n de cine espa\u00f1ol, franc\u00e9s, europeo y estadounidense que aborda temas sociales, hist\u00f3ricos y culturales.<\/p>\n<p><strong>La edil de Cultura<\/strong>,<strong> Irene Ruiz<\/strong>, ha se\u00f1alado que \u201cen estas salas ya se puede disfrutar del mejor cine de autor, grandes t\u00edtulos internacionales y una variada oferta infantil\u201d.<\/p>\n<p><strong>La programaci\u00f3n incluye destacados t\u00edtulos del cine espa\u00f1ol<\/strong> como \u2018Mi amiga Eva\u2019, \u2018La Cena\u2019, \u2018Golpes\u2019 o \u2018La Deuda\u2019, adem\u00e1s de una amplia presencia de cine franc\u00e9s con propuestas como \u2018La primera escuela\u2019, \u2018Monsieur Aznavour\u2019, \u2018Los colores del tiempo\u2019, \u2018Los lazos que nos unen\u2019 o \u2018Vida Privada\u2019.<\/p>\n","protected":false},"excerpt":{"rendered":"Los Cines Ode\u00f3n arrancan el primer trimestre de 2026 con una programaci\u00f3n variada y de gran calidad que&hellip;\n","protected":false},"author":2,"featured_media":331550,"comment_status":"","ping_status":"","sticky":false,"template":"","format":"standard","meta":{"footnotes":""},"categories":[91],"tags":[146,147,25,24,23],"class_list":{"0":"post-331549","1":"post","2":"type-post","3":"status-publish","4":"format-standard","5":"has-post-thumbnail","7":"category-entretenimiento","8":"tag-entertainment","9":"tag-entretenimiento","10":"tag-es","11":"tag-espana","12":"tag-spain"},"share_on_mastodon":{"url":"https:\/\/pubeurope.com\/@es\/115865746422953725","error":""},"_links":{"self":[{"href":"https:\/\/www.europesays.com\/es\/wp-json\/wp\/v2\/posts\/331549","targetHints":{"allow":["GET"]}}],"collection":[{"href":"https:\/\/www.europesays.com\/es\/wp-json\/wp\/v2\/posts"}],"about":[{"href":"https:\/\/www.europesays.com\/es\/wp-json\/wp\/v2\/types\/post"}],"author":[{"embeddable":true,"href":"https:\/\/www.europesays.com\/es\/wp-json\/wp\/v2\/users\/2"}],"replies":[{"embeddable":true,"href":"https:\/\/www.europesays.com\/es\/wp-json\/wp\/v2\/comments?post=331549"}],"version-history":[{"count":0,"href":"https:\/\/www.europesays.com\/es\/wp-json\/wp\/v2\/posts\/331549\/revisions"}],"wp:featuredmedia":[{"embeddable":true,"href":"https:\/\/www.europesays.com\/es\/wp-json\/wp\/v2\/media\/331550"}],"wp:attachment":[{"href":"https:\/\/www.europesays.com\/es\/wp-json\/wp\/v2\/media?parent=331549"}],"wp:term":[{"taxonomy":"category","embeddable":true,"href":"https:\/\/www.europesays.com\/es\/wp-json\/wp\/v2\/categories?post=331549"},{"taxonomy":"post_tag","embeddable":true,"href":"https:\/\/www.europesays.com\/es\/wp-json\/wp\/v2\/tags?post=331549"}],"curies":[{"name":"wp","href":"https:\/\/api.w.org\/{rel}","templated":true}]}}