{"id":331557,"date":"2026-01-09T15:05:08","date_gmt":"2026-01-09T15:05:08","guid":{"rendered":"https:\/\/www.europesays.com\/es\/331557\/"},"modified":"2026-01-09T15:05:08","modified_gmt":"2026-01-09T15:05:08","slug":"la-consejera-de-empleo-visita-los-programas-experienciales-del-inaem-en-caspe","status":"publish","type":"post","link":"https:\/\/www.europesays.com\/es\/331557\/","title":{"rendered":"La consejera de Empleo visita los Programas Experienciales del INAEM en Caspe"},"content":{"rendered":"<p>Caspe, jueves 8 de enero de 2026- La consejera de Empleo, Ciencia y Universidades, Claudia P\u00e9rez Fornies ha visitado a los alumnos y al equipo docente de los Programas Experienciales de Empleo y Formaci\u00f3n \u201cReactivando la Cultura del Hilo I\u201c y \u201cCiudad de Caspe XVI\u201c que est\u00e1n formando a un total de 30 alumnos en las ramas de confecci\u00f3n textil y construcci\u00f3n.<\/p>\n<p>La visita se ha iniciado en el Ayuntamiento con la firma de la consejera en el libro de Honor de la entidad y tras realizar un breve encuentro con la alcaldesa y miembros de la corporaci\u00f3n municipal, se han desplazado hasta los centros de trabajo de los Programas Experienciales de Empleo y Formaci\u00f3n que se est\u00e1n desarrollando en Caspe, se trata de los programas que a\u00fanan formaci\u00f3n con trabajo remunerado para sus alumnos-trabajadores.<\/p>\n<p>La consejera P\u00e9rez Forni\u00e9s ha estado acompa\u00f1ada por la alcaldesa de Caspe, Ana Jarque. En la primera visita, ha tenido ocasi\u00f3n de ver el trabajo y los avances realizados en el taller \u201cReactivando la Cultura del Hilo I\u201d dedicado al corte y confecci\u00f3n textil y que est\u00e1 formado por 10 alumnas y el equipo docente. Es la primera vez que se realiza esta especialidad en Caspe, es una actividad vinculada a un sector que fue un importante referente laboral en la zona durante d\u00e9cadas y que tuvo especial incidencia en el empleo femenino.\u00a0El programa se ha visto respaldado en la \u00faltima convocatoria de subvenciones de INAEM por lo que tendr\u00e1 continuidad en 2026 con la segunda edici\u00f3n de este proyecto.<\/p>\n<p>La visita ha finalizado en la zona de actuaci\u00f3n del programa \u201cCiudad de Caspe XVI \u201c, donde se imparte formaci\u00f3n a 20 alumnos en las especialidades de alba\u00f1iler\u00eda y carpinter\u00eda. En este caso, se trata de la rehabilitaci\u00f3n del edificio de los antiguos juzgados de Caspe en el que los alumnos desarrollan sus capacidades y habilidades para conseguir su inserci\u00f3n al mundo laboral, a la vez que dotan al municipio de nuevos espacios para fututos usos educativos.<\/p>\n<p>La consejera P\u00e9rez Forni\u00e9s, ha podido hablar tanto con los alumnos\/as como con el equipo docente para conocer de primera mano, c\u00f3mo se est\u00e1n desarrollando estas acciones formativas y los proyectos que est\u00e1n ejecutando. Los Programas Experienciales del INAEM cumplen una triple misi\u00f3n. Adem\u00e1s de formar y favorecer la\u00a0inserci\u00f3n laboral del alumnado participante, impulsan el crecimiento econ\u00f3mico y social de los municipios y las comarcas aragonesas.\u00a0La continuidad de ambos programas est\u00e1 asegurada tras la concesi\u00f3n, por parte de INAEM, de dos subvenciones que suman 891.013 euros para respaldar algo m\u00e1s del 91% de los proyectos presentados a esta \u00faltima convocatoria por el Ayuntamiento. La entidad aportar\u00e1 los 80.350 euros restantes para favorecer la empleabilidad en el municipio.<\/p>\n","protected":false},"excerpt":{"rendered":"Caspe, jueves 8 de enero de 2026- La consejera de Empleo, Ciencia y Universidades, Claudia P\u00e9rez Fornies ha&hellip;\n","protected":false},"author":2,"featured_media":331558,"comment_status":"","ping_status":"","sticky":false,"template":"","format":"standard","meta":{"footnotes":""},"categories":[8],"tags":[17,18,25,24,13,14,11,19,20,9,10,15,16,23,12,21,22],"class_list":{"0":"post-331557","1":"post","2":"type-post","3":"status-publish","4":"format-standard","5":"has-post-thumbnail","7":"category-espana","8":"tag-breaking-news","9":"tag-breakingnews","10":"tag-es","11":"tag-espana","12":"tag-featured-news","13":"tag-featurednews","14":"tag-headlines","15":"tag-latest-news","16":"tag-latestnews","17":"tag-news","18":"tag-noticias","19":"tag-noticias-destacadas","20":"tag-noticiasdestacadas","21":"tag-spain","22":"tag-titulares","23":"tag-ultimas-noticias","24":"tag-ultimasnoticias"},"share_on_mastodon":{"url":"https:\/\/pubeurope.com\/@es\/115865762186877702","error":""},"_links":{"self":[{"href":"https:\/\/www.europesays.com\/es\/wp-json\/wp\/v2\/posts\/331557","targetHints":{"allow":["GET"]}}],"collection":[{"href":"https:\/\/www.europesays.com\/es\/wp-json\/wp\/v2\/posts"}],"about":[{"href":"https:\/\/www.europesays.com\/es\/wp-json\/wp\/v2\/types\/post"}],"author":[{"embeddable":true,"href":"https:\/\/www.europesays.com\/es\/wp-json\/wp\/v2\/users\/2"}],"replies":[{"embeddable":true,"href":"https:\/\/www.europesays.com\/es\/wp-json\/wp\/v2\/comments?post=331557"}],"version-history":[{"count":0,"href":"https:\/\/www.europesays.com\/es\/wp-json\/wp\/v2\/posts\/331557\/revisions"}],"wp:featuredmedia":[{"embeddable":true,"href":"https:\/\/www.europesays.com\/es\/wp-json\/wp\/v2\/media\/331558"}],"wp:attachment":[{"href":"https:\/\/www.europesays.com\/es\/wp-json\/wp\/v2\/media?parent=331557"}],"wp:term":[{"taxonomy":"category","embeddable":true,"href":"https:\/\/www.europesays.com\/es\/wp-json\/wp\/v2\/categories?post=331557"},{"taxonomy":"post_tag","embeddable":true,"href":"https:\/\/www.europesays.com\/es\/wp-json\/wp\/v2\/tags?post=331557"}],"curies":[{"name":"wp","href":"https:\/\/api.w.org\/{rel}","templated":true}]}}