{"id":331567,"date":"2026-01-09T15:15:09","date_gmt":"2026-01-09T15:15:09","guid":{"rendered":"https:\/\/www.europesays.com\/es\/331567\/"},"modified":"2026-01-09T15:15:09","modified_gmt":"2026-01-09T15:15:09","slug":"pellegrini-pasa-de-puntillas-por-el-mercado-de-fichajes-cierra-la-puerta-a-altimira-y-lo-celso-cuenta-con-chimy-avila-y-bakambu","status":"publish","type":"post","link":"https:\/\/www.europesays.com\/es\/331567\/","title":{"rendered":"Pellegrini pasa de puntillas por el mercado de fichajes: cierra la puerta a Altimira y Lo Celso; cuenta con Chimy \u00c1vila y Bakambu"},"content":{"rendered":"<p>El chileno remarca la importancia de jugadores como el mediocentro catal\u00e1n o el mediapunta argentino, avalando con datos su firme opini\u00f3n, al tiempo que pone en valor el aporte que encuentra en los dos atacantes, a quienes seguir\u00e1 dando oportunidades mientras figuren en la plantilla<\/p>\n<p class=\"parrafo\">\u00bfQu\u00e9 entrenador ser\u00eda capaz de rechazar que su club ponga a su disposici\u00f3n fichajes en el presente mercado invernal de fichajes? Ninguno. Nadie rechaza tener una plantilla mejor y \u00e9se es <strong>el principal motivo por el que<\/strong> <strong>Manuel Pellegrini se muestra tan reticente a hablar de las posibles llegadas al Real Betis<\/strong> a lo largo del presente mes de enero. <\/p>\n<p class=\"parrafo\">El t\u00e9cnico chileno habla casi a diario con Manu Fajardo y \u00c1lvaro Ladr\u00f3n de Guevara e incluso propone sobre la mesa algunos nombres que le gustar\u00eda fichar -as\u00ed lo reconocen desde la direcci\u00f3n deportiva verdiblanca-; pero luego, en sus ruedas de prensa, <strong>demuestra ser consciente de que la econom\u00eda de la entidad no permite venirse arriba con contrataciones ut\u00f3picas y expresa el temor a que buscar salidas para facilitar fichajes acabe debilitando a un equipo que est\u00e1 rindiendo muy bien<\/strong>. <\/p>\n<p>Manuel Pellegrini repasa las posibles salidas en el Betis durante este mercado de enero<\/p>\n<p class=\"parrafo\">Pellegrini insiste en que es partidario de reforzarse en el mercado invernal s\u00f3lo si hay opciones reales de mejorar el plantel actual, como sucedi\u00f3 el a\u00f1o pasado con Antony dos Santos y el Cucho Hern\u00e1ndez a pesar de tener que vender al prometedor Assane Diao. En caso contrario o ante la simple duda, prefiere que le dejen el vestuario tal y como est\u00e1. <\/p>\n<p class=\"parrafo\">En este sentido, se ha manifestado en su comparecencia previa a la visita liguera al Real Oviedo cuando ha sido preguntado por las posibles marchas del &#8216;Chimy&#8217; \u00c1vila o C\u00e9dric Bakambu, as\u00ed como <a href=\"https:\/\/www.estadiodeportivo.com\/futbol\/betis\/fulham-tambien-trabaja-fichaje-sergi-altimira-betis-tantea-posible-sustituto-joven-alex-toth-20260106-525744.html\" target=\"_blank\" class=\"intext-link\" rel=\"nofollow noopener\">la condici\u00f3n de Sergi Altimira de pieza estrat\u00e9gica en el mercado<\/a> por su revalorizaci\u00f3n constante y las opciones de ingresar una jugosa plusval\u00eda: cost\u00f3 dos millones de euros y ahora est\u00e1 tasado en 20 \u00f3 25. Otro de los jugadores presa de la rumorolog\u00eda es Giovani Lo Celso, otro a quien el chileno no quiere dejar marchar. <\/p>\n<p><img decoding=\"async\" src=\"https:\/\/www.europesays.com\/es\/wp-content\/uploads\/2026\/01\/0f3938bd-3f07-4a12-ae9a-afc48b67d85a_800x450.jpeg\" loading=\"lazy\"\/>Pellegrini cierra la puerta de salida para Sergi Altimira: \u00abEs un jugador muy importante para el Betis\u00bb  <\/p>\n<p class=\"parrafo\">\u00abYo trato de conversar siempre con todos los jugadores, mucho m\u00e1s con jugadores j\u00f3venes que est\u00e1n empezando una carrera. Sergi creo que ha hecho a\u00f1os brillantes aqu\u00ed en el Betis, llegando desde la tercera divisi\u00f3n (Primera RFEF). No hab\u00eda jugado nunca ni en Segunda ni en Primera divisi\u00f3n pero, a trav\u00e9s del esfuerzo, del trabajo y de la calidad que \u00e9l tiene, ha ido mejorando a\u00f1o tras a\u00f1o\u00bb. <\/p>\n<p class=\"parrafo\">\u00abNo entro en las especulaciones que se leen en prensa y creo que tendr\u00edamos que estar hablando de un jugador para mucho tiempo. <strong>Sergi es parte importante del plantel. Por ah\u00ed he visto que ha jugado menos en alguna competencia, pero es el noveno jugador que m\u00e1s minutos ha jugado de esta plantilla, as\u00ed que es un jugador muy importante<\/strong>. Los rumores, los montos y todas esas cosas lo veremos cuando realmente se produzca\u00bb. <\/p>\n<p>Bakambu no viajar\u00e1 a Oviedo pero sigue contando para Pellegrini <\/p>\n<p class=\"parrafo\">\u00abSiempre he dicho que mientras m\u00e1s jugadores tengamos en el plantel aptos para ser citados, mejor conformado estar\u00e1 el plantel. No hablo de salidas, entradas porque en este momento creo que s\u00f3lo son rumores. <strong>Bakambu es parte del plantel aunque no vaya a estar citado el d\u00eda de ma\u00f1ana<\/strong>, porque <a href=\"https:\/\/www.estadiodeportivo.com\/futbol\/betis\/bakambu-vuelve-contar-para-pellegrini-con-betis-jugando-tres-bandas-esperando-noticias-del-mercado-invernal-fichajes-20260108-525944.html\" target=\"_blank\" class=\"intext-link\" rel=\"nofollow noopener\">reci\u00e9n ha llegado (de la Copa de \u00c1frica) y no se ha entrenado<\/a> en toda la semana. Tiene que ponerse al d\u00eda en la parte f\u00edsica; pero <strong>ning\u00fan jugador que est\u00e9 en el plantel est\u00e1 descartado para m\u00ed porque son todos muy \u00fatiles y as\u00ed lo demuestran los n\u00fameros del equipo<\/strong>\u00ab. <\/p>\n<p>El Chimy \u00c1vila, objetivo de Getafe y Boca Juniors, seguir\u00e1 siendo convocado mientras sea jugador del Real Betis<\/p>\n<p class=\"parrafo\">\u00ab<strong>Chimy est\u00e1 entrenando muy bien, es parte del plantel y, como vengo diciendo, estoy ampliamente satisfecho con lo que ha hecho el plantel en esta primera parte del a\u00f1o.<\/strong> Todav\u00eda falta, como le dije a los jugadores, poder cosechar la siembra. Todo est\u00e1 sembrado en las tres competiciones y ahora hay que cosecharlo\u00bb. <\/p>\n<p><a class=\"elementos-rel-t2\" href=\"https:\/\/www.estadiodeportivo.com\/futbol\/betis\/fajardo-observa-nuevo-regreso-antes-viajar-oviedo-20260109-526056.html\" title=\"Fajardo observa al nuevo regreso antes de viajar a Oviedo\" rel=\"nofollow noopener\" target=\"_blank\"><\/p>\n<p class=\"titular titulo-4\">Fajardo observa al nuevo regreso antes de viajar a Oviedo<\/p>\n<p><img decoding=\"async\" src=\"https:\/\/www.europesays.com\/es\/wp-content\/uploads\/2026\/01\/6f57b8ae-059e-4477-9aa3-0887b32df12e_320x180.jpeg\" alt=\"Fajardo observa al nuevo regreso antes de viajar a Oviedo\"\/><\/a><a class=\"elementos-rel-t2\" href=\"https:\/\/www.estadiodeportivo.com\/futbol\/betis\/fichaje-del-chimy-avila-por-getafe-complica-tras-reunion-con-laliga-boca-juniors-confia-poder-convencer-betis-20260109-526037.html\" title=\"El fichaje del Chimy \u00c1vila por el Getafe se complica tras una fallida reuni\u00f3n con LaLiga y Boca Juniors conf\u00eda en convencer al Betis\" rel=\"nofollow noopener\" target=\"_blank\"><\/p>\n<p class=\"titular titulo-4\">El fichaje del Chimy \u00c1vila por el Getafe se complica tras una fallida reuni\u00f3n con LaLiga y Boca Juniors conf\u00eda en convencer al Betis<\/p>\n<p><img decoding=\"async\" src=\"https:\/\/www.europesays.com\/es\/wp-content\/uploads\/2026\/01\/903efccb-cc93-4e3b-8876-c1fec50e1d17_320x180.jpeg\" alt=\"El fichaje del Chimy \u00c1vila por el Getafe se complica tras una fallida reuni\u00f3n con LaLiga y Boca Juniors conf\u00eda en convencer al Betis\"\/><\/a><\/p>\n<p class=\"parrafo\">\u00abEl Chimy ha sido tambi\u00e9n parte de todo eso, con mayor o menor protagonismo y contesto lo mismo que sobre Bakamb\u00fa: los jugadores que est\u00e1n en el plantel se mantienen totalmente vigentes. Lo de los rumores y las especulaciones, ya veremos cu\u00e1ndo se produzcan. De momento no hay hecho nada concreto\u00bb. <\/p>\n<p>El Inter de Miami insiste, pero Pellegrini cierra la puerta de salida para Lo Celso<\/p>\n<p class=\"parrafo\">\u00abA ver, para m\u00ed<strong> es imposible cerrar la puerta de salida de nadie, porque son decisiones que no dependen solamente de un cuerpo t\u00e9cnico.<\/strong> <strong>Lo que s\u00ed les puedo asegurar al 100% es que Gio est\u00e1 considerado como uno de los jugadores m\u00e1s importantes del plantel y lo va a seguir siendo<\/strong>, por lo menos desde el punto de vista t\u00e9cnico\u00bb. <\/p>\n","protected":false},"excerpt":{"rendered":"El chileno remarca la importancia de jugadores como el mediocentro catal\u00e1n o el mediapunta argentino, avalando con datos&hellip;\n","protected":false},"author":2,"featured_media":331568,"comment_status":"","ping_status":"","sticky":false,"template":"","format":"standard","meta":{"footnotes":""},"categories":[268],"tags":[17937,37591,168,25,24,284,285,280,282,2048,286,76344,281,23,167],"class_list":{"0":"post-331567","1":"post","2":"type-post","3":"status-publish","4":"format-standard","5":"has-post-thumbnail","7":"category-futbol","8":"tag-cedric-bakambu","9":"tag-chimy-avila","10":"tag-deportes","11":"tag-es","12":"tag-espana","13":"tag-estadio-deportivo","14":"tag-fichajes","15":"tag-football","16":"tag-futbol","17":"tag-manuel-pellegrini","18":"tag-real-betis-balompie","19":"tag-sergi-altimira","20":"tag-soccer","21":"tag-spain","22":"tag-sports"},"share_on_mastodon":{"url":"https:\/\/pubeurope.com\/@es\/115865801555490169","error":""},"_links":{"self":[{"href":"https:\/\/www.europesays.com\/es\/wp-json\/wp\/v2\/posts\/331567","targetHints":{"allow":["GET"]}}],"collection":[{"href":"https:\/\/www.europesays.com\/es\/wp-json\/wp\/v2\/posts"}],"about":[{"href":"https:\/\/www.europesays.com\/es\/wp-json\/wp\/v2\/types\/post"}],"author":[{"embeddable":true,"href":"https:\/\/www.europesays.com\/es\/wp-json\/wp\/v2\/users\/2"}],"replies":[{"embeddable":true,"href":"https:\/\/www.europesays.com\/es\/wp-json\/wp\/v2\/comments?post=331567"}],"version-history":[{"count":0,"href":"https:\/\/www.europesays.com\/es\/wp-json\/wp\/v2\/posts\/331567\/revisions"}],"wp:featuredmedia":[{"embeddable":true,"href":"https:\/\/www.europesays.com\/es\/wp-json\/wp\/v2\/media\/331568"}],"wp:attachment":[{"href":"https:\/\/www.europesays.com\/es\/wp-json\/wp\/v2\/media?parent=331567"}],"wp:term":[{"taxonomy":"category","embeddable":true,"href":"https:\/\/www.europesays.com\/es\/wp-json\/wp\/v2\/categories?post=331567"},{"taxonomy":"post_tag","embeddable":true,"href":"https:\/\/www.europesays.com\/es\/wp-json\/wp\/v2\/tags?post=331567"}],"curies":[{"name":"wp","href":"https:\/\/api.w.org\/{rel}","templated":true}]}}