{"id":331592,"date":"2026-01-09T15:34:08","date_gmt":"2026-01-09T15:34:08","guid":{"rendered":"https:\/\/www.europesays.com\/es\/331592\/"},"modified":"2026-01-09T15:34:08","modified_gmt":"2026-01-09T15:34:08","slug":"carlos-alcaraz-aterriza-el-domingo-en-melbourne-e-ira-directo-a-entrenar","status":"publish","type":"post","link":"https:\/\/www.europesays.com\/es\/331592\/","title":{"rendered":"Carlos Alcaraz aterriza el domingo en Melbourne e \u00a1ir\u00e1 directo a entrenar!"},"content":{"rendered":"<p data-mrf-recirculation=\"Links P\u00e1rrafos\" class=\"ue-c-article__paragraph paragraph ue-c-article--first-letter-highlighted\"><strong>Carlos Alcaraz tiene entre ceja y ceja la opci\u00f3n de ganar el t\u00edtulo del pr\u00f3ximo Open de Australia<\/strong>, lo que le convertir\u00eda en el m\u00e1s precoz en completar el c\u00edrculo de los &#8216;Grand Slam&#8217; a sus 22 a\u00f1os.\u00a0<\/p>\n<p data-mrf-recirculation=\"Links P\u00e1rrafos\" class=\"ue-c-article__paragraph paragraph\"><strong>El murciano juega este s\u00e1bado una exhibici\u00f3n con Jannik Sinner en Corea del Sur<\/strong> e inmediatamente despu\u00e9s tomar\u00e1 un vuelo direcci\u00f3n Melbourne donde aterrizar\u00e1 en la ma\u00f1ana del domingo.\u00a0<\/p>\n<p data-mrf-recirculation=\"Links P\u00e1rrafos\" class=\"ue-c-article__paragraph paragraph\">El n\u00famero uno mundial apenas tendr\u00e1 tiempo de dejar las bolsas en el hotel y comer porque por la tarde, seg\u00fan ha podido saber MARCA, <strong>ya tiene prevista la primera sesi\u00f3n preparatoria en la Rod Laver Arena, la central del Melbourne Park<\/strong>. No hay tiempo que perder para adaptarse a las nuevas condiciones de juego y al calor y el nuevo horario (10 horas m\u00e1s respecto a Espa\u00f1a).\u00a0<\/p>\n<p>Doble aparici\u00f3n<br \/>\u200b<\/p>\n<p data-mrf-recirculation=\"Links P\u00e1rrafos\" class=\"ue-c-article__paragraph paragraph\">Alcaraz ser\u00e1, junto a Jannik Sinner, <strong><a href=\"https:\/\/www.marca.com\/tenis\/2025\/10\/07\/alcaraz-enfrentara-amateurs-proximo-open-australia-millon-dolares-juego.html\" target=\"_blank\" rel=\"nofollow noopener\">una de las estrellas de &#8216;1 Point Slam&#8217; el mi\u00e9rcoles 14<\/a><\/strong>. Un d\u00eda m\u00e1s tarde se medir\u00e1 al \u00eddolo local, Alex de Mi\u00f1aur. Horas antes habr\u00e1 conocido a sus rivales en un cuadro en el que aparecer\u00e1 por primera vez como cabeza de serie n\u00famero uno.\u00a0<\/p>\n","protected":false},"excerpt":{"rendered":"Carlos Alcaraz tiene entre ceja y ceja la opci\u00f3n de ganar el t\u00edtulo del pr\u00f3ximo Open de Australia,&hellip;\n","protected":false},"author":2,"featured_media":331593,"comment_status":"","ping_status":"","sticky":false,"template":"","format":"standard","meta":{"footnotes":""},"categories":[274],"tags":[168,25,24,23,167,327,326],"class_list":{"0":"post-331592","1":"post","2":"type-post","3":"status-publish","4":"format-standard","5":"has-post-thumbnail","7":"category-tenis","8":"tag-deportes","9":"tag-es","10":"tag-espana","11":"tag-spain","12":"tag-sports","13":"tag-tenis","14":"tag-tennis"},"share_on_mastodon":{"url":"https:\/\/pubeurope.com\/@es\/115865876252971251","error":""},"_links":{"self":[{"href":"https:\/\/www.europesays.com\/es\/wp-json\/wp\/v2\/posts\/331592","targetHints":{"allow":["GET"]}}],"collection":[{"href":"https:\/\/www.europesays.com\/es\/wp-json\/wp\/v2\/posts"}],"about":[{"href":"https:\/\/www.europesays.com\/es\/wp-json\/wp\/v2\/types\/post"}],"author":[{"embeddable":true,"href":"https:\/\/www.europesays.com\/es\/wp-json\/wp\/v2\/users\/2"}],"replies":[{"embeddable":true,"href":"https:\/\/www.europesays.com\/es\/wp-json\/wp\/v2\/comments?post=331592"}],"version-history":[{"count":0,"href":"https:\/\/www.europesays.com\/es\/wp-json\/wp\/v2\/posts\/331592\/revisions"}],"wp:featuredmedia":[{"embeddable":true,"href":"https:\/\/www.europesays.com\/es\/wp-json\/wp\/v2\/media\/331593"}],"wp:attachment":[{"href":"https:\/\/www.europesays.com\/es\/wp-json\/wp\/v2\/media?parent=331592"}],"wp:term":[{"taxonomy":"category","embeddable":true,"href":"https:\/\/www.europesays.com\/es\/wp-json\/wp\/v2\/categories?post=331592"},{"taxonomy":"post_tag","embeddable":true,"href":"https:\/\/www.europesays.com\/es\/wp-json\/wp\/v2\/tags?post=331592"}],"curies":[{"name":"wp","href":"https:\/\/api.w.org\/{rel}","templated":true}]}}