{"id":331594,"date":"2026-01-09T15:35:12","date_gmt":"2026-01-09T15:35:12","guid":{"rendered":"https:\/\/www.europesays.com\/es\/331594\/"},"modified":"2026-01-09T15:35:12","modified_gmt":"2026-01-09T15:35:12","slug":"hice-2-minutos-a-957-vatios-pregunten-a-pogacar-si-puede-lograrlo","status":"publish","type":"post","link":"https:\/\/www.europesays.com\/es\/331594\/","title":{"rendered":"Hice 2 minutos a 9,57 vatios, pregunten a Pogacar si puede lograrlo"},"content":{"rendered":"<p style=\"text-align: justify;\">\u201cHice 2 minutos a 9,57 vatios, pregunten a Pogacar si puede lograrlo\u201d. El interesante desaf\u00edo no es broma y corresponde al ex ciclista profesional Remmert Wielinga, quien hace una d\u00e9cada y media corri\u00f3 en el Pro Tour para Saunier Duval, Quick Step y Rabobank. El ex pedalista tiene ahora 47 a\u00f1os pero se mantiene muy en forma y a\u00fan posee el r\u00e9cord en un segmento de Strava que sali\u00f3 ayer a la luz porque Tadej Pogacar lo hizo y qued\u00f3 segundo.<\/p>\n<p>\u201cEstoy seguro que Pogacar no lo hizo a toda velocidad\u201d<\/p>\n<p style=\"text-align: justify;\">La situaci\u00f3n es curiosa, pr\u00e1cticamente anecd\u00f3tica, porque seguramente el esloveno no rod\u00f3 a tope. Se trata de un tramo de 22.1 kil\u00f3metros entre Niza y M\u00f3naco, una ruta monta\u00f1osa de la Costa Azul para la que el campe\u00f3n mundial emple\u00f3 43:19. En tiempos de <a href=\"https:\/\/ciclismointernacional.com\/pogacar-todavia-mejora-vuelve-a-batir-un-record-de-escalada\/\" target=\"_blank\" rel=\"noopener nofollow\">Strava, redes y r\u00e9cords<\/a>, eso qued\u00f3 registrado, as\u00ed como tambi\u00e9n que fue el segundo mejor registro all\u00ed por detr\u00e1s del que fij\u00f3 Wielinga el 17 de noviembre de 2023: 42 minutos, a 31.7 km\/h.<\/p>\n<p style=\"text-align: justify;\">Pese a que esto no significa nada para el de UAE, para el neerland\u00e9s es un hito y cuando fue consultado por Wielerflits se mostr\u00f3 feliz por el reconocimiento. Cercano a los 50, el \u201ctulip\u00e1n\u201d vive en M\u00f3naco y sigue entrenando por la zona. \u201cBuena ruta de Pogacar. Sabe d\u00f3nde est\u00e1\u201d, expres\u00f3 en referencia a que Pogi, tambi\u00e9n residente del principado, conocer un camino selecto que usan los corredores de cierto nivel.<\/p>\n<p style=\"text-align: justify;\">\u201cEse segmento Niza-M\u00f3naco no es tan importante. Estoy seguro que Pogacar no lo hizo a toda velocidad. En condiciones de carrera, con rutas cerradas, estos tiempos ser\u00edan destrozados\u201d, se sincer\u00f3 <a href=\"https:\/\/www.instagram.com\/taceagaiagababab3937\/\" target=\"_blank\" rel=\"noopener nofollow\">Remmert<\/a>. \u00c9l, por su parte, contin\u00faa muy activo y cont\u00f3 que en 2025 entren\u00f3 17298 kil\u00f3metros. \u201cDesde que naci\u00f3 nuestro segundo hijo, en 2023, ha sido menos que en a\u00f1os anteriores. Ahora la calidad se imponer a la cantidad\u201d, explic\u00f3.<\/p>\n<p><img loading=\"lazy\" decoding=\"async\" class=\"wp-image-210332 size-full aligncenter perfmatters-lazy\" alt=\"\" width=\"487\" height=\"800\" src=\"https:\/\/www.europesays.com\/es\/wp-content\/uploads\/2026\/01\/wielinga-strava.webp.webp\"  data-\/><\/p>\n<p>\u201cHice 2 minutos a 9,57 vatios, pregunten a Pogacar si puede lograrlo\u201d<\/p>\n<p style=\"text-align: justify;\">Por \u00faltimo, medio en broma medio en serio, lanz\u00f3 un desaf\u00edo para Tadej. \u201cEn Navidad hice 2 minutos a 9,57 vatios, pregunten a Pogacar si puede lograrlo\u201d, concluy\u00f3 quien dej\u00f3 el ciclismo con una participaci\u00f3n en el Tour de France y tres dianas, destacando un parcial de la Vuelta a Andaluc\u00eda de 2003 y uno de los Trofeos de Mallorca de ese mismo a\u00f1o. Desde entonces se dedica al triatl\u00f3n y escribi\u00f3 el libro \u2018Cycling \u2013 Serious about your Sport\u2019.<\/p>\n<p>\tDescubre m\u00e1s desde Ciclismo Internacional<\/p>\n<p class=\"has-text-align-center\" style=\"margin-top:10px;margin-bottom:10px;font-size:15px\">Suscr\u00edbete y recibe las \u00faltimas entradas en tu correo electr\u00f3nico.<\/p>\n<p>\t\t<script async src=\"\/\/www.instagram.com\/embed.js\"><\/script><\/p>\n","protected":false},"excerpt":{"rendered":"\u201cHice 2 minutos a 9,57 vatios, pregunten a Pogacar si puede lograrlo\u201d. El interesante desaf\u00edo no es broma&hellip;\n","protected":false},"author":2,"featured_media":331595,"comment_status":"","ping_status":"","sticky":false,"template":"","format":"standard","meta":{"footnotes":""},"categories":[273],"tags":[313,312,168,25,24,23,167],"class_list":{"0":"post-331594","1":"post","2":"type-post","3":"status-publish","4":"format-standard","5":"has-post-thumbnail","7":"category-ciclismo","8":"tag-ciclismo","9":"tag-cycling","10":"tag-deportes","11":"tag-es","12":"tag-espana","13":"tag-spain","14":"tag-sports"},"share_on_mastodon":{"url":"https:\/\/pubeurope.com\/@es\/115865880012552494","error":""},"_links":{"self":[{"href":"https:\/\/www.europesays.com\/es\/wp-json\/wp\/v2\/posts\/331594","targetHints":{"allow":["GET"]}}],"collection":[{"href":"https:\/\/www.europesays.com\/es\/wp-json\/wp\/v2\/posts"}],"about":[{"href":"https:\/\/www.europesays.com\/es\/wp-json\/wp\/v2\/types\/post"}],"author":[{"embeddable":true,"href":"https:\/\/www.europesays.com\/es\/wp-json\/wp\/v2\/users\/2"}],"replies":[{"embeddable":true,"href":"https:\/\/www.europesays.com\/es\/wp-json\/wp\/v2\/comments?post=331594"}],"version-history":[{"count":0,"href":"https:\/\/www.europesays.com\/es\/wp-json\/wp\/v2\/posts\/331594\/revisions"}],"wp:featuredmedia":[{"embeddable":true,"href":"https:\/\/www.europesays.com\/es\/wp-json\/wp\/v2\/media\/331595"}],"wp:attachment":[{"href":"https:\/\/www.europesays.com\/es\/wp-json\/wp\/v2\/media?parent=331594"}],"wp:term":[{"taxonomy":"category","embeddable":true,"href":"https:\/\/www.europesays.com\/es\/wp-json\/wp\/v2\/categories?post=331594"},{"taxonomy":"post_tag","embeddable":true,"href":"https:\/\/www.europesays.com\/es\/wp-json\/wp\/v2\/tags?post=331594"}],"curies":[{"name":"wp","href":"https:\/\/api.w.org\/{rel}","templated":true}]}}