{"id":331596,"date":"2026-01-09T15:37:07","date_gmt":"2026-01-09T15:37:07","guid":{"rendered":"https:\/\/www.europesays.com\/es\/331596\/"},"modified":"2026-01-09T15:37:07","modified_gmt":"2026-01-09T15:37:07","slug":"3-traspasos-para-los-golden-state-warriors","status":"publish","type":"post","link":"https:\/\/www.europesays.com\/es\/331596\/","title":{"rendered":"3 traspasos para los Golden State Warriors"},"content":{"rendered":"<p>En este v\u00eddeo exploramos la situaci\u00f3n salarial de los Los Golden State Warriors est\u00e1n llamados a ser uno de los grandes protagonistas del mercado de traspasos en la NBA este a\u00f1o.<\/p>\n<p>Los Golden State Warriors est\u00e1n llamados a ser uno de los grandes protagonistas del mercado de traspasos en la NBA este a\u00f1o.<\/p>\n<p>Jonathan Kuminga es su gran activo para mejorar una plantilla que no est\u00e1 funcionando y que corre el peligro de desaprovechar una grand\u00edsima temporada de Stephen Curry.<\/p>\n<p>\u00bfCu\u00e1l es su situaci\u00f3n salarial? \u00bfEs momento de traspasar a Jimmy Butler? \u00bfQu\u00e9 jugadores deber\u00edan ser el objetivo de los Warriors? En este v\u00eddeo analizamos los principales traspasos que podr\u00eda hacer Golden State en el pr\u00f3ximo trade deadline.<\/p>\n","protected":false},"excerpt":{"rendered":"En este v\u00eddeo exploramos la situaci\u00f3n salarial de los Los Golden State Warriors est\u00e1n llamados a ser uno&hellip;\n","protected":false},"author":2,"featured_media":331597,"comment_status":"","ping_status":"","sticky":false,"template":"","format":"standard","meta":{"footnotes":""},"categories":[269],"tags":[299,298,168,25,24,1725,23,167],"class_list":{"0":"post-331596","1":"post","2":"type-post","3":"status-publish","4":"format-standard","5":"has-post-thumbnail","7":"category-baloncesto","8":"tag-baloncesto","9":"tag-basketball","10":"tag-deportes","11":"tag-es","12":"tag-espana","13":"tag-nba","14":"tag-spain","15":"tag-sports"},"share_on_mastodon":{"url":"https:\/\/pubeurope.com\/@es\/115865888137133295","error":""},"_links":{"self":[{"href":"https:\/\/www.europesays.com\/es\/wp-json\/wp\/v2\/posts\/331596","targetHints":{"allow":["GET"]}}],"collection":[{"href":"https:\/\/www.europesays.com\/es\/wp-json\/wp\/v2\/posts"}],"about":[{"href":"https:\/\/www.europesays.com\/es\/wp-json\/wp\/v2\/types\/post"}],"author":[{"embeddable":true,"href":"https:\/\/www.europesays.com\/es\/wp-json\/wp\/v2\/users\/2"}],"replies":[{"embeddable":true,"href":"https:\/\/www.europesays.com\/es\/wp-json\/wp\/v2\/comments?post=331596"}],"version-history":[{"count":0,"href":"https:\/\/www.europesays.com\/es\/wp-json\/wp\/v2\/posts\/331596\/revisions"}],"wp:featuredmedia":[{"embeddable":true,"href":"https:\/\/www.europesays.com\/es\/wp-json\/wp\/v2\/media\/331597"}],"wp:attachment":[{"href":"https:\/\/www.europesays.com\/es\/wp-json\/wp\/v2\/media?parent=331596"}],"wp:term":[{"taxonomy":"category","embeddable":true,"href":"https:\/\/www.europesays.com\/es\/wp-json\/wp\/v2\/categories?post=331596"},{"taxonomy":"post_tag","embeddable":true,"href":"https:\/\/www.europesays.com\/es\/wp-json\/wp\/v2\/tags?post=331596"}],"curies":[{"name":"wp","href":"https:\/\/api.w.org\/{rel}","templated":true}]}}