{"id":331618,"date":"2026-01-09T15:50:07","date_gmt":"2026-01-09T15:50:07","guid":{"rendered":"https:\/\/www.europesays.com\/es\/331618\/"},"modified":"2026-01-09T15:50:07","modified_gmt":"2026-01-09T15:50:07","slug":"editorial-universitaria-estara-presente-en-congreso-futuro-2026","status":"publish","type":"post","link":"https:\/\/www.europesays.com\/es\/331618\/","title":{"rendered":"Editorial Universitaria estar\u00e1 presente en Congreso Futuro 2026"},"content":{"rendered":"<p>Con una propuesta editorial centrada en la divulgaci\u00f3n cient\u00edfica, el pensamiento cr\u00edtico y los grandes debates contempor\u00e1neos, Editorial Universitaria participar\u00e1 en la XV edici\u00f3n de Congreso Futuro, el principal encuentro de ciencia, tecnolog\u00eda y humanidades del pa\u00eds, que se desarrollar\u00e1 entre el 12 y el 17 de enero en distintas regiones de Chile.<\/p>\n<p>Bajo el lema<strong> \u201cHumanidad: \u00bfHacia d\u00f3nde vamos?\u201d<\/strong>, Congreso Futuro celebra 15 a\u00f1os consolid\u00e1ndose como un espacio de reflexi\u00f3n abierta y transversal. En esta edici\u00f3n, el evento reunir\u00e1 a m\u00e1s de 120 speakers nacionales e internacionales, junto a una nutrida programaci\u00f3n de charlas, paneles, experiencias inmersivas, actividades culturales y encuentros paralelos, que dialogan sobre los desaf\u00edos cient\u00edficos, sociales, ambientales y \u00e9ticos de nuestro tiempo.<\/p>\n<p>En este contexto, <a href=\"https:\/\/www.universitaria.cl\/\" rel=\"nofollow noopener\" target=\"_blank\"><strong>Editorial Universitaria<\/strong><\/a> llegar\u00e1 a Congreso Futuro con una cuidada selecci\u00f3n de su cat\u00e1logo cient\u00edfico y de divulgaci\u00f3n, que aborda temas como <strong>cambio clim\u00e1tico, complejidad, biodiversidad, pensamiento sist\u00e9mico, ciencia y sociedad<\/strong>, entre otros. Libros que buscan tender puentes entre el conocimiento acad\u00e9mico y el p\u00fablico general, fomentando una comprensi\u00f3n cr\u00edtica e informada del mundo actual.<\/p>\n<p>Para<strong> Lilian Isamit<\/strong>, gerenta general de Editorial Universitaria, es muy relevante estar nuevamente presente en el Congreso Futuro, porque \u201cde esta manera nos permite posicionar nuestros autores con sus ediciones, sus investigaciones\u00a0 y el conocimiento como herramienta clave\u00a0 para el pensamiento cr\u00edtico\u00a0 considerando las distintas miradas interdisciplinarias\u201d.<\/p>\n<p>Asimismo, agreg\u00f3 que formar parte de esta edici\u00f3n de Congreso Futuro \u201cpermite exponer nuestro cat\u00e1logo editorial y conocer las tendencias en las diversas \u00e1reas del conocimiento, ciencias, tecnolog\u00eda, educaci\u00f3n y cultura. De esta forma nos nutrimos con las necesidades del mercado y reforzamos el compromiso que tenemos en estas materias con nuestro p\u00fablico\u201d.<\/p>\n<p>La presencia de la editorial en este encuentro reafirma su compromiso hist\u00f3rico con la difusi\u00f3n del conocimiento, el acceso a la ciencia y el fortalecimiento del di\u00e1logo entre disciplinas, en sinton\u00eda con el esp\u00edritu de Congreso Futuro: acercar el saber a la ciudadan\u00eda y proyectar colectivamente los futuros posibles.<\/p>\n<p>Con actividades desplegadas en todas las regiones del pa\u00eds y transmisi\u00f3n abierta, Congreso Futuro 2026 es un evento gratuito, abierto e imperdible, donde los libros tambi\u00e9n tienen un rol protag\u00f3nico como herramientas para pensar, cuestionar y comprender los rumbos de la humanidad.<\/p>\n<p itemprop=\"sameAs\">&#13;<br \/>\n        \t\t\t\t\tSophia Cabrera, Editorial Universitaria&#13;\n    \t\t\t\t\t<\/p>\n<p>\t\t\t\t\tPublicado el viernes 09 de enero de 2026<\/p>\n","protected":false},"excerpt":{"rendered":"Con una propuesta editorial centrada en la divulgaci\u00f3n cient\u00edfica, el pensamiento cr\u00edtico y los grandes debates contempor\u00e1neos, Editorial&hellip;\n","protected":false},"author":2,"featured_media":169363,"comment_status":"","ping_status":"","sticky":false,"template":"","format":"standard","meta":{"footnotes":""},"categories":[42],"tags":[17,18,13,14,11,61,62,63,64,19,20,9,10,15,16,12,21,22,65,66,67],"class_list":{"0":"post-331618","1":"post","2":"type-post","3":"status-publish","4":"format-standard","5":"has-post-thumbnail","7":"category-internacional","8":"tag-breaking-news","9":"tag-breakingnews","10":"tag-featured-news","11":"tag-featurednews","12":"tag-headlines","13":"tag-internacional","14":"tag-international","15":"tag-international-news","16":"tag-internationalnews","17":"tag-latest-news","18":"tag-latestnews","19":"tag-news","20":"tag-noticias","21":"tag-noticias-destacadas","22":"tag-noticiasdestacadas","23":"tag-titulares","24":"tag-ultimas-noticias","25":"tag-ultimasnoticias","26":"tag-world","27":"tag-world-news","28":"tag-worldnews"},"share_on_mastodon":{"url":"https:\/\/pubeurope.com\/@es\/115865939103338032","error":""},"_links":{"self":[{"href":"https:\/\/www.europesays.com\/es\/wp-json\/wp\/v2\/posts\/331618","targetHints":{"allow":["GET"]}}],"collection":[{"href":"https:\/\/www.europesays.com\/es\/wp-json\/wp\/v2\/posts"}],"about":[{"href":"https:\/\/www.europesays.com\/es\/wp-json\/wp\/v2\/types\/post"}],"author":[{"embeddable":true,"href":"https:\/\/www.europesays.com\/es\/wp-json\/wp\/v2\/users\/2"}],"replies":[{"embeddable":true,"href":"https:\/\/www.europesays.com\/es\/wp-json\/wp\/v2\/comments?post=331618"}],"version-history":[{"count":0,"href":"https:\/\/www.europesays.com\/es\/wp-json\/wp\/v2\/posts\/331618\/revisions"}],"wp:featuredmedia":[{"embeddable":true,"href":"https:\/\/www.europesays.com\/es\/wp-json\/wp\/v2\/media\/169363"}],"wp:attachment":[{"href":"https:\/\/www.europesays.com\/es\/wp-json\/wp\/v2\/media?parent=331618"}],"wp:term":[{"taxonomy":"category","embeddable":true,"href":"https:\/\/www.europesays.com\/es\/wp-json\/wp\/v2\/categories?post=331618"},{"taxonomy":"post_tag","embeddable":true,"href":"https:\/\/www.europesays.com\/es\/wp-json\/wp\/v2\/tags?post=331618"}],"curies":[{"name":"wp","href":"https:\/\/api.w.org\/{rel}","templated":true}]}}