{"id":331743,"date":"2026-01-09T17:20:10","date_gmt":"2026-01-09T17:20:10","guid":{"rendered":"https:\/\/www.europesays.com\/es\/331743\/"},"modified":"2026-01-09T17:20:10","modified_gmt":"2026-01-09T17:20:10","slug":"esta-otra-opcion-de-joy-con-de-nintendo-switch-2-se-vuelve-viral-y-es-mucho-mas-economica","status":"publish","type":"post","link":"https:\/\/www.europesays.com\/es\/331743\/","title":{"rendered":"Esta otra opci\u00f3n de Joy-Con de Nintendo Switch 2 se vuelve viral y es mucho m\u00e1s econ\u00f3mica"},"content":{"rendered":"<p>Seguro que record\u00e1is el anuncio de <a href=\"https:\/\/www.nintenderos.com\/nintendo-switch-2\/este-nuevo-adaptador-para-switch-2-permite-conectar-los-joy-con-de-switch-1-para-jugar-en-modo-portatil\/\" rel=\"nofollow noopener\" target=\"_blank\">nuevos colores de Joy-Con<\/a>, ideales para jugar a algunos de los\u00a0<a href=\"https:\/\/www.nintenderos.com\/2023\/01\/top-100-mejores-juegos-nintendo-switch\/\" rel=\"nofollow noopener\" target=\"_blank\">mejores juegos de Nintendo Switch<\/a>\u00a0y ahora\u00a0<a href=\"https:\/\/www.nintenderos.com\/nintendo-switch-2\/los-mejores-juegos-de-nintendo-switch-2-por-genero-para-2025\/\" rel=\"nofollow noopener\" target=\"_blank\">tambi\u00e9n de Nintendo Switch 2<\/a>. Se trata de las primeras variantes de color de los Joy-Con para Nintendo Switch 2, que llegar\u00e1n en\u00a0<strong>tonos morado claro y verde claro<\/strong>. Estos nuevos mandos estar\u00e1n disponibles en tiendas a partir del\u00a0<strong>12 de febrero de 2026<\/strong>.<\/p>\n<p>Ahora Nintendo <a href=\"https:\/\/www.nintenderos.com\/nintendo-switch-2\/precio-oficial-y-reservas-abiertas-de-los-nuevos-colores-de-joy-con-para-nintendo-switch-2\/\" rel=\"nofollow noopener\" target=\"_blank\">ya permite reservarlos<\/a> en la My Nintendo Store oficial de Europa, a un precio\u00a0de 89,99\u20ac. Sin embargo, algunos fans est\u00e1n tristes porque parece que Nintendo no planea lanzar mandos de color s\u00f3lido, limitando el dise\u00f1o a peque\u00f1os acentos visibles. Para quienes prefieran un aspecto m\u00e1s uniforme, la marca <strong>Dbrand<\/strong> ha presentado sus skins \u201cColorMatched\u201d, que extienden esos colores acentuados a todo el Joy-Con, logrando un acabado m\u00e1s llamativo y cercano al estilo de la Switch original.<\/p>\n<p>Aunque su tono publicitario sea controvertido, la calidad de sus dise\u00f1os es innegable, y estas fundas cuestan <strong>19,95 d\u00f3lares<\/strong> <a href=\"https:\/\/dbrand.com\/shop\/skins\/nintendo-switch-2-skins\" class=\"external\" rel=\"nofollow noopener\" target=\"_blank\">en su web<\/a>.<\/p>\n<p>Otros contenidos en esta categor\u00eda:<\/p>\n<blockquote class=\"twitter-tweet\">\n<p dir=\"ltr\" lang=\"en\">dw guys we fixed it <a href=\"https:\/\/t.co\/0xPrrozqap\" class=\"external\" rel=\"nofollow\">https:\/\/t.co\/0xPrrozqap<\/a> <a href=\"https:\/\/t.co\/57BKW5ZLSt\" class=\"external\" rel=\"nofollow\">pic.twitter.com\/57BKW5ZLSt<\/a><\/p>\n<p>\u2014 dbrand (@dbrand) <a href=\"https:\/\/twitter.com\/dbrand\/status\/2009361502298632314?ref_src=twsrc%5Etfw\" rel=\"nofollow noopener\" target=\"_blank\">January 8, 2026<\/a><\/p>\n<\/blockquote>\n<p>\u00bfQu\u00e9 os ha parecido la noticia? Pod\u00e9is compartirlo en los comentarios.<\/p>\n<p><a class=\"external\" href=\"https:\/\/www.nintendolife.com\/news\/2026\/01\/disappointed-in-the-switch-2s-joy-con-colours-dbrand-has-you-covered\" rel=\"nofollow noopener\" target=\"_blank\">Fuente<\/a>.<\/p>\n<p>    <script async src=\"https:\/\/platform.twitter.com\/widgets.js\" charset=\"utf-8\"><\/script><\/p>\n","protected":false},"excerpt":{"rendered":"Seguro que record\u00e1is el anuncio de nuevos colores de Joy-Con, ideales para jugar a algunos de los\u00a0mejores juegos&hellip;\n","protected":false},"author":2,"featured_media":331744,"comment_status":"","ping_status":"","sticky":false,"template":"","format":"standard","meta":{"footnotes":""},"categories":[81],"tags":[119,123,124,25,24,144,117,121,122,23,118,120],"class_list":{"0":"post-331743","1":"post","2":"type-post","3":"status-publish","4":"format-standard","5":"has-post-thumbnail","7":"category-ciencia-y-tecnologia","8":"tag-ciencia","9":"tag-ciencia-y-tecnologia","10":"tag-cienciaytecnologia","11":"tag-es","12":"tag-espana","13":"tag-nintendo-switch-2","14":"tag-science","15":"tag-science-and-technology","16":"tag-scienceandtechnology","17":"tag-spain","18":"tag-technology","19":"tag-tecnologia"},"share_on_mastodon":{"url":"https:\/\/pubeurope.com\/@es\/115866292932057796","error":""},"_links":{"self":[{"href":"https:\/\/www.europesays.com\/es\/wp-json\/wp\/v2\/posts\/331743","targetHints":{"allow":["GET"]}}],"collection":[{"href":"https:\/\/www.europesays.com\/es\/wp-json\/wp\/v2\/posts"}],"about":[{"href":"https:\/\/www.europesays.com\/es\/wp-json\/wp\/v2\/types\/post"}],"author":[{"embeddable":true,"href":"https:\/\/www.europesays.com\/es\/wp-json\/wp\/v2\/users\/2"}],"replies":[{"embeddable":true,"href":"https:\/\/www.europesays.com\/es\/wp-json\/wp\/v2\/comments?post=331743"}],"version-history":[{"count":0,"href":"https:\/\/www.europesays.com\/es\/wp-json\/wp\/v2\/posts\/331743\/revisions"}],"wp:featuredmedia":[{"embeddable":true,"href":"https:\/\/www.europesays.com\/es\/wp-json\/wp\/v2\/media\/331744"}],"wp:attachment":[{"href":"https:\/\/www.europesays.com\/es\/wp-json\/wp\/v2\/media?parent=331743"}],"wp:term":[{"taxonomy":"category","embeddable":true,"href":"https:\/\/www.europesays.com\/es\/wp-json\/wp\/v2\/categories?post=331743"},{"taxonomy":"post_tag","embeddable":true,"href":"https:\/\/www.europesays.com\/es\/wp-json\/wp\/v2\/tags?post=331743"}],"curies":[{"name":"wp","href":"https:\/\/api.w.org\/{rel}","templated":true}]}}