{"id":331751,"date":"2026-01-09T17:24:13","date_gmt":"2026-01-09T17:24:13","guid":{"rendered":"https:\/\/www.europesays.com\/es\/331751\/"},"modified":"2026-01-09T17:24:13","modified_gmt":"2026-01-09T17:24:13","slug":"simeone-respondio-a-una-burla-de-vinicius-al-banquillo-del-atletico","status":"publish","type":"post","link":"https:\/\/www.europesays.com\/es\/331751\/","title":{"rendered":"Simeone respondi\u00f3 a una burla de Vinicius al banquillo del Atl\u00e9tico"},"content":{"rendered":"<p data-gtm-element-container=\"modulo-texto-link\" class=\"paragraph\">Las palabras de <strong>Diego Pablo Simeone<\/strong> a <strong>Vinicius<\/strong> siguen dando mucho que hablar. \u00abAcordate, te va a echar <strong>Florentino<\/strong>\u00ab, le dijo en varias ocasiones el t\u00e9cnico del <strong>Atl\u00e9tico de Madrid<\/strong> al brasile\u00f1o desde la banda.<\/p>\n<p data-gtm-element-container=\"modulo-texto-link\" class=\"paragraph\">Las c\u00e1maras de Movistar captaron esa frase del Cholo al delantero brasile\u00f1o, lo que provoc\u00f3 todo tipo de reacciones. La m\u00e1s contundente, sorprendentemente, fue la de <strong>Xabi Alonso.<\/strong> El entrenador blanco acus\u00f3 a <strong>Simeone <\/strong>de tener una actitud de mal deportista, y de l\u00edmites que no se pueden sobrepasar en el campo, asegurando que \u00e9l nunca se hab\u00eda dirigido a un jugador rival.<\/p>\n<p>    Lee tambi\u00e9n<\/p>\n<p data-gtm-element-container=\"modulo-texto-link\" class=\"paragraph\">Sin embargo, MD ha conocido la versi\u00f3n del Atl\u00e9tico o, en este caso, de Simeone. <strong>Todo empez\u00f3 con una burla de Vinicus al banquillo rojiblanco<\/strong>. En una de las muchas ocasiones que tuvo el Atl\u00e9tico, un disparo de Juli\u00e1n Alvarez impact\u00f3 en <strong>Rudiger <\/strong>cuando el bal\u00f3n iba a porter\u00eda. Desde el banquillo colchonero se reclam\u00f3 penalti por mano y el brasile\u00f1o se dirigi\u00f3 a ellos en tono chulesco sin venir a cuento.<\/p>\n<p data-gtm-element-container=\"modulo-texto-link\" class=\"paragraph\"><strong>Simeone se percat\u00f3 de la actitud del futbolista blanco y le pidi\u00f3 que siguiera jugando, a lo que Vinicius respondi\u00f3: \u00abTranquilo, que ahora te pitan penalti\u00bb<\/strong>.\u00a0Fue cuando el Cholo reaccion\u00f3 con esa frase recogida por Movistar: \u00abAcordate, Florentino te va a echar\u00bb. Algo que no sent\u00f3 nada bien al brasile\u00f1o, que desde ese momento estuvo m\u00e1s pendiente del argentino que del partido.\u00a0El propio Simeone explic\u00f3 lo que hab\u00eda pasado a <strong>Carvajal<\/strong>, capit\u00e1n del Real Madrid y que estaba en el banquillo. En un tono cordial, ambos se despidieron con un abrazo.<\/p>\n<p data-gtm-element-container=\"modulo-texto-link\" class=\"paragraph\">Es decir, que lo que hizo Simeone fue reaccionar a un nuevo desprecio de <strong>Vinicius <\/strong>a los rivales, en este caso, a los integrantes del banquillo del Atl\u00e9tico de Madrid que hab\u00edan protestado esa jugada que, por cierto, no tuvo una sola repetici\u00f3n. <strong>Al final del encuentro, el brasile\u00f1o estuvo esperando al Cholo, pero el t\u00e9cnico rojiblanco evit\u00f3 cruzarse con \u00e9l.<\/strong><\/p>\n<p data-gtm-element-container=\"modulo-texto-link\" class=\"paragraph\">Un cap\u00edtulo m\u00e1s de los enfrentamientos protagonizados por Vinicius, que ya ha tenido piques con muchos jugadores de LaLiga y que se ha dirigido en varias ocasiones a otras aficiones mand\u00e1ndolas a Segunda. La \u00faltima, la del Oviedo hace pocas semanas.<\/p>\n","protected":false},"excerpt":{"rendered":"Las palabras de Diego Pablo Simeone a Vinicius siguen dando mucho que hablar. \u00abAcordate, te va a echar&hellip;\n","protected":false},"author":2,"featured_media":331752,"comment_status":"","ping_status":"","sticky":false,"template":"","format":"standard","meta":{"footnotes":""},"categories":[5],"tags":[17,18,25,24,13,14,11,19,20,9,10,15,16,23,12,21,22],"class_list":{"0":"post-331751","1":"post","2":"type-post","3":"status-publish","4":"format-standard","5":"has-post-thumbnail","7":"category-titulares","8":"tag-breaking-news","9":"tag-breakingnews","10":"tag-es","11":"tag-espana","12":"tag-featured-news","13":"tag-featurednews","14":"tag-headlines","15":"tag-latest-news","16":"tag-latestnews","17":"tag-news","18":"tag-noticias","19":"tag-noticias-destacadas","20":"tag-noticiasdestacadas","21":"tag-spain","22":"tag-titulares","23":"tag-ultimas-noticias","24":"tag-ultimasnoticias"},"share_on_mastodon":{"url":"https:\/\/pubeurope.com\/@es\/115866308653717047","error":""},"_links":{"self":[{"href":"https:\/\/www.europesays.com\/es\/wp-json\/wp\/v2\/posts\/331751","targetHints":{"allow":["GET"]}}],"collection":[{"href":"https:\/\/www.europesays.com\/es\/wp-json\/wp\/v2\/posts"}],"about":[{"href":"https:\/\/www.europesays.com\/es\/wp-json\/wp\/v2\/types\/post"}],"author":[{"embeddable":true,"href":"https:\/\/www.europesays.com\/es\/wp-json\/wp\/v2\/users\/2"}],"replies":[{"embeddable":true,"href":"https:\/\/www.europesays.com\/es\/wp-json\/wp\/v2\/comments?post=331751"}],"version-history":[{"count":0,"href":"https:\/\/www.europesays.com\/es\/wp-json\/wp\/v2\/posts\/331751\/revisions"}],"wp:featuredmedia":[{"embeddable":true,"href":"https:\/\/www.europesays.com\/es\/wp-json\/wp\/v2\/media\/331752"}],"wp:attachment":[{"href":"https:\/\/www.europesays.com\/es\/wp-json\/wp\/v2\/media?parent=331751"}],"wp:term":[{"taxonomy":"category","embeddable":true,"href":"https:\/\/www.europesays.com\/es\/wp-json\/wp\/v2\/categories?post=331751"},{"taxonomy":"post_tag","embeddable":true,"href":"https:\/\/www.europesays.com\/es\/wp-json\/wp\/v2\/tags?post=331751"}],"curies":[{"name":"wp","href":"https:\/\/api.w.org\/{rel}","templated":true}]}}