{"id":331755,"date":"2026-01-09T17:30:14","date_gmt":"2026-01-09T17:30:14","guid":{"rendered":"https:\/\/www.europesays.com\/es\/331755\/"},"modified":"2026-01-09T17:30:14","modified_gmt":"2026-01-09T17:30:14","slug":"el-tour-de-zwift-2026-llega-con-recompensas-y-sorteo-para-los-zwifters-mas-fieles","status":"publish","type":"post","link":"https:\/\/www.europesays.com\/es\/331755\/","title":{"rendered":"el Tour de Zwift 2026 llega con recompensas y sorteo para los Zwifters m\u00e1s fieles"},"content":{"rendered":"<p>El Tour de Zwift, el mayor evento anual de la plataforma Zwift, est\u00e1 dando la bienvenida a 2026 entre el 5 de enero y el 22 de febrero, con la participaci\u00f3n de cientos de miles de ciclistas y corredores de todo el mundo que compartir\u00e1n kil\u00f3metros en nueve mundos virtuales.<\/p>\n<p>El evento, que se extiende durante <strong>seis semanas,<\/strong> cuenta con una estructura pensada para adaptarse a todos los niveles y horarios. Cada etapa dura una semana y ofrecer\u00e1 tres opciones de distancia \u2014Larga, Est\u00e1ndar y Corta\u2014, que podr\u00e1n completarse tanto en formato paseo como en carrera. Adem\u00e1s, Zwift volver\u00e1 a apostar por un modelo flexible, combinando actividades programadas con opciones bajo demanda, para que cada deportista pueda integrar el Tour en su planificaci\u00f3n personal.<\/p>\n<p><img class=\" lazyload\" border=\"0\" alt=\"6 semanas para ponerse en forma desde casa: el Tour de Zwift 2026 llega con recompensas y sorteo para los Zwifters m\u00e1s fieles\" width=\"1120\" height=\"630\"  data-\/><\/p>\n<p><strong>Como novedad clave en el calendario, del 16 al 22 de febrero se habilitar\u00e1 una semana de recuperaci\u00f3n<\/strong>, dise\u00f1ada <strong>para que los participantes puedan completar aquellas etapas que no hayan podido realizar en su semana correspondiente.<\/strong><\/p>\n<p>El Tour de Zwift tambi\u00e9n tendr\u00e1 un papel destacado para los corredores a pie, con eventos entre semana de unos 5 km y una carrera larga de 10 km disponible durante el fin de semana, ampliando as\u00ed el alcance del evento m\u00e1s all\u00e1 del ciclismo indoor.<\/p>\n<p>Fiel a su esp\u00edritu, el Tour de Zwift volver\u00e1 a ser una aut\u00e9ntica celebraci\u00f3n con grupos multitudinarios y ambiente festivo. A lo largo del evento, los participantes podr\u00e1n desbloquear insignias y equipamiento exclusivo dentro de la plataforma.<\/p>\n<p><img class=\" lazyload\" border=\"0\" alt=\"6 semanas para ponerse en forma desde casa: el Tour de Zwift 2026 llega con recompensas y sorteo para los Zwifters m\u00e1s fieles\" width=\"1120\" height=\"630\"  data-\/><\/p>\n<p>Los Zwifters m\u00e1s ambiciosos<strong> podr\u00e1n enfrentarse al Desaf\u00edo Definitivo (Ultimate Challenge), que consiste en completar las tres distancias \u2014larga, est\u00e1ndar y corta\u2014 en cada una de las seis etapas<\/strong>. Quienes consigan el reto recibir\u00e1n una bonificaci\u00f3n de 12.500 XP y desbloquear\u00e1n la exclusiva Afterparty Cap.<\/p>\n<p>Sorteo y kit de edici\u00f3n limitada<\/p>\n<p>Todos los participantes que completen el Ultimate Challenge <strong>entrar\u00e1n autom\u00e1ticamente en el sorteo de un TDZ x Pedal Mafia Zwift Ride Smart Frame,<\/strong> una pieza \u00fanica creada espec\u00edficamente para el evento.<\/p>\n<p><img class=\" lazyload\" border=\"0\" alt=\"6 semanas para ponerse en forma desde casa: el Tour de Zwift 2026 llega con recompensas y sorteo para los Zwifters m\u00e1s fieles\" width=\"1120\" height=\"630\"  data-\/><\/p>\n<p>Adem\u00e1s, quienes quieran llevar el esp\u00edritu del Tour de Zwift fuera de la pantalla podr\u00e1n adquirir el kit de edici\u00f3n limitada Zwift x Pedal Mafia Tour de Zwift, disponible a nivel mundial a trav\u00e9s de Pedal Mafia.<\/p>\n","protected":false},"excerpt":{"rendered":"El Tour de Zwift, el mayor evento anual de la plataforma Zwift, est\u00e1 dando la bienvenida a 2026&hellip;\n","protected":false},"author":2,"featured_media":331756,"comment_status":"","ping_status":"","sticky":false,"template":"","format":"standard","meta":{"footnotes":""},"categories":[273],"tags":[313,312,168,25,24,23,167],"class_list":{"0":"post-331755","1":"post","2":"type-post","3":"status-publish","4":"format-standard","5":"has-post-thumbnail","7":"category-ciclismo","8":"tag-ciclismo","9":"tag-cycling","10":"tag-deportes","11":"tag-es","12":"tag-espana","13":"tag-spain","14":"tag-sports"},"share_on_mastodon":{"url":"https:\/\/pubeurope.com\/@es\/115866332185473453","error":""},"_links":{"self":[{"href":"https:\/\/www.europesays.com\/es\/wp-json\/wp\/v2\/posts\/331755","targetHints":{"allow":["GET"]}}],"collection":[{"href":"https:\/\/www.europesays.com\/es\/wp-json\/wp\/v2\/posts"}],"about":[{"href":"https:\/\/www.europesays.com\/es\/wp-json\/wp\/v2\/types\/post"}],"author":[{"embeddable":true,"href":"https:\/\/www.europesays.com\/es\/wp-json\/wp\/v2\/users\/2"}],"replies":[{"embeddable":true,"href":"https:\/\/www.europesays.com\/es\/wp-json\/wp\/v2\/comments?post=331755"}],"version-history":[{"count":0,"href":"https:\/\/www.europesays.com\/es\/wp-json\/wp\/v2\/posts\/331755\/revisions"}],"wp:featuredmedia":[{"embeddable":true,"href":"https:\/\/www.europesays.com\/es\/wp-json\/wp\/v2\/media\/331756"}],"wp:attachment":[{"href":"https:\/\/www.europesays.com\/es\/wp-json\/wp\/v2\/media?parent=331755"}],"wp:term":[{"taxonomy":"category","embeddable":true,"href":"https:\/\/www.europesays.com\/es\/wp-json\/wp\/v2\/categories?post=331755"},{"taxonomy":"post_tag","embeddable":true,"href":"https:\/\/www.europesays.com\/es\/wp-json\/wp\/v2\/tags?post=331755"}],"curies":[{"name":"wp","href":"https:\/\/api.w.org\/{rel}","templated":true}]}}