{"id":331761,"date":"2026-01-09T17:34:08","date_gmt":"2026-01-09T17:34:08","guid":{"rendered":"https:\/\/www.europesays.com\/es\/331761\/"},"modified":"2026-01-09T17:34:08","modified_gmt":"2026-01-09T17:34:08","slug":"esto-lo-quiero-en-mi-casa","status":"publish","type":"post","link":"https:\/\/www.europesays.com\/es\/331761\/","title":{"rendered":"Esto lo quiero en mi casa"},"content":{"rendered":"<p class=\"paragraph\">Xuso Jones, influencer y presentador de Mediaset, disfrut\u00f3 de unos divertidos d\u00edas <b>en la estaci\u00f3n de esqu\u00ed de Formigal (Huesca)<\/b> en las pasadas fiestas navide\u00f1as. <a href=\"https:\/\/www.heraldo.es\/noticias\/ocio-y-cultura\/2026\/01\/05\/dias-amor-sandra-barneda-pirineo-aragones-formigal-campanadas-1883288.html\" title=\"Los d\u00edas de amor de Sandra Barneda en el Pirineo Aragon\u00e9s: &quot;Contigo la vida es mucho m\u00e1s bonita&quot;\" rel=\"nofollow noopener\" target=\"_blank\">El motivo fue que el murciano ofreci\u00f3 las campanadas junto a Sandra Barneda para Telecinco y Cuatro.<\/a><\/p>\n<p class=\"paragraph\">Una experiencia que tuvo un momento divertido que Xuso Jones ha compartido en sus redes sociales, convirti\u00e9ndola en un v\u00eddeo viral.<b> Todo sucedi\u00f3 en los ba\u00f1os de Marchica,<\/b> el bar y espacio l\u00fadico que se halla a los pies de la estaci\u00f3n de Formigal.\u00a0<\/p>\n<p class=\"paragraph\">En dichos servicios, el presentador se top\u00f3 con algo extraordinario, un bot\u00f3n anti-drama. As\u00ed lo cuenta: \u00abFamilia, estoy en el cuarto de ba\u00f1o de un restaurante en Formigal y hay un bot\u00f3n que lo quiero tocar pero me da cosa.<b> &#8216;Bot\u00f3n anti-drama: \u00fasalo sin miedo&#8217;.<\/b> Aqu\u00ed va a caer agua o alguna otra cosa rara\u00bb.\u00a0<\/p>\n<p class=\"paragraph\">Acto seguido, Xuso Jones aprieta el bot\u00f3n y, de repende, se encienden unas luces de discoteca <b>y suena un remix ca\u00f1ero de &#8216;Sweet Caroline&#8217;, <\/b>el hit de Neil Diamond. El murciano no puede dejar de botar y de corear el estribillo del himno.\u00a0<\/p>\n<p class=\"paragraph\">Un descubrimiento as\u00ed no pod\u00eda quedar solo para \u00e9l. As\u00ed que avis\u00f3 a sus compa\u00f1eros de Mediaset, Sandra Barneda incluida, y todos ellos se dirigieron el ba\u00f1o.<b> \u00abEsto lo quiero en mi casa. <\/b>Voy a avisar a la gente para que lo vean. Todo el mundo al ba\u00f1o a ver esta fantas\u00eda. Vamos, que no cabemos\u00bb, proclam\u00f3 Jones.<\/p>\n<p class=\"paragraph\"><b>Fue Sandra Barneda la que activ\u00f3 el bot\u00f3n<\/b> y unas veinte personas bailaron al son del &#8216;Sweet Caroline&#8217;. Toda una fiesta en Formigal.\u00a0\u00a0<\/p>\n","protected":false},"excerpt":{"rendered":"Xuso Jones, influencer y presentador de Mediaset, disfrut\u00f3 de unos divertidos d\u00edas en la estaci\u00f3n de esqu\u00ed de&hellip;\n","protected":false},"author":2,"featured_media":331762,"comment_status":"","ping_status":"","sticky":false,"template":"","format":"standard","meta":{"footnotes":""},"categories":[174],"tags":[6172,255,146,147,25,24,256,76360,23,37307],"class_list":{"0":"post-331761","1":"post","2":"type-post","3":"status-publish","4":"format-standard","5":"has-post-thumbnail","7":"category-famosos","8":"tag-bar","9":"tag-celebrities","10":"tag-entertainment","11":"tag-entretenimiento","12":"tag-es","13":"tag-espana","14":"tag-famosos","15":"tag-formigal","16":"tag-spain","17":"tag-xuso-jones"},"share_on_mastodon":{"url":"https:\/\/pubeurope.com\/@es\/115866348149189185","error":""},"_links":{"self":[{"href":"https:\/\/www.europesays.com\/es\/wp-json\/wp\/v2\/posts\/331761","targetHints":{"allow":["GET"]}}],"collection":[{"href":"https:\/\/www.europesays.com\/es\/wp-json\/wp\/v2\/posts"}],"about":[{"href":"https:\/\/www.europesays.com\/es\/wp-json\/wp\/v2\/types\/post"}],"author":[{"embeddable":true,"href":"https:\/\/www.europesays.com\/es\/wp-json\/wp\/v2\/users\/2"}],"replies":[{"embeddable":true,"href":"https:\/\/www.europesays.com\/es\/wp-json\/wp\/v2\/comments?post=331761"}],"version-history":[{"count":0,"href":"https:\/\/www.europesays.com\/es\/wp-json\/wp\/v2\/posts\/331761\/revisions"}],"wp:featuredmedia":[{"embeddable":true,"href":"https:\/\/www.europesays.com\/es\/wp-json\/wp\/v2\/media\/331762"}],"wp:attachment":[{"href":"https:\/\/www.europesays.com\/es\/wp-json\/wp\/v2\/media?parent=331761"}],"wp:term":[{"taxonomy":"category","embeddable":true,"href":"https:\/\/www.europesays.com\/es\/wp-json\/wp\/v2\/categories?post=331761"},{"taxonomy":"post_tag","embeddable":true,"href":"https:\/\/www.europesays.com\/es\/wp-json\/wp\/v2\/tags?post=331761"}],"curies":[{"name":"wp","href":"https:\/\/api.w.org\/{rel}","templated":true}]}}