{"id":331767,"date":"2026-01-09T17:38:08","date_gmt":"2026-01-09T17:38:08","guid":{"rendered":"https:\/\/www.europesays.com\/es\/331767\/"},"modified":"2026-01-09T17:38:08","modified_gmt":"2026-01-09T17:38:08","slug":"bruno-mars-teyou-ralphie-choo-soraya-y-the-kid-laroi-protagonizan-los-estrenos-musicales-de-la-semana","status":"publish","type":"post","link":"https:\/\/www.europesays.com\/es\/331767\/","title":{"rendered":"Bruno Mars, T\u00e9you, Ralphie Choo, Soraya y The Kid LAROI protagonizan los estrenos musicales de la semana"},"content":{"rendered":"<p>Aunque muchos est\u00e1n disfrutando de los \u00faltimos coletazos de sus navidades, otros han vuelto a la realidad y a la rutina. Pero si hay algo capaz de levantarnos el \u00e1nimo y darnos ese chute de energ\u00eda que necesitamos es la m\u00fasica. Muchos de tus artistas favoritas son conscientes de ello, y por eso no han dejado de trabajar en sus nuevos proyectos ni un segundo.<\/p>\n<p>Esta semana, escuchamos las novedades musicales de lo m\u00e1s variopintas que traen todas estas voces del panorama musical. \u00a1Dale al play!<\/p>\n<p>Viernes 9 de enero<\/p>\n<p><a href=\"https:\/\/los40.com\/2026\/01\/09\/el-autoproclamado-senor-del-aura-bruno-mars-ha-vuelto-con-i-just-might-para-hacernos-bailar\/\" target=\"_blank\" rel=\"nofollow noopener\" title=\"https:\/\/los40.com\/2026\/01\/09\/el-autoproclamado-senor-del-aura-bruno-mars-ha-vuelto-con-i-just-might-para-hacernos-bailar\/\"><b>Bruno Mars &#8211; <\/b><b>I Just Might<\/b><b>.<\/b><\/a> El regreso de Bruno es un hecho. Despu\u00e9s de anunciar que se avecina un \u00e1lbum y que, adem\u00e1s, lo presentar\u00e1 en los escenarios de todo el mundo (Espa\u00f1a incluida), el artista ha aterrizado este 9 de enero con un avance de esta nueva era. Una era que estar\u00e1 marcada por el estilo de los a\u00f1os 70 que inevitablemente nos hace pensar en Michael Jackson.<\/p>\n<p><img decoding=\"async\" src=\"https:\/\/los40.com\/pf\/resources\/img\/logo-40-v-c.svg?d=922\" alt=\"LOS40\" class=\"i-pro\" width=\"68\" height=\"68\" loading=\"lazy\"\/><\/p>\n<p><a href=\"https:\/\/los40.com\/2026\/01\/08\/asi-es-algo-mio-el-primer-single-de-teyou-tras-salir-de-operacion-triunfo-2025-letra-y-significado-de-la-cancion\/\" target=\"_blank\" rel=\"nofollow noopener\" title=\"https:\/\/los40.com\/2026\/01\/08\/asi-es-algo-mio-el-primer-single-de-teyou-tras-salir-de-operacion-triunfo-2025-letra-y-significado-de-la-cancion\/\"><b>T\u00e9you &#8211; <\/b><b>Algo M\u00edo<\/b><b>.<\/b><\/a><b> <\/b>La extriunfita ha presentado su primer single tras su paso por la Academia. Fiel a su estilo y con mucho mensaje, T\u00e9oyou apuesta por unos sonidos groovy y de lo m\u00e1s calmados. En su letra apuesta por hablar de aceptarse a s\u00ed misma tal y como es.<\/p>\n<p><a href=\"https:\/\/los40.com\/2024\/01\/10\/quien-es-ralphie-choo-el-artista-con-el-que-rosalia-ha-sido-vista-en-madrid\/\" target=\"_blank\" rel=\"nofollow noopener\" title=\"https:\/\/los40.com\/2024\/01\/10\/quien-es-ralphie-choo-el-artista-con-el-que-rosalia-ha-sido-vista-en-madrid\/\"><b>Ralphie Choo<\/b><\/a><b> &#8211;<\/b><b> Tentaci\u00f3n\/Rocco<\/b><b>.<\/b> El artista inaugura el a\u00f1o lanzando estos dos sencillos que se mueven por el pop alternativo. Adelantan c\u00f3mo sonar\u00e1 su pr\u00f3ximo \u00e1lbum de estudio, previsto para finales de la primavera. Sus fans no han tardado en celebrar el lanzamiento de estos proyectos y, a su vez, el pistoletazo de salida de esta nueva etapa.<\/p>\n<p><a href=\"https:\/\/los40.com\/2025\/11\/03\/soraya-comparte-su-experiencia-familiar-con-las-guerreras-del-k-pop-en-el-cine-y-olivia-vuelve-a-conquistar-a-todos\/\" target=\"_blank\" rel=\"nofollow noopener\" title=\"https:\/\/los40.com\/2025\/11\/03\/soraya-comparte-su-experiencia-familiar-con-las-guerreras-del-k-pop-en-el-cine-y-olivia-vuelve-a-conquistar-a-todos\/\"><b>Soraya<\/b><\/a><b> &#8211; <\/b><b>Soy Real<\/b><b>.<\/b> Otra artista que estrena etapa y que adelanta los sonidos de su pr\u00f3ximo \u00e1lbum es Soraya. Soy Real es la carta de presentaci\u00f3n de Il\u00famina y, sin duda, rompe con el estilo al que nos tiene acostumbrados. La artista nos introduce en un universo imaginario en el que crea diversos alter egos. <\/p>\n<p><b>The Kid LAROI, Lithe &#8211; <\/b><b>Rather Be<\/b><b>.<\/b> El australiano invita al rapero a colaborar en este tema incluido en su nuevo \u00e1lbum de estudio, Before I Forget, que tambi\u00e9n ve la luz este 9 de enero. El proyecto est\u00e1 protagonizado por una fusi\u00f3n de sonidos electr\u00f3nicos, alternativos, de hip\/hop y pop, entre otros.<\/p>\n<p><b>Chris Jedi, Anuel AA, ROA &#8211; <\/b><b>Netflix And Chill.<\/b> Los amantes de los sonidos urbano est\u00e1n de enhorabuena, ya que se han unido tres referentes del g\u00e9nero de diferentes generaciones para crear un tema de trap que no tardar\u00e1 en convertirse en su banda sonora. Un tema al m\u00e1s puro estilo de los or\u00edgenes de Anuel.<\/p>\n<p><a href=\"https:\/\/los40.com\/2025\/06\/04\/quien-es-clarent-el-artista-con-el-que-colabora-rauw-alejandro-en-su-nueva-cancion\/\" target=\"_blank\" rel=\"nofollow noopener\" title=\"https:\/\/los40.com\/2025\/06\/04\/quien-es-clarent-el-artista-con-el-que-colabora-rauw-alejandro-en-su-nueva-cancion\/\"><b>Clarent<\/b><\/a><b> &#8211; <\/b><b>Bienvenida<\/b><b>.<\/b> Fiel a su estilo callejero, el artista urbano presenta esta canci\u00f3n que marca el inicio de una nueva etapa art\u00edstica. A su estilo de la calle le acompa\u00f1an tambi\u00e9n unas melod\u00edas que convierte la escucha del tema en una experiencia hipnotizante.<\/p>\n<p><b>David Rees &#8211; <\/b><b>Los Que Me Salvaron<\/b><b>.<\/b> Al m\u00e1s puro estilo del pop\/rock, Rees regresa con un sencillo con el que nos abre su alma. \u00abNo siempre es f\u00e1cil hablar de sobrevivir a tiempos dif\u00edciles\u00bb, dice el artista en sus redes sociales. Y es que este sencillo es uno de sus proyectos m\u00e1s honestos. Deja claro que la m\u00fasica le ha salvado la vida.<\/p>\n<p><b>Funzo, Aleesha &#8211; <\/b><b>Rumores<\/b><b>. <\/b>Con una fusi\u00f3n de R&amp;B y sonidos urbanos, estos dos artistas unen sus voces en una canci\u00f3n que habla del deseo entre dos personas que se rumorea que est\u00e1n juntos. Pero&#8230; \u00bfes un rumor o una realidad? <\/p>\n","protected":false},"excerpt":{"rendered":"Aunque muchos est\u00e1n disfrutando de los \u00faltimos coletazos de sus navidades, otros han vuelto a la realidad y&hellip;\n","protected":false},"author":2,"featured_media":331768,"comment_status":"","ping_status":"","sticky":false,"template":"","format":"standard","meta":{"footnotes":""},"categories":[170],"tags":[10185,20144,76361,76362,76363,255,146,147,25,24,9375,42800,42801,42802,4560,184,185,23],"class_list":{"0":"post-331767","1":"post","2":"type-post","3":"status-publish","4":"format-standard","5":"has-post-thumbnail","7":"category-musica","8":"tag-arts-culture-and-entertainment","9":"tag-awards-ceremony","10":"tag-bbma","11":"tag-bbmas","12":"tag-bma","13":"tag-celebrities","14":"tag-entertainment","15":"tag-entretenimiento","16":"tag-es","17":"tag-espana","18":"tag-fashion","19":"tag-feedrouted_australasia","20":"tag-feedrouted_europe","21":"tag-feedrouted_northamerica","22":"tag-las-vegas","23":"tag-music","24":"tag-musica","25":"tag-spain"},"share_on_mastodon":{"url":"https:\/\/pubeurope.com\/@es\/115866363737379004","error":""},"_links":{"self":[{"href":"https:\/\/www.europesays.com\/es\/wp-json\/wp\/v2\/posts\/331767","targetHints":{"allow":["GET"]}}],"collection":[{"href":"https:\/\/www.europesays.com\/es\/wp-json\/wp\/v2\/posts"}],"about":[{"href":"https:\/\/www.europesays.com\/es\/wp-json\/wp\/v2\/types\/post"}],"author":[{"embeddable":true,"href":"https:\/\/www.europesays.com\/es\/wp-json\/wp\/v2\/users\/2"}],"replies":[{"embeddable":true,"href":"https:\/\/www.europesays.com\/es\/wp-json\/wp\/v2\/comments?post=331767"}],"version-history":[{"count":0,"href":"https:\/\/www.europesays.com\/es\/wp-json\/wp\/v2\/posts\/331767\/revisions"}],"wp:featuredmedia":[{"embeddable":true,"href":"https:\/\/www.europesays.com\/es\/wp-json\/wp\/v2\/media\/331768"}],"wp:attachment":[{"href":"https:\/\/www.europesays.com\/es\/wp-json\/wp\/v2\/media?parent=331767"}],"wp:term":[{"taxonomy":"category","embeddable":true,"href":"https:\/\/www.europesays.com\/es\/wp-json\/wp\/v2\/categories?post=331767"},{"taxonomy":"post_tag","embeddable":true,"href":"https:\/\/www.europesays.com\/es\/wp-json\/wp\/v2\/tags?post=331767"}],"curies":[{"name":"wp","href":"https:\/\/api.w.org\/{rel}","templated":true}]}}