{"id":331821,"date":"2026-01-09T18:19:09","date_gmt":"2026-01-09T18:19:09","guid":{"rendered":"https:\/\/www.europesays.com\/es\/331821\/"},"modified":"2026-01-09T18:19:09","modified_gmt":"2026-01-09T18:19:09","slug":"el-mirandes-quiere-dar-salida-en-este-mercado-a-etienne-etoo-y-martin-pascual","status":"publish","type":"post","link":"https:\/\/www.europesays.com\/es\/331821\/","title":{"rendered":"El Mirand\u00e9s quiere dar salida en este mercado a Etienne Eto&#8217;o y Mart\u00edn Pascual"},"content":{"rendered":"<p>El <strong>CD Mirand\u00e9s<\/strong> estar\u00eda trabajando en este mercado de fichajes en las altas, pero tambi\u00e9n en las <strong>bajas<\/strong>. Precisamente es ah\u00ed donde aparecen los nombres de dos exjugadores del <a href=\"https:\/\/unionrayo.com\/\" rel=\"nofollow noopener\" target=\"_blank\">Rayo Vallecano<\/a> como son <strong>Etienne Eto\u2019 y Mart\u00edn Pascual.<\/strong><\/p>\n<p>Etienne Eto\u2019o y Mart\u00edn Pascual en la rampa de salida del Mirand\u00e9s<\/p>\n<p>Seg\u00fan ha informado \u00c1ngel Garc\u00eda en Cazurreando, el CD Mirand\u00e9s estar\u00eda buscando una salida a <strong>Etienne Eto\u2019o y Mart\u00edn Pascual,<\/strong> dos exjugadores del Rayo Vallecano. Concretamente <strong>Etienne<\/strong> se encuentra cedido en el equipo de Miranda, pero no est\u00e1 contando con los minutos suficientes. Esto puede ser uno de los motivos por los que el jugador pueda cambiar de equipo en este mercado de invierno. <a href=\"https:\/\/unionrayo.com\/etienne-etoo-salida-rayo-vallecano-mercado-baja\/\" rel=\"nofollow noopener\" target=\"_blank\">Sin embargo, antes de salir de Vallecas, renov\u00f3 con el conjunto franjirrojo.<\/a><\/p>\n<p><a href=\"https:\/\/unionrayo.com\/wp-content\/uploads\/2025\/10\/8c0d6c51-7d54-4472-b3e6-2bc29b30c238.jpg\" rel=\"nofollow noopener\" target=\"_blank\"><img loading=\"lazy\" decoding=\"async\" class=\"alignnone  wp-image-378115\" src=\"data:image\/svg+xml,%3Csvg%20xmlns=\" http:=\"\" alt=\"Etienne Eto'o\" width=\"822\" height=\"545\" title=\"El Mirand\u00e9s quiere dar salida en este mercado a Etienne Eto'o y Mart\u00edn Pascual 2\" data-lazy- data-lazy- data-lazy-src=\"https:\/\/www.europesays.com\/es\/wp-content\/uploads\/2026\/01\/8c0d6c51-7d54-4472-b3e6-2bc29b30c238-300x199.jpg\"\/><\/a><\/p>\n<p>Otro caso diferente es el del defensa <strong>Mart\u00edn Pascual<\/strong>. El excanterano de la \u2018Franja\u2019 ha ido alternando equipos sin llegar a tener regularidad. <a href=\"https:\/\/unionrayo.com\/martin-pascual-encuentra-sitio-mirandes\/\" rel=\"nofollow noopener\" target=\"_blank\">Esta temporada en <strong>Segunda Divisi\u00f3n<\/strong> ha gozado de m\u00e1s oportunidades<\/a>, pero sigue sin consolidarse. Este es el motivo por el que el futbolista pueda abandonar Miranda de Ebro en busca de un equipo que apueste por \u00e9l.<\/p>\n<p><a href=\"https:\/\/unionrayo.com\/wp-content\/uploads\/2026\/01\/Captura-de-pantalla-2026-01-09-a-las-15.48.41.png\" rel=\"nofollow noopener\" target=\"_blank\"><img loading=\"lazy\" decoding=\"async\" class=\"alignnone  wp-image-385386\" src=\"data:image\/svg+xml,%3Csvg%20xmlns=\" http:=\"\" alt=\"Mart\u00edn Pascual Mirand\u00e9s\" width=\"783\" height=\"457\" title=\"El Mirand\u00e9s quiere dar salida en este mercado a Etienne Eto'o y Mart\u00edn Pascual 3\" data-lazy- data-lazy- data-lazy-src=\"https:\/\/www.europesays.com\/es\/wp-content\/uploads\/2026\/01\/Captura-de-pantalla-2026-01-09-a-las-15.48.41-300x175.png\"\/><\/a><\/p>\n<p>La realidad es que <strong>el CD Mirand\u00e9s se encuentra colista de <a href=\"https:\/\/www.laliga.com\/es-GB\" rel=\"nofollow noopener\" target=\"_blank\">LaLiga<\/a> Hypermotion con 16 puntos, a 7 de la salvaci\u00f3n<\/strong>, la cual parece estar complic\u00e1ndose a cada jornada que pasa. Por ello, el club estar\u00eda buscando una renovaci\u00f3n total de la plantilla y dar salida a los jugadores que menos minutos han tenido y que no cuentan para el entrenador.<\/p>\n","protected":false},"excerpt":{"rendered":"El CD Mirand\u00e9s estar\u00eda trabajando en este mercado de fichajes en las altas, pero tambi\u00e9n en las bajas.&hellip;\n","protected":false},"author":2,"featured_media":331822,"comment_status":"","ping_status":"","sticky":false,"template":"","format":"standard","meta":{"footnotes":""},"categories":[268],"tags":[168,25,24,280,282,281,23,167],"class_list":{"0":"post-331821","1":"post","2":"type-post","3":"status-publish","4":"format-standard","5":"has-post-thumbnail","7":"category-futbol","8":"tag-deportes","9":"tag-es","10":"tag-espana","11":"tag-football","12":"tag-futbol","13":"tag-soccer","14":"tag-spain","15":"tag-sports"},"share_on_mastodon":{"url":"https:\/\/pubeurope.com\/@es\/115866524927621458","error":""},"_links":{"self":[{"href":"https:\/\/www.europesays.com\/es\/wp-json\/wp\/v2\/posts\/331821","targetHints":{"allow":["GET"]}}],"collection":[{"href":"https:\/\/www.europesays.com\/es\/wp-json\/wp\/v2\/posts"}],"about":[{"href":"https:\/\/www.europesays.com\/es\/wp-json\/wp\/v2\/types\/post"}],"author":[{"embeddable":true,"href":"https:\/\/www.europesays.com\/es\/wp-json\/wp\/v2\/users\/2"}],"replies":[{"embeddable":true,"href":"https:\/\/www.europesays.com\/es\/wp-json\/wp\/v2\/comments?post=331821"}],"version-history":[{"count":0,"href":"https:\/\/www.europesays.com\/es\/wp-json\/wp\/v2\/posts\/331821\/revisions"}],"wp:featuredmedia":[{"embeddable":true,"href":"https:\/\/www.europesays.com\/es\/wp-json\/wp\/v2\/media\/331822"}],"wp:attachment":[{"href":"https:\/\/www.europesays.com\/es\/wp-json\/wp\/v2\/media?parent=331821"}],"wp:term":[{"taxonomy":"category","embeddable":true,"href":"https:\/\/www.europesays.com\/es\/wp-json\/wp\/v2\/categories?post=331821"},{"taxonomy":"post_tag","embeddable":true,"href":"https:\/\/www.europesays.com\/es\/wp-json\/wp\/v2\/tags?post=331821"}],"curies":[{"name":"wp","href":"https:\/\/api.w.org\/{rel}","templated":true}]}}