{"id":331831,"date":"2026-01-09T18:25:09","date_gmt":"2026-01-09T18:25:09","guid":{"rendered":"https:\/\/www.europesays.com\/es\/331831\/"},"modified":"2026-01-09T18:25:09","modified_gmt":"2026-01-09T18:25:09","slug":"entre-la-familia-y-la-calma-cotidiana-como-amanda-seyfried-vive-hoy-su-vida-entre-el-hogar-la-carrera-y-la-intimidad-familiar","status":"publish","type":"post","link":"https:\/\/www.europesays.com\/es\/331831\/","title":{"rendered":"Entre la familia y la calma cotidiana: c\u00f3mo Amanda Seyfried vive hoy su vida entre el hogar, la carrera y la intimidad familiar"},"content":{"rendered":"<p><img alt=\"Amanda Seyfried celebra su 40\u00ba\" class=\"global-image\" decoding=\"async\" fetchpriority=\"high\" height=\"3667\" loading=\"eager\" src=\"https:\/\/www.europesays.com\/es\/wp-content\/uploads\/2026\/01\/J6BKW5G4WBD7TJSWMRLZGMFILU.JPG\" width=\"5500\"\/>Amanda Seyfried celebra su 40\u00ba cumplea\u00f1os con una reuni\u00f3n \u00edntima y el regreso sorpresa de su hermana Jenni desde California (REUTERS\/Mario Anzuoni)<\/p>\n<p class=\"paragraph\">El pr\u00f3ximo aniversario de <a href=\"https:\/\/www.infobae.com\/tag\/amanda-seyfried\/\" target=\"_blank\" rel=\"noreferrer nofollow noopener\" title=\"https:\/\/www.infobae.com\/tag\/amanda-seyfried\/\"><b>Amanda Seyfried<\/b><\/a> tendr\u00e1 un car\u00e1cter \u00edntimo, impulsado por el regreso inesperado de un ser querido y el redescubrimiento de rutinas cotidianas. <\/p>\n<p class=\"paragraph\">La <a href=\"https:\/\/www.infobae.com\/entretenimiento\/2025\/12\/28\/de-hollywood-a-una-granja-en-nueva-york-como-amanda-seyfried-transformo-su-vida-y-sus-prioridades\/\" target=\"_blank\" rel=\"noreferrer nofollow noopener\" title=\"https:\/\/www.infobae.com\/entretenimiento\/2025\/12\/28\/de-hollywood-a-una-granja-en-nueva-york-como-amanda-seyfried-transformo-su-vida-y-sus-prioridades\/\">actriz<\/a>, protagonista de la portada digital de enero de 2026 de Vogue, celebr\u00f3 los 40 a\u00f1os y reflexion\u00f3 sobre lo que considera esencial: <b>familia, autenticidad y equilibrio personal<\/b>. En di\u00e1logo con Vogue, explic\u00f3 c\u00f3mo estos valores guiaron tanto su desarrollo personal como su trayectoria profesional.<\/p>\n<p class=\"paragraph\">En las pr\u00f3ximas semanas, Seyfried planea una celebraci\u00f3n especial con patinaje, m\u00fasica de los 90 y la compa\u00f1\u00eda de familiares y amigos cercanos. Entre los momentos m\u00e1s esperados destaca la llegada por sorpresa de su hermana Jenni desde California, un gesto destinado a sorprender a su madre, quien vive con ella y cuida a sus hijos. <\/p>\n<p><img alt=\"La actriz destac\u00f3 la importancia\" class=\"global-image\" decoding=\"async\" fetchpriority=\"low\" height=\"2000\" loading=\"lazy\" src=\"https:\/\/www.europesays.com\/es\/wp-content\/uploads\/2026\/01\/S4IUTZFE6RGIXPK7WJ4QP6USFI.jpg\" width=\"1600\"\/>La actriz destac\u00f3 la importancia de la familia, la autenticidad y el equilibrio personal en su vida y carrera<\/p>\n<p class=\"paragraph\">\u201cMi madre no sabe nada, va a ser una gran sorpresa. Nunca tuve una fiesta para m\u00ed\u201d, afirm\u00f3 Seyfried a Vogue, resaltando los lazos familiares y los detalles que distinguen cada celebraci\u00f3n.<\/p>\n<p class=\"paragraph\">La vida cotidiana de Seyfried gira en torno al hogar y el apoyo familiar. Tanto su madre como su hermana fueron figuras constantes desde sus inicios en comerciales de televisi\u00f3n hasta su consolidaci\u00f3n como actriz. Una de sus reglas inquebrantables es dormir siempre en casa con sus hijos los fines de semana, sin importar las demandas laborales. <\/p>\n<p class=\"paragraph\">\u201c<b>Es el privilegio que tengo en este momento de mi carrera<\/b>. Puedo decir: \u2018Lo har\u00e9 funcionar, pero tengo que dormir con mis hijos los fines de semana\u2019\u201d, detall\u00f3 a Vogue, se\u00f1alando la importancia de mantener una <b>rutina de cercan\u00eda en casa<\/b>.<\/p>\n<p><img alt=\"Seyfried organiza una fiesta con\" class=\"global-image\" decoding=\"async\" fetchpriority=\"low\" height=\"6500\" loading=\"lazy\" src=\"https:\/\/www.europesays.com\/es\/wp-content\/uploads\/2026\/01\/FIXDMXMKDVH35OLKB2KRKUZQYM.JPG\" width=\"4093\"\/>Seyfried organiza una fiesta con patinaje y m\u00fasica de los 90, priorizando la cercan\u00eda con su madre y sus hijos (REUTERS\/Caroline Brehman)<\/p>\n<p class=\"paragraph\">El equilibrio entre la carrera actoral y la vida privada se refleja en la elecci\u00f3n de proyectos. La actriz selecciona \u00fanicamente propuestas compatibles con la vida familiar, incluso cuando los rodajes se realizan en pa\u00edses como Hungr\u00eda, Suecia o Massachusetts. Su esposo, <b>Thomas Sadoski<\/b>, tambi\u00e9n actor y padre de sus hijos, comparte estas prioridades, permitiendo que ambos participen activamente en la crianza y en la gesti\u00f3n de la granja de rescate animal en la que residen.<\/p>\n<p class=\"paragraph\">En la entrevista con Vogue, Seyfried habl\u00f3 sobre su experiencia con el trastorno obsesivo compulsivo, diagnosticado a los 19 a\u00f1os. Relat\u00f3 que este diagn\u00f3stico influy\u00f3 en sus decisiones personales y profesionales. <\/p>\n<p class=\"paragraph\">\u201c<b>Estoy bajo medicaci\u00f3n cada noche<\/b>. Sin mi TOC no podr\u00eda haber tomado muchas decisiones en mi vida\u201d, reconoci\u00f3 la actriz. Explic\u00f3 que su autoexigencia y el autocuidado orientan desde su rechazo a la vida nocturna hasta la organizaci\u00f3n de una agenda centrada en la estabilidad familiar.<\/p>\n<p><img alt=\"La artista mantiene una rutina\" class=\"global-image\" decoding=\"async\" fetchpriority=\"low\" height=\"3961\" loading=\"lazy\" src=\"https:\/\/www.europesays.com\/es\/wp-content\/uploads\/2026\/01\/DUCKKYV7MBDWVGLUZHTHEZW7HE.JPG\" width=\"5900\"\/>La artista mantiene una rutina inquebrantable de dormir en casa los fines de semana, asegurando estabilidad para sus hijos (REUTERS\/Yara Nardi)<\/p>\n<p class=\"paragraph\">En el plano profesional, Amanda Seyfried evolucion\u00f3 desde papeles ligeros, como en Chicas Pesadas o Mamma Mia!, hasta roles de mayor complejidad. Fue nominada al Oscar por su trabajo en Mank y recibi\u00f3 un premio Emmy por The Dropout. <\/p>\n<p class=\"paragraph\">M\u00e1s recientemente, en The Testament of Ann Lee, dirigida por <b>Mona Fastvold<\/b>, interpreta a una figura hist\u00f3rica, obteniendo elogios de colegas y cr\u00edtica. Seg\u00fan Fastvold, consultada por Vogue: \u201cElla se entrega completamente cuando trabajamos juntas, es el mejor regalo para una directora\u201d.<\/p>\n<p class=\"paragraph\">La vida en la granja de rescate animal representa para Seyfried la realizaci\u00f3n de un sue\u00f1o de infancia. Esta organizaci\u00f3n acoge caballos, ponis, perros ancianos y gatos rescatados. Seyfried participa directamente en el cuidado de aves de corral, caballos y otros animales junto a un cuidador de confianza. \u201cCuando digo que es un rescate, lo es por completo\u201d, asegur\u00f3.<\/p>\n<p><img alt=\"La vida en una granja\" class=\"global-image\" decoding=\"async\" fetchpriority=\"low\" height=\"900\" loading=\"lazy\" src=\"https:\/\/www.europesays.com\/es\/wp-content\/uploads\/2026\/01\/5URGA4KFDVDCFIGF2YED7BTOYQ.jpg\" width=\"1200\"\/>La vida en una granja de rescate animal, la producci\u00f3n de una secuela y un documental marcan el futuro de Amanda Seyfried (Instagram\/mingey)<\/p>\n<p class=\"paragraph\">De cara al futuro, Seyfried tiene previsto rodar una secuela de La empleada y seguir\u00e1 eligiendo proyectos afines a su visi\u00f3n de autenticidad y madurez. Al mismo tiempo, produce un documental, participa en proyectos de animaci\u00f3n y explora nuevas oportunidades creativas, priorizando siempre el <b>equilibrio entre su entorno m\u00e1s \u00edntimo y las exigencias del sector<\/b>.<\/p>\n<p class=\"paragraph\">Para esta nueva d\u00e9cada, el prop\u00f3sito es claro: prestar atenci\u00f3n a lo esencial, mantener la conexi\u00f3n con lo verdadero y afrontar cada desaf\u00edo desde una perspectiva receptiva y renovada, fiel a s\u00ed misma y a los objetivos que la inspiran.<\/p>\n","protected":false},"excerpt":{"rendered":"Amanda Seyfried celebra su 40\u00ba cumplea\u00f1os con una reuni\u00f3n \u00edntima y el regreso sorpresa de su hermana Jenni&hellip;\n","protected":false},"author":2,"featured_media":331832,"comment_status":"","ping_status":"","sticky":false,"template":"","format":"standard","meta":{"footnotes":""},"categories":[169],"tags":[231,3118,177,5797,146,147,25,24,176,175,3119,23],"class_list":{"0":"post-331831","1":"post","2":"type-post","3":"status-publish","4":"format-standard","5":"has-post-thumbnail","7":"category-cine","8":"tag-arts","9":"tag-arts-culture-entertainment","10":"tag-cine","11":"tag-culture","12":"tag-entertainment","13":"tag-entretenimiento","14":"tag-es","15":"tag-espana","16":"tag-film","17":"tag-movies","18":"tag-north-america","19":"tag-spain"},"share_on_mastodon":{"url":"https:\/\/pubeurope.com\/@es\/115866548844380703","error":""},"_links":{"self":[{"href":"https:\/\/www.europesays.com\/es\/wp-json\/wp\/v2\/posts\/331831","targetHints":{"allow":["GET"]}}],"collection":[{"href":"https:\/\/www.europesays.com\/es\/wp-json\/wp\/v2\/posts"}],"about":[{"href":"https:\/\/www.europesays.com\/es\/wp-json\/wp\/v2\/types\/post"}],"author":[{"embeddable":true,"href":"https:\/\/www.europesays.com\/es\/wp-json\/wp\/v2\/users\/2"}],"replies":[{"embeddable":true,"href":"https:\/\/www.europesays.com\/es\/wp-json\/wp\/v2\/comments?post=331831"}],"version-history":[{"count":0,"href":"https:\/\/www.europesays.com\/es\/wp-json\/wp\/v2\/posts\/331831\/revisions"}],"wp:featuredmedia":[{"embeddable":true,"href":"https:\/\/www.europesays.com\/es\/wp-json\/wp\/v2\/media\/331832"}],"wp:attachment":[{"href":"https:\/\/www.europesays.com\/es\/wp-json\/wp\/v2\/media?parent=331831"}],"wp:term":[{"taxonomy":"category","embeddable":true,"href":"https:\/\/www.europesays.com\/es\/wp-json\/wp\/v2\/categories?post=331831"},{"taxonomy":"post_tag","embeddable":true,"href":"https:\/\/www.europesays.com\/es\/wp-json\/wp\/v2\/tags?post=331831"}],"curies":[{"name":"wp","href":"https:\/\/api.w.org\/{rel}","templated":true}]}}