{"id":331904,"date":"2026-01-09T19:18:06","date_gmt":"2026-01-09T19:18:06","guid":{"rendered":"https:\/\/www.europesays.com\/es\/331904\/"},"modified":"2026-01-09T19:18:06","modified_gmt":"2026-01-09T19:18:06","slug":"el-alto-comisionado-pide-proteger-los-derechos-de-los-manifestantes-en-iran","status":"publish","type":"post","link":"https:\/\/www.europesays.com\/es\/331904\/","title":{"rendered":"El Alto Comisionado pide proteger los derechos de los manifestantes en Ir\u00e1n"},"content":{"rendered":"<p>El Alto Comisionado de la ONU para los Derechos Humanos, Volker T\u00fcrk, expres\u00f3 gran preocupaci\u00f3n este viernes por los informes de <strong>violencia durante las protestas<\/strong> que se llevan a cabo en Ir\u00e1n desde hace trece d\u00edas, incluyendo muertes y destrucci\u00f3n de propiedad.<\/p>\n<p>\u201cEl derecho de <strong>reuni\u00f3n pac\u00edfica, consagrado en el derecho internacional<\/strong>, debe ser protegido\u201d, subray\u00f3 T\u00fcrk en un comunicado.<\/p>\n<p>\u00abTodas <strong>las muertes deben ser investigadas con prontitud<\/strong>, independencia y transparencia. Los responsables de cualquier violaci\u00f3n deben rendir cuentas de conformidad con las normas y est\u00e1ndares internacionales\u00bb, a\u00f1adi\u00f3.<\/p>\n<p>Las movilizaciones empezaron el 28 de diciembre en Teher\u00e1n detonadas inicialmente por el aumento del costo de la vida, desde entonces se han extendido con manifestaciones en unas 50 ciudades. Hasta el momento <strong>se ha informado de la muerte de unos 40 manifestantes.<\/strong><\/p>\n<p>Cortes de internet<\/p>\n<p>El Alto Comisionado de las Naciones Unidas para los Derechos Humanos tambi\u00e9n expres\u00f3 su preocupaci\u00f3n por los informes de <strong>cortes de internet y las comunicaciones en todo el pa\u00eds.\u00a0<\/strong><\/p>\n<p>T\u00fcrk afirm\u00f3 que <strong>estas medidas socavan la libertad de expresi\u00f3n<\/strong> y el acceso a la informaci\u00f3n, y obstaculizan la labor de quienes documentan violaciones de <a href=\"https:\/\/news.un.org\/es\/news\/topic\/human-rights\" rel=\"nofollow noopener\" target=\"_blank\">derechos humanos<\/a>, as\u00ed como el acceso a servicios esenciales y de emergencia.<\/p>\n<p>\u201cMi Oficina toma nota de la declaraci\u00f3n del gobierno de que las preocupaciones de la ciudadan\u00eda deben atenderse con urgencia. Abordar las quejas subyacentes mediante un <strong>di\u00e1logo inclusivo y constructivo, de conformidad con el derecho internacional<\/strong> de los derechos humanos, sigue siendo esencial para evitar una mayor escalada\u201d, puntualiz\u00f3 el Alto Comisionado.<\/p>\n","protected":false},"excerpt":{"rendered":"El Alto Comisionado de la ONU para los Derechos Humanos, Volker T\u00fcrk, expres\u00f3 gran preocupaci\u00f3n este viernes por&hellip;\n","protected":false},"author":2,"featured_media":331905,"comment_status":"","ping_status":"","sticky":false,"template":"","format":"standard","meta":{"footnotes":""},"categories":[42],"tags":[17,18,13,14,11,61,62,63,64,19,20,9,10,15,16,12,21,22,65,66,67],"class_list":{"0":"post-331904","1":"post","2":"type-post","3":"status-publish","4":"format-standard","5":"has-post-thumbnail","7":"category-internacional","8":"tag-breaking-news","9":"tag-breakingnews","10":"tag-featured-news","11":"tag-featurednews","12":"tag-headlines","13":"tag-internacional","14":"tag-international","15":"tag-international-news","16":"tag-internationalnews","17":"tag-latest-news","18":"tag-latestnews","19":"tag-news","20":"tag-noticias","21":"tag-noticias-destacadas","22":"tag-noticiasdestacadas","23":"tag-titulares","24":"tag-ultimas-noticias","25":"tag-ultimasnoticias","26":"tag-world","27":"tag-world-news","28":"tag-worldnews"},"share_on_mastodon":{"url":"https:\/\/pubeurope.com\/@es\/115866756961607896","error":""},"_links":{"self":[{"href":"https:\/\/www.europesays.com\/es\/wp-json\/wp\/v2\/posts\/331904","targetHints":{"allow":["GET"]}}],"collection":[{"href":"https:\/\/www.europesays.com\/es\/wp-json\/wp\/v2\/posts"}],"about":[{"href":"https:\/\/www.europesays.com\/es\/wp-json\/wp\/v2\/types\/post"}],"author":[{"embeddable":true,"href":"https:\/\/www.europesays.com\/es\/wp-json\/wp\/v2\/users\/2"}],"replies":[{"embeddable":true,"href":"https:\/\/www.europesays.com\/es\/wp-json\/wp\/v2\/comments?post=331904"}],"version-history":[{"count":0,"href":"https:\/\/www.europesays.com\/es\/wp-json\/wp\/v2\/posts\/331904\/revisions"}],"wp:featuredmedia":[{"embeddable":true,"href":"https:\/\/www.europesays.com\/es\/wp-json\/wp\/v2\/media\/331905"}],"wp:attachment":[{"href":"https:\/\/www.europesays.com\/es\/wp-json\/wp\/v2\/media?parent=331904"}],"wp:term":[{"taxonomy":"category","embeddable":true,"href":"https:\/\/www.europesays.com\/es\/wp-json\/wp\/v2\/categories?post=331904"},{"taxonomy":"post_tag","embeddable":true,"href":"https:\/\/www.europesays.com\/es\/wp-json\/wp\/v2\/tags?post=331904"}],"curies":[{"name":"wp","href":"https:\/\/api.w.org\/{rel}","templated":true}]}}