{"id":331913,"date":"2026-01-09T19:26:12","date_gmt":"2026-01-09T19:26:12","guid":{"rendered":"https:\/\/www.europesays.com\/es\/331913\/"},"modified":"2026-01-09T19:26:12","modified_gmt":"2026-01-09T19:26:12","slug":"la-comunidad-valenciana-se-impone-en-el-team-relay-inaugural-del-campeonato-de-espana-de-ciclocross-de-tarancon","status":"publish","type":"post","link":"https:\/\/www.europesays.com\/es\/331913\/","title":{"rendered":"La Comunidad Valenciana se impone en el Team Relay inaugural del Campeonato de Espa\u00f1a de Ciclocross de Taranc\u00f3n"},"content":{"rendered":"<p>\n                    El equipo liderado por Felipe Orts ha vencido de forma contundente ante Cantabria y el equipo del Principado de Asturias.\n                <\/p>\n<p class=\"MsoNormal\">La Selecci\u00f3n de la Comunidad Valenciana se ha impuesto en el Team Relay que ha abierto el Campeonato de Espa\u00f1a de Ciclocross 2026. El equipo liderado por Felipe Orts ha sido el mejor en Taranc\u00f3n, desplegando todo su potencial sobre el circuito de la Ermita Virgen de Ri\u00e1nsares. Cantabria y el equipo del Principado de Asturias han completado el podio.<\/p>\n<p class=\"MsoNormal\">El combinado de la Comunidad Valenciana ha iniciado la primera vuelta del mismo modo que acabar\u00eda terminado, en cabeza de la prueba. Marc Moncho daba la primera ligera ventaja al equipo mediterr\u00e1neo por delante de Madrid y Euskadi. En la segunda vuelta era Cantabria la que acced\u00eda a la primera plaza, dejando clara su apuesta por la victoria; Catalu\u00f1a cerraba el segundo giro muy cerca de los c\u00e1ntabros, guardando una baza importante como la de Jofre Cullell para el final.<\/p>\n<p class=\"MsoNormal\"><img loading=\"lazy\" decoding=\"async\" src=\"https:\/\/www.europesays.com\/es\/wp-content\/uploads\/2026\/01\/doc_6961384111def7.02506358_DSC09077.jpg\" alt=\"imagen\" width=\"750\" height=\"500\"\/><\/p>\n<p class=\"MsoNormal\">La victoria empezar\u00eda a gestarse para la Comunidad Valenciana tras un gran giro de Ra\u00fal Mira, que recog\u00eda el testigo de Mar\u00eda Filgueiras, y dejaba al equipo liderando. Las dos siguientes vueltas terminaban por decidir casi de forma definitiva la corona del team relay para la Comunidad Valenciana mediante un sensacional rendimiento de la j\u00fanior Carla Ba\u00f1uls y de la vigente campeona de Espa\u00f1a \u00e9lite Sof\u00eda Rodr\u00edguez. De este modo, Felipe Orts recog\u00eda el testigo en la \u00faltima vuelta con una considerable ventaja que el alicantino se encarg\u00f3 de mantener con solvencia para dar a su equipo el triunfo.<\/p>\n<p class=\"MsoNormal\"><img loading=\"lazy\" decoding=\"async\" src=\"https:\/\/www.europesays.com\/es\/wp-content\/uploads\/2026\/01\/doc_69613892b97851.17900662_DSC09244.jpg\" alt=\"imagen\" width=\"750\" height=\"500\"\/><\/p>\n<p class=\"MsoNormal\"><img loading=\"lazy\" decoding=\"async\" src=\"https:\/\/www.europesays.com\/es\/wp-content\/uploads\/2026\/01\/doc_6961382e3afc70.15772324_DSC09281.jpg\" alt=\"imagen\" width=\"750\" height=\"500\"\/><\/p>\n<p class=\"MsoNormal\">Por detr\u00e1s, Isaac Su\u00e1rez rubricaba la enorme actuaci\u00f3n grupal del equipo c\u00e1ntabro, segundo clasificado pese al \u00edmpetu final de Benjam\u00edn Noval, que casi da caza a Su\u00e1rez en los \u00faltimos metros, consiguiendo la mejor vuelta del d\u00eda bajando de siete minutos y dando a Asturias, campeona los dos \u00faltimos a\u00f1os, una trabajada tercera posici\u00f3n.<\/p>\n<p class=\"MsoNormal\"><img loading=\"lazy\" decoding=\"async\" src=\"https:\/\/www.europesays.com\/es\/wp-content\/uploads\/2026\/01\/doc_6961385823d9b0.63550420_DSC09330.jpg\" alt=\"imagen\" width=\"750\" height=\"500\"\/><\/p>\n<p class=\"MsoNormal\"><img loading=\"lazy\" decoding=\"async\" src=\"https:\/\/www.europesays.com\/es\/wp-content\/uploads\/2026\/01\/doc_696138776fe466.46318666_DSC09480.jpg\" alt=\"imagen\" width=\"750\" height=\"500\"\/><\/p>\n<p class=\"MsoNormal\">Ma\u00f1ana la acci\u00f3n comenzar\u00e1 con las pruebas m\u00e1ster, mientras que a continuaci\u00f3n se disputar\u00e1n las pruebas cadetes para mujeres y hombres y la carrera sub23 masculina como colof\u00f3n de la jornada.<\/p>\n<p class=\"MsoNormal\"><strong style=\"mso-bidi-font-weight: normal;\">Streaming durante el s\u00e1bado y el domingo<\/strong><\/p>\n<p class=\"MsoNormal\">Las carreras del Campeonato de Espa\u00f1a de <a href=\"https:\/\/www.youtube.com\/watch?v=YNdXAUvXX9M\" rel=\"nofollow noopener\" target=\"_blank\">s\u00e1bado<\/a> y <a href=\"https:\/\/www.youtube.com\/watch?v=2zDFaZDpLYE\" rel=\"nofollow noopener\" target=\"_blank\">domingo<\/a> podr\u00e1n seguirse en streaming a trav\u00e9s de Sportpublic TV.<\/p>\n<p class=\"MsoNormal\" style=\"background: white;\">Toda la informaci\u00f3n al respecto del Campeonato de Espa\u00f1a de Ciclocross podr\u00e1 seguirse en redes sociales bajo el hashtag <a href=\"https:\/\/x.com\/hashtag\/CECXTarancon26?src=hashtag_click\" rel=\"nofollow\">#CECXTarancon26.<\/a><\/p>\n<p class=\"MsoNormal\" style=\"background: white;\">\u00a0<\/p>\n","protected":false},"excerpt":{"rendered":"El equipo liderado por Felipe Orts ha vencido de forma contundente ante Cantabria y el equipo del Principado&hellip;\n","protected":false},"author":2,"featured_media":331914,"comment_status":"","ping_status":"","sticky":false,"template":"","format":"standard","meta":{"footnotes":""},"categories":[273],"tags":[313,312,168,25,24,23,167],"class_list":{"0":"post-331913","1":"post","2":"type-post","3":"status-publish","4":"format-standard","5":"has-post-thumbnail","7":"category-ciclismo","8":"tag-ciclismo","9":"tag-cycling","10":"tag-deportes","11":"tag-es","12":"tag-espana","13":"tag-spain","14":"tag-sports"},"share_on_mastodon":{"url":"https:\/\/pubeurope.com\/@es\/115866788453880476","error":""},"_links":{"self":[{"href":"https:\/\/www.europesays.com\/es\/wp-json\/wp\/v2\/posts\/331913","targetHints":{"allow":["GET"]}}],"collection":[{"href":"https:\/\/www.europesays.com\/es\/wp-json\/wp\/v2\/posts"}],"about":[{"href":"https:\/\/www.europesays.com\/es\/wp-json\/wp\/v2\/types\/post"}],"author":[{"embeddable":true,"href":"https:\/\/www.europesays.com\/es\/wp-json\/wp\/v2\/users\/2"}],"replies":[{"embeddable":true,"href":"https:\/\/www.europesays.com\/es\/wp-json\/wp\/v2\/comments?post=331913"}],"version-history":[{"count":0,"href":"https:\/\/www.europesays.com\/es\/wp-json\/wp\/v2\/posts\/331913\/revisions"}],"wp:featuredmedia":[{"embeddable":true,"href":"https:\/\/www.europesays.com\/es\/wp-json\/wp\/v2\/media\/331914"}],"wp:attachment":[{"href":"https:\/\/www.europesays.com\/es\/wp-json\/wp\/v2\/media?parent=331913"}],"wp:term":[{"taxonomy":"category","embeddable":true,"href":"https:\/\/www.europesays.com\/es\/wp-json\/wp\/v2\/categories?post=331913"},{"taxonomy":"post_tag","embeddable":true,"href":"https:\/\/www.europesays.com\/es\/wp-json\/wp\/v2\/tags?post=331913"}],"curies":[{"name":"wp","href":"https:\/\/api.w.org\/{rel}","templated":true}]}}