{"id":331915,"date":"2026-01-09T19:33:10","date_gmt":"2026-01-09T19:33:10","guid":{"rendered":"https:\/\/www.europesays.com\/es\/331915\/"},"modified":"2026-01-09T19:33:10","modified_gmt":"2026-01-09T19:33:10","slug":"zapeando-ficha-por-sorpresa-a-una-de-las-colaboradoras-habituales-de-risto-mejide-en-todo-es-mentira","status":"publish","type":"post","link":"https:\/\/www.europesays.com\/es\/331915\/","title":{"rendered":"&#8216;Zapeando&#8217; ficha por sorpresa a una de las colaboradoras habituales de Risto Mejide en &#8216;Todo es mentira&#8217;"},"content":{"rendered":"<p class=\"article-text\">\n        Movimiento inesperado en nuestra televisi\u00f3n. El programa <strong>Zapeando<\/strong>, que se emite diariamente en la sobremesa de <strong>laSexta<\/strong>, ha fichado por sorpresa a una nueva colaboradora hasta ahora muy ligada a la competencia. <strong>Virginia Riezu<\/strong>, quien hasta ahora se encargaba de narrar la actualidad en <strong>Todo es<\/strong> <strong>mentira<\/strong><strong> <\/strong>junto a <strong>Risto Mejide<\/strong>, trasladar\u00e1 su humor \u00e1cido a la cadena verde de <strong>Atresmedia <\/strong>el pr\u00f3ximo lunes 12 de enero.\n    <\/p>\n<p>    <a href=\"https:\/\/www.eldiario.es\/vertele\/noticias\/telecinco-presenta-ultimo-got-talent-risto-marcado-secuestro-historico-concursante-creado-ia_1_12895416.html\" data-mrf-recirculation=\"saber-mas\" data-dl-event=\"saber-mas\" rel=\"nofollow noopener\" target=\"_blank\"><\/p>\n<p class=\"know-more__title\">Telecinco presenta el \u00faltimo &#8216;Got Talent&#8217; de Risto, marcado por un \u00absecuestro hist\u00f3rico\u00bb y un concursante creado con IA<\/p>\n<p>            <img decoding=\"async\" class=\"lazy\" loading=\"lazy\" data-src=\"https:\/\/static.eldiario.es\/clip\/526e2fe4-59b8-4fc8-b7c3-a88a62d49d89_16-9-aspect-ratio_default_0.jpg\" src=\"data:image\/svg+xml,%3Csvg xmlns=\" http:=\"\" viewbox=\"0 0 880 495\" alt=\"Telecinco presenta el \u00faltimo 'Got Talent' de Risto, marcado por un &quot;secuestro hist\u00f3rico&quot; y un concursante creado con IA\"\/><\/p>\n<p>                        <\/a><\/p>\n<p class=\"article-text\">\n        Seg\u00fan avanza <a href=\"https:\/\/www.eleconomista.es\/informalia\/television\/noticias\/13719943\/01\/26\/zapeando-roba-a-risto-mejide-una-de-sus-colaboradoras-estrella-ficha-a-virginia-riezu.html\" target=\"_blank\" data-mrf-recirculation=\"links-noticia\" class=\"link\" rel=\"nofollow noopener\">Informalia<\/a> y ha podido confirmar <strong>verTele<\/strong>, la actriz ha llegado a un acuerdo para incorporarse al equipo de colaboradores de<strong> Dani Mateo<\/strong>. Riezu cambia de registro y, en lugar de exponer la actualidad con cierto sarcasmo, comentar\u00e1 todo lo que ocurre tanto en las redes sociales como en la televisi\u00f3n. A partir de ahora, ser\u00e1 una pieza clave en el programa con el que llevaba a\u00f1os compitiendo.\n    <\/p>\n<p class=\"article-text\">\n        La primera intervenci\u00f3n de la humorista, como se ha citado anteriormente, se producir\u00e1 durante el segundo lunes de enero. Aortar\u00e1 al programa su particular sentido c\u00f3mico a cada pieza, coincidiendo con otros perfiles habituales como <strong>Cristina Pedroche<\/strong>, <strong>Miki Nadal<\/strong>, <strong>Quique Peinado<\/strong>, <strong>Mar\u00eda G\u00f3mez <\/strong>o <strong>Maya Pixelskaya<\/strong>. Por el momento, no han trascendido m\u00e1s detalles sobre sus funciones concretas o las secciones que puede llegar a liderar. Sea como fuere, el movimiento es clave para Zapeando en su batalla contra Todo es mentira.\n    <\/p>\n<p>            <img decoding=\"async\" class=\"lazy\" loading=\"lazy\" data-src=\"https:\/\/static.eldiario.es\/clip\/2c976dae-57a0-48ca-977e-5c548f0ed096_16-9-discover-aspect-ratio_default_0.jpg\" src=\"data:image\/svg+xml,%3Csvg xmlns=\" http:=\"\" viewbox=\"0 0 1200 675\" alt=\"Virginia Riezu, en una entrega de 'Todo es mentira'\"\/><\/p>\n<p>    \u00bfQui\u00e9n es Virginia Riezu?<\/p>\n<p class=\"article-text\">\n        Aunque el espacio vespertino de Cuatro es su trabajo m\u00e1s reciente, Virginia Riezu cuenta con una amplia trayectoria en nuestra peque\u00f1a pantalla. Licenciada en <strong>Ingenier\u00eda Agr\u00f3noma<\/strong> por la Universidad P\u00fablica de Navarra, decidi\u00f3 posteriormente estudiar <strong>Interpretaci\u00f3n <\/strong>y apostar por los medios de comunicaci\u00f3n. En el \u00e1mbito del entretenimiento, fue colaboradora del programa <strong>Dani y Flo<\/strong><strong> <\/strong>durante el a\u00f1o 2017.\n    <\/p>\n<p>    <a href=\"https:\/\/www.eldiario.es\/vertele\/noticias\/gh-duo-4-estreno-telecinco-cromos-repetidos-resurgir-carlos-lozano-puntazos-comicos_1_12894591.html\" data-mrf-recirculation=\"saber-mas-abajo\" data-dl-event=\"saber-mas-abajo\" rel=\"nofollow noopener\" target=\"_blank\"><\/p>\n<p class=\"know-more__title\">&#8216;GH D\u00fao 4&#8217; se estren\u00f3 en Telecinco con cromos repetidos, el resurgir de Carlos Lozano y puntazos c\u00f3micos<\/p>\n<p>            <img decoding=\"async\" class=\"lazy\" loading=\"lazy\" data-src=\"https:\/\/static.eldiario.es\/clip\/c03ea58e-2d3d-4d2c-bab5-216452192890_16-9-aspect-ratio_default_0.jpg\" src=\"data:image\/svg+xml,%3Csvg xmlns=\" http:=\"\" viewbox=\"0 0 880 495\" alt=\"'GH D\u00fao 4' se estren\u00f3 en Telecinco con cromos repetidos, el resurgir de Carlos Lozano y puntazos c\u00f3micos\"\/><\/p>\n<p>                        <\/a><\/p>\n<p class=\"article-text\">\n        La ficci\u00f3n tambi\u00e9n es un terreno ampliamente conocido para la actriz: fue parte del reparto de productos como <strong>Palomitas<\/strong>, <strong>Desaparecidos<\/strong>, <strong>All\u00ed Abajo<\/strong>, <strong>Verg\u00fcenza<\/strong>, <strong>Fen\u00f3menos<\/strong>, <strong>Cuesti\u00f3n de sexo<\/strong>, <strong>Los simuladores<\/strong><strong> <\/strong>y <strong>Aqu\u00ed no hay quien viva<\/strong>. Fuera de la televisi\u00f3n, es colaboradora de programas como <strong>A vivir que son dos d\u00edas<\/strong>, de la Cadena Ser, adem\u00e1s de otros como<strong> <\/strong><strong>Carne Cruda<\/strong> o <strong>Solamente una vez<\/strong><strong> <\/strong>(RNE).\n    <\/p>\n","protected":false},"excerpt":{"rendered":"Movimiento inesperado en nuestra televisi\u00f3n. El programa Zapeando, que se emite diariamente en la sobremesa de laSexta, ha&hellip;\n","protected":false},"author":2,"featured_media":331916,"comment_status":"","ping_status":"","sticky":false,"template":"","format":"standard","meta":{"footnotes":""},"categories":[171],"tags":[32892,146,147,25,24,1750,49698,36229,2857,36228,5785,23,214,16897],"class_list":{"0":"post-331915","1":"post","2":"type-post","3":"status-publish","4":"format-standard","5":"has-post-thumbnail","7":"category-tv","8":"tag-colaboradoras","9":"tag-entertainment","10":"tag-entretenimiento","11":"tag-es","12":"tag-espana","13":"tag-ficha","14":"tag-habituales","15":"tag-mejide","16":"tag-mentira","17":"tag-risto","18":"tag-sorpresa","19":"tag-spain","20":"tag-tv","21":"tag-zapeando"},"share_on_mastodon":{"url":"https:\/\/pubeurope.com\/@es\/115866815921032070","error":""},"_links":{"self":[{"href":"https:\/\/www.europesays.com\/es\/wp-json\/wp\/v2\/posts\/331915","targetHints":{"allow":["GET"]}}],"collection":[{"href":"https:\/\/www.europesays.com\/es\/wp-json\/wp\/v2\/posts"}],"about":[{"href":"https:\/\/www.europesays.com\/es\/wp-json\/wp\/v2\/types\/post"}],"author":[{"embeddable":true,"href":"https:\/\/www.europesays.com\/es\/wp-json\/wp\/v2\/users\/2"}],"replies":[{"embeddable":true,"href":"https:\/\/www.europesays.com\/es\/wp-json\/wp\/v2\/comments?post=331915"}],"version-history":[{"count":0,"href":"https:\/\/www.europesays.com\/es\/wp-json\/wp\/v2\/posts\/331915\/revisions"}],"wp:featuredmedia":[{"embeddable":true,"href":"https:\/\/www.europesays.com\/es\/wp-json\/wp\/v2\/media\/331916"}],"wp:attachment":[{"href":"https:\/\/www.europesays.com\/es\/wp-json\/wp\/v2\/media?parent=331915"}],"wp:term":[{"taxonomy":"category","embeddable":true,"href":"https:\/\/www.europesays.com\/es\/wp-json\/wp\/v2\/categories?post=331915"},{"taxonomy":"post_tag","embeddable":true,"href":"https:\/\/www.europesays.com\/es\/wp-json\/wp\/v2\/tags?post=331915"}],"curies":[{"name":"wp","href":"https:\/\/api.w.org\/{rel}","templated":true}]}}