{"id":331919,"date":"2026-01-09T19:35:14","date_gmt":"2026-01-09T19:35:14","guid":{"rendered":"https:\/\/www.europesays.com\/es\/331919\/"},"modified":"2026-01-09T19:35:14","modified_gmt":"2026-01-09T19:35:14","slug":"su-ultimo-desafio-la-emocion-de-su-familia-y-el-homenaje-a-su-hermano-sheriff","status":"publish","type":"post","link":"https:\/\/www.europesays.com\/es\/331919\/","title":{"rendered":"su \u00faltimo desaf\u00edo, la emoci\u00f3n de su familia y el homenaje a su hermano sheriff"},"content":{"rendered":"<p id=\"eHzaah263M\" data-wc=\"225\">Dicen de \u00e9l que tiene una personalidad arrolladora, un gran carisma y mucho sentido del humor. Las claves de su \u00e9xito. A las que hay que sumar, sin duda, su atractivo f\u00edsico.<strong>\u00a0Chris Pratt pasa por ser una de las estrellas de Hollywood m\u00e1s accesibles\u00a0<\/strong>y cercanas, lo que le ha granjeado un verdadero ej\u00e9rcito de fans (m\u00e1s de 44 millones de seguidores en Instagram). En poco tiempo pas\u00f3 de secundario a actor de moda, con taquillazos como Los guardianes de la Galaxia\u00a0y Jurassic World\u00a0y hoy es uno de los reyes del cine de acci\u00f3n. El yerno de Arnold Schwarzenegger -est\u00e1 casado desde 2019 con Katherine, la hija mayor de Terminator- vuelve a la gran pantalla con la pel\u00edcula Sin piedad, un futurista viaje cinematogr\u00e1fico donde da vida a un polic\u00eda de Los \u00c1ngeles que se enfrenta a un juicio por el asesinato de su mujer y a la IA que ejerce de jueza-jurado-verdugo. El actor, padre de un ni\u00f1o de trece a\u00f1os de su <a class=\"hm-link ho-link\" href=\"https:\/\/www.hola.com\/actualidad\/20250228817239\/millie-bobby-brown-chris-pratt-madrid-todos-sus-planes\/\" data-mrf-recirculation=\"article-body-link\" rel=\"nofollow noopener\" target=\"_blank\">primer matrimonio con la tambi\u00e9n actriz Anna Faris, y dos ni\u00f1as con su actual mujer,<\/a> ten\u00eda ganas de ponerse en la piel de un detective, puesto que su hermano mayor, Cully, fue sargento de la oficina del Sheriff del Condado de Solano, cargo que dej\u00f3 en 2022. El filme ha sido una oportunidad para que los hermanos trabajen.\u00a0<\/p>\n<p> <img src=\"https:\/\/www.europesays.com\/es\/wp-content\/uploads\/2026\/01\/2807a8641b44-gettyimages-2255378372.jpg\"   width=\"1024\" height=\"682\" loading=\"lazy\" decoding=\"async\" alt=\"Chris Pratt en Madrid\" fetchpriority=\"auto\" class=\"image ho-image\"\/>\u00a9 Getty ImagesChris Pratt en Madrid<\/p>\n<p class=\"question-s1\" id=\"eqDVAq9zHdh\" data-wc=\"23\"><strong>Esta es probablemente una de las pel\u00edculas de ciencia ficci\u00f3n m\u00e1s esperadas de 2026. \u00bfQu\u00e9 fue lo que te atrajo inicialmente del proyecto?\u00a0<\/strong><\/p>\n<p class=\"answer-s1\" id=\"eRz7cAdIz-g\" data-wc=\"155\">Me pareci\u00f3 que el guion era estupendo. Y adoro a Timur Bekmambetov. Ya hab\u00eda trabajado con \u00e9l antes, as\u00ed que esta era la oportunidad de volver a hacerlo. Me brindaba, adem\u00e1s, la posibilidad de rodar en Los \u00c1ngeles, algo que ocurre cada vez menos, as\u00ed que tambi\u00e9n estaba agradecido por eso\u2026 A veces llega a mis manos algo que no se parece a nada que haya le\u00eddo antes. Ya hab\u00eda visto Profile (2018), una pel\u00edcula peque\u00f1a y realmente maravillosa que hizo Timur en formato screen-life (donde las escenas se desarrollan en pantallas de tel\u00e9fonos, port\u00e1tiles y c\u00e1maras de seguridad), y me pareci\u00f3 muy estimulante. As\u00ed que retomar esa idea y llevarla al siguiente nivel, crear algo m\u00e1s cinematogr\u00e1fico, liber\u00e1ndose un poco del punto de vista t\u00edpico del screen-life que ya hab\u00eda explorado con presupuestos relativamente bajos, y a\u00f1adir grandes efectos visuales, un presupuesto mayor y grandes actores\u2026 me pareci\u00f3 un paso natural y muy acertado.\u00a0<\/p>\n<blockquote class=\"ho-bl-1081603 -no-figcaption\" cite=\"\">\n<p id=\"ednKQ4saYuP\">\u00abSiempre he querido interpretar a un detective. Mi hermano era polic\u00eda, as\u00ed que ha sido la oportunidad perfecta para que trabaj\u00e1ramos juntos ayud\u00e1ndome como asesor t\u00e9cnico\u00bb<\/p>\n<\/blockquote>\n<p class=\"question-s1\" id=\"euHe9RVC0bO\" data-wc=\"14\"><strong>Tambi\u00e9n es bastante diferente a todo lo que te hemos visto hacer hasta ahora.<\/strong><\/p>\n<p class=\"answer-s1\" id=\"eBRwys3N1aw\" data-wc=\"101\">Siempre he querido interpretar a un detective. Mi hermano era polic\u00eda, as\u00ed que ha sido la oportunidad perfecta para que trabaj\u00e1ramos juntos ayud\u00e1ndome como asesor t\u00e9cnico. Adem\u00e1s, me gusta mucho c\u00f3mo han imaginado Los \u00c1ngeles en este futuro no tan lejano, rozando una realidad dist\u00f3pica con la implantaci\u00f3n de la inteligencia artificial en el sistema judicial\u2026 Supongo que todo eso me impact\u00f3 mucho. Soy afortunado de estar en una posici\u00f3n en la que lo normal es que diga que no a la mayor\u00eda de los proyectos que me llegan. En este caso fue bastante f\u00e1cil tomar la decisi\u00f3n cuando el guion.<\/p>\n<p class=\"question-s1\" id=\"eWeQt_Bywch\" data-wc=\"12\"><strong>\u00bfCu\u00e1l es la historia detr\u00e1s del sistema Mercy que vemos en pantalla?<\/strong><\/p>\n<p class=\"answer-s1\" id=\"eU584p-hJTW\" data-wc=\"130\">La pel\u00edcula se sit\u00faa en un futuro en el que la delincuencia se ha disparado. El sistema judicial est\u00e1 fallando y la ciudad ha conseguido suficiente apoyo p\u00fablico para utilizar lo que se conoce como la nube municipal de Los \u00c1ngeles, que b\u00e1sicamente es un entorno de vigilancia digital con el que se puede determinar que alguien es culpable con una probabilidad de m\u00e1s del 90%. A partir de ah\u00ed tienes 90 minutos para demostrar que no eres culpable y, si no lo consigues, te matan. La idea es que el tribunal capital Mercy funcione como juez, jurado y verdugo, y al estar impulsado por la inteligencia artificial est\u00e9 libre de prejuicios humanos y pol\u00edticos y se ci\u00f1a estrictamente a los hechos, eliminando cualquier posible error humano de la ecuaci\u00f3n.\u00a0<\/p>\n<p> <img src=\"https:\/\/www.europesays.com\/es\/wp-content\/uploads\/2026\/01\/1c02938b1bdf-gettyimages-2255363363.jpg\"   width=\"682\" height=\"1024\" loading=\"lazy\" decoding=\"async\" alt=\"El actor se encuentra estos d\u00edas en Madrid\" fetchpriority=\"auto\" class=\"image ho-image\"\/>\u00a9 Getty ImagesEl actor se encuentra estos d\u00edas en Madrid<\/p>\n<p class=\"question-s1\" id=\"e1d3W1IMEfx\" data-wc=\"35\"><strong>Aparentemente es una historia muy contenida, pero en realidad no lo es en absoluto. Hay muchas cosas que ocurren fuera de esa sala del juicio y que podemos ver en pantallas virtuales a tu alrededor\u2026<\/strong><\/p>\n<p class=\"answer-s1\" id=\"eXnKf2EF_U4\" data-wc=\"138\">S\u00ed, se ven much\u00edsimas cosas al mismo tiempo. Eso es lo que la hace que sea una pel\u00edcula tan contempor\u00e1nea. Podr\u00eda entenderse como una obra de teatro en tres actos en el que el escenario principal es donde estoy siendo juzgado durante 90 minutos\u2026 Pero tambi\u00e9n vamos viendo todos esos peque\u00f1os momentos de su vida, las secuencias de acci\u00f3n, cada prueba que puede servir tanto para demostrar su inocencia o culpabilidad. Tuvimos que rodar todo eso. B\u00e1sicamente hemos rodado esta obra de tres actos mediante una serie de planos secuencia muy largos, a veces cada uno de cincuenta o sesenta p\u00e1ginas de guion. Aunque tambi\u00e9n hemos tenido que rodar todos esos fragmentos que completan la historia. Esos han sido d\u00edas de producci\u00f3n en los que est\u00e1bamos fuera de la sala de juicio donde se desarrolla la historia principal.<\/p>\n<blockquote class=\"ho-bl-1081603 -no-figcaption\" cite=\"\">\n<p id=\"em2aMxbEG37\">\u00abHa sido incre\u00edble ver la pel\u00edcula por primera vez. Estaba con mi hijo Jack, que tiene 13 a\u00f1os, y con mi mujer, Katherine, y los dos saltaban del sill\u00f3n de la emoci\u00f3n\u2026\u00bb<\/p>\n<\/blockquote>\n<p class=\"question-s1\" id=\"eDeSE5BJcPv\" data-wc=\"9\"><strong>\u00bfC\u00f3mo ha sido ver la pel\u00edcula por primera vez?<\/strong><\/p>\n<p class=\"answer-s1\" id=\"edZI-dKhSoX\" data-wc=\"178\">Ha sido incre\u00edble.<a class=\"hm-link ho-link\" href=\"https:\/\/www.hola.com\/actualidad\/20241111729448\/chris-pratt-katherine-schwarzenegger-padres-tercer-hijo-comun\/\" data-mrf-recirculation=\"article-body-link\" rel=\"nofollow noopener\" target=\"_blank\">\u00a0Estaba con mi hijo Jack, que tiene 13 a\u00f1os, y con mi mujer, Katherine<\/a>, y los dos saltaban del sill\u00f3n de la emoci\u00f3n\u2026 Ya sabes, cuando haces una pel\u00edcula en que la posproducci\u00f3n tiene tanto peso, la experiencia es diferente. Normalmente, cuando ves una pel\u00edcula, sabes lo que te vas a encontrar porque has estado en el rodaje todos los d\u00edas. Pero cuando es un puzle de mil piezas como este, no lo ves completamente armado hasta el final. Por lo general, cuando haces una pel\u00edcula es como un regalo que le entregas al p\u00fablico, aunque cuando la ves siempre hay un factor de subjetividad por haber participado en el rodaje. Aqu\u00ed ocurre algo as\u00ed. Lo que pasa es que en esta pel\u00edcula mucho se ha creado en posproducci\u00f3n, as\u00ed que no sab\u00eda c\u00f3mo iba a quedar. Conoc\u00eda la historia. Conoc\u00eda cada golpe dram\u00e1tico. Pero aun as\u00ed fue muy emocionante y refrescante cuando la vi. Cuando vi todo montado pens\u00e9: \u201c\u00a1Madre m\u00eda, esto es incre\u00edble!\u201d (R\u00ede)\u2026 Ha sido muy divertido ver c\u00f3mo han hilado todo.\u00a0<\/p>\n<p> <img src=\"https:\/\/www.europesays.com\/es\/wp-content\/uploads\/2026\/01\/3ed990cbd260-some-favorite-moments-in-the-mountains.jpg\"   width=\"786\" height=\"1024\" loading=\"lazy\" decoding=\"async\" alt=\"El actor ha formado una familia junto a Katherine Schwarzenegger\" fetchpriority=\"auto\" class=\"image ho-image\"\/>\u00a9 katherineschwarzeneggerEl actor ha formado una familia junto a Katherine Schwarzenegger<\/p>\n<p class=\"question-s1\" id=\"ehTKax8bYWP\" data-wc=\"9\"><strong>\u00bfCu\u00e1l ha sido el mayor desaf\u00edo durante el rodaje?<\/strong><\/p>\n<p class=\"answer-s1\" id=\"exXqrf2iQHq\" data-wc=\"177\">Ha habido muchos desaf\u00edos, ya que hemos rodado planos secuencia muy largos. Hab\u00eda pocos momentos donde poder cortar. Hac\u00edamos tomas de 40 o 50 minutos en las que yo ten\u00eda much\u00edsimo di\u00e1logo. Adem\u00e1s, deb\u00eda mantener la mirada en el punto donde se supon\u00eda que estaba vi\u00e9ndome a m\u00ed mismo, ya sea en una videollamada con un personaje o en otra llamada con mi hija. Igual tengo que mirar hacia abajo una prueba o a un lado algo nuevo que acaba de ocurrir\u2026 Yo reaccionaba ante todo eso, pero en realidad no ve\u00eda nada. Despu\u00e9s de haber hecho Jurassic Park y Guardianes de la Galaxia estoy ya bastante acostumbrado a eso. Reaccionar ante cosas que no existen f\u00edsicamente no es algo nuevo para m\u00ed. El verdadero reto ha sido rodarlo todo de forma coherente con planos tan largos. Elegir el momento perfecto en el que deb\u00eda bajar el ritmo para crear un instante dram\u00e1tico y luego acelerar para crear otros m\u00e1s intensos\u2026 Ha sido como un baile, como aprender una gran coreograf\u00eda y luego ejecutarla a la perfecci\u00f3n.<\/p>\n<p> <img src=\"https:\/\/www.europesays.com\/es\/wp-content\/uploads\/2026\/01\/f46a5bbbce4a-second-best-friend-if-you-know-you-know-gotgvol3.jpg\"   width=\"819\" height=\"1024\" loading=\"lazy\" decoding=\"async\" alt=\"Durante el rodaje de 'Guardianes de la Galaxia'\" fetchpriority=\"auto\" class=\"image ho-image\"\/>\u00a9 prattprattprattDurante el rodaje de &#8216;Guardianes de la Galaxia&#8217;<\/p>\n<p class=\"question-s1\" id=\"e_UfSNAUWvC\" data-wc=\"14\"><strong>\u00bfC\u00f3mo ha sido trabajar con Rebecca Ferguson? \u00bfHab\u00e9is llegado a coincidir durante el rodaje?<\/strong><\/p>\n<p class=\"answer-s1\" id=\"eVHZnVpXxkP\" data-wc=\"139\">Bueno, s\u00ed y no. <a class=\"hm-link ho-link\" href=\"https:\/\/www.hola.com\/us-es\/celebrities\/20211025305773\/rebecca-ferguson-reto-actoral-dune\/\" data-mrf-recirculation=\"article-body-link\" rel=\"nofollow noopener\" target=\"_blank\">Rebecca interpreta a Maddox<\/a>, que es la jueza de inteligencia artificial. Si la jueza Judy y Terminator tuvieran un beb\u00e9, ser\u00eda Maddox. (R\u00ede)\u2026 Normalmente pod\u00eda ver a Rebecca en una pantalla, pero otras veces solo o\u00eda su voz. Aparec\u00eda en distintas partes del enorme decorado en el que me encontraba. Pero en realidad ella se encontraba en otro set, con una c\u00e1mara enfoc\u00e1ndole la cara, y emit\u00edan su imagen en la pantalla que ten\u00eda encima. Otras veces solo reaccionaba a su voz y ten\u00eda que imaginar d\u00f3nde estar\u00eda su rostro. Depende bastante de cada escena. Cuando la c\u00e1mara est\u00e1 detr\u00e1s de m\u00ed y mi punto de vista es ella, entonces s\u00ed pod\u00eda verla. Cuando la c\u00e1mara solo me enfoca a m\u00ed, no la ten\u00eda delante y solo la pod\u00eda escuchar a trav\u00e9s de un pinganillo.<\/p>\n<p>  <img src=\"https:\/\/www.europesays.com\/es\/wp-content\/uploads\/2026\/01\/6634760074f9-gettyimages-2255216333.jpg\"   width=\"819\" height=\"1024\" loading=\"lazy\" decoding=\"async\" alt=\"&quot;Rebecca interpreta a Maddox, que es la jueza de inteligencia artificial&quot;, cuenta el actor\" fetchpriority=\"auto\" class=\"image ho-image\"\/>\u00a9 Getty Images\u00bbRebecca interpreta a Maddox, que es la jueza de inteligencia artificial\u00bb, cuenta el actor<\/p>\n<p>  <img src=\"https:\/\/www.europesays.com\/es\/wp-content\/uploads\/2026\/01\/4878fe3c4349-gettyimages-2255210833.jpg\"   width=\"731\" height=\"1024\" loading=\"lazy\" decoding=\"async\" alt=\"Chris Pratt y Rebecca Ferguson durante la presentaci\u00f3n de Londres\" fetchpriority=\"auto\" class=\"image ho-image\"\/>\u00a9 Getty ImagesChris Pratt y Rebecca Ferguson durante la presentaci\u00f3n de Londres<\/p>\n<blockquote class=\"ho-bl-1081603 -no-figcaption\" cite=\"\">\n<p id=\"ek2OdHOBDCb\">\u00abEspero que la gente vaya al cine y vuelva a sentir lo que sent\u00eda cuando ve\u00eda pel\u00edculas como Speed, pel\u00edculas que, desde el momento en que arrancan, no te da dejan descansar hasta el final. Es un aut\u00e9ntico viaje\u00bb<\/p>\n<\/blockquote>\n<p class=\"question-s1\" id=\"epQPiKCZ_M6\" data-wc=\"10\"><strong>\u00bfQu\u00e9 esperas que el p\u00fablico se lleve de la pel\u00edcula?\u00a0<\/strong><\/p>\n<p class=\"answer-s1\" id=\"esbVBK93q4hI\" data-wc=\"115\">Lo que realmente espero es que la gente la vea en una pantalla grande y as\u00ed poder sumergirse en este mundo tal y como ha sido concebido, con todos los efectos en 3D que aparecen por todos lados. Es una verdadera monta\u00f1a rusa. As\u00ed que espero que la gente vaya a verla al cine y vuelva a sentir lo que sent\u00eda cuando ve\u00eda pel\u00edculas como Speed: M\u00e1xima Potencia, pel\u00edculas en las que, desde el momento en que arrancan, no te da dejan descansar hasta el final. Es un aut\u00e9ntico viaje cinematogr\u00e1fico, as\u00ed que espero que la gente vaya al cine y se lo pase genial. Es un homenaje a esos thrillers cl\u00e1sicos de vieja escuela.<\/p>\n","protected":false},"excerpt":{"rendered":"Dicen de \u00e9l que tiene una personalidad arrolladora, un gran carisma y mucho sentido del humor. Las claves&hellip;\n","protected":false},"author":2,"featured_media":331920,"comment_status":"","ping_status":"","sticky":false,"template":"","format":"standard","meta":{"footnotes":""},"categories":[169],"tags":[517,67206,177,146,147,25,24,176,175,23],"class_list":{"0":"post-331919","1":"post","2":"type-post","3":"status-publish","4":"format-standard","5":"has-post-thumbnail","7":"category-cine","8":"tag-actualidad","9":"tag-chris-pratt","10":"tag-cine","11":"tag-entertainment","12":"tag-entretenimiento","13":"tag-es","14":"tag-espana","15":"tag-film","16":"tag-movies","17":"tag-spain"},"share_on_mastodon":{"url":"https:\/\/pubeurope.com\/@es\/115866823868266544","error":""},"_links":{"self":[{"href":"https:\/\/www.europesays.com\/es\/wp-json\/wp\/v2\/posts\/331919","targetHints":{"allow":["GET"]}}],"collection":[{"href":"https:\/\/www.europesays.com\/es\/wp-json\/wp\/v2\/posts"}],"about":[{"href":"https:\/\/www.europesays.com\/es\/wp-json\/wp\/v2\/types\/post"}],"author":[{"embeddable":true,"href":"https:\/\/www.europesays.com\/es\/wp-json\/wp\/v2\/users\/2"}],"replies":[{"embeddable":true,"href":"https:\/\/www.europesays.com\/es\/wp-json\/wp\/v2\/comments?post=331919"}],"version-history":[{"count":0,"href":"https:\/\/www.europesays.com\/es\/wp-json\/wp\/v2\/posts\/331919\/revisions"}],"wp:featuredmedia":[{"embeddable":true,"href":"https:\/\/www.europesays.com\/es\/wp-json\/wp\/v2\/media\/331920"}],"wp:attachment":[{"href":"https:\/\/www.europesays.com\/es\/wp-json\/wp\/v2\/media?parent=331919"}],"wp:term":[{"taxonomy":"category","embeddable":true,"href":"https:\/\/www.europesays.com\/es\/wp-json\/wp\/v2\/categories?post=331919"},{"taxonomy":"post_tag","embeddable":true,"href":"https:\/\/www.europesays.com\/es\/wp-json\/wp\/v2\/tags?post=331919"}],"curies":[{"name":"wp","href":"https:\/\/api.w.org\/{rel}","templated":true}]}}