{"id":331923,"date":"2026-01-09T19:39:13","date_gmt":"2026-01-09T19:39:13","guid":{"rendered":"https:\/\/www.europesays.com\/es\/331923\/"},"modified":"2026-01-09T19:39:13","modified_gmt":"2026-01-09T19:39:13","slug":"un-proyecto-europeo-investigara-la-comunicacion-intestino-cerebro-como-clave-para-entender-el-dolor-cronico-y-sus-efectos-emocionales","status":"publish","type":"post","link":"https:\/\/www.europesays.com\/es\/331923\/","title":{"rendered":"Un proyecto europeo investigar\u00e1 la comunicaci\u00f3n intestino-cerebro como clave para entender el dolor cr\u00f3nico y sus efectos emocionales"},"content":{"rendered":"<p>La Universitat de Val\u00e8ncia (UV) coordina <strong><a href=\"https:\/\/www.neuron-eranet.eu\/projects\/PainGutPFC\/\" target=\"_blank\" rel=\"noreferrer noopener nofollow\">el proyecto europeo PainGutPFC<\/a><\/strong>, en el que aborda uno de los problemas de salud m\u00e1s prevalentes a nivel mundial: el dolor cr\u00f3nico y sus complicaciones emocionales y cognitivas. En el proyecto se estudian las alteraciones en la comunicaci\u00f3n cuerpo-cerebro que provocan el dolor cr\u00f3nico desde un enfoque innovador que combina la investigaci\u00f3n b\u00e1sica con la aplicaci\u00f3n cl\u00ednica directa. Este mes de enero se inician los estudios en humanos en Valencia, con la colaboraci\u00f3n del Instituto de Agroqu\u00edmica y Tecnolog\u00eda de Alimentos (IATA) del Consejo Superior de Investigaciones Cient\u00edficas (CSIC) y del Consorcio Hospital General Universitario de Valencia (HGUV).<\/p>\n<p><img fetchpriority=\"high\" decoding=\"async\" width=\"1600\" height=\"1067\" src=\"https:\/\/www.europesays.com\/es\/wp-content\/uploads\/2026\/01\/RUVID-UV-PainGutPFC.jpg\" alt=\"\" class=\"wp-image-101603\"  \/><\/p>\n<p>El dolor cr\u00f3nico es la condici\u00f3n de salud m\u00e1s com\u00fan en todo el mundo y una de las principales causas de discapacidad, especialmente entre las mujeres. A menudo, este dolor viene acompa\u00f1ado de problemas de salud mental que empeoran la situaci\u00f3n de los pacientes y afectan gravemente a sus actividades cotidianas, relaciones familiares y sociales. Este es el caso de enfermedades como la artritis reumatoide, la artrosis y la fibromialgia, que frecuentemente presentan lo que se denomina dolor nocipl\u00e1stico y sensibilizaci\u00f3n central, donde el da\u00f1o en las estructuras f\u00edsicas no se corresponde con el sufrimiento experimentado por los pacientes. Los tratamientos actuales son a menudo insuficientes, lo que deja a muchos pacientes con condiciones de dolor complejas y dificultades en la regulaci\u00f3n emocional, lo que conduce a una disminuci\u00f3n de la calidad de vida y puede empujarles a automedicarse con alcohol para tratar el dolor y gestionar estos sentimientos.<\/p>\n<p>Investigaciones recientes han destacado la importancia de la conexi\u00f3n entre el cuerpo (especialmente el intestino) y el cerebro que explican diferentes condiciones, como es el caso de la depresi\u00f3n o la ansiedad. Estas mismas conexiones podr\u00edan tener un papel importante en el desarrollo y mantenimiento del dolor, como se propone en PainGutPFC. Estudios previos del equipo de la UV tanto en animales como en humanos, han revelado que el dolor modifica significativamente el sistema de recompensa del cerebro, lo que puede conducir a emociones negativas y problemas de pensamiento. Estos cambios tambi\u00e9n pueden impulsar comportamientos poco saludables, como el consumo excesivo de alcohol, que a su vez puede empeorar el dolor, creando un c\u00edrculo vicioso dif\u00edcil de romper.<\/p>\n<p>Lucia Hip\u00f3lito, profesora del Departamento de Farmacia y Tecnolog\u00eda Farmac\u00e9utica y Parasitolog\u00eda de la UV y coordinadora del proyecto, explica: \u201cesta iniciativa analiza esta cuesti\u00f3n utilizando una estrategia traslacional. Es decir, incluyendo estudios precl\u00ednicos en animales y cl\u00ednicos en humanos en paralelo, con un enfoque fundamental de perspectiva de g\u00e9nero que reconoce las diferencias significativas entre hombres y mujeres en las experiencias de dolor y respuestas al tratamiento\u201d.<\/p>\n<p>Los hallazgos ayudar\u00e1n al desarrollo de terapias dirigidas y enfoques de medicina personalizada centrados en aproximaciones psicol\u00f3gicas y en la salud integral, y conducen a un alivio m\u00e1s r\u00e1pido y sostenido del dolor cr\u00f3nico, una reducci\u00f3n de la dependencia de medicamentos y una menor carga de problemas emocionales asociados, como ansiedad, depresi\u00f3n y autotratamiento de estos con consumo excesivo de alcohol.<\/p>\n<p><strong>Marcadores de microbiota intestinal<\/strong><\/p>\n<p>En el marco del proyecto, el grupo de Microbioma e Innovaci\u00f3n en Nutrici\u00f3n y Salud (Innobiome) del IATA-CSIC aporta su experiencia en el estudio del microbioma intestinal y su relaci\u00f3n con la salud. Su contribuci\u00f3n se centra en la identificaci\u00f3n de marcadores de la microbiota intestinal asociados al dolor cr\u00f3nico y a las alteraciones conductuales, as\u00ed como en el desarrollo de estrategias basadas en el microbioma con potencial para mejorar esta condici\u00f3n patol\u00f3gica.<\/p>\n<p>El grupo investiga c\u00f3mo el microbioma interact\u00faa con factores ambientales como la dieta o el estr\u00e9s y con el propio organismo humano, influyendo en los sistemas inmunol\u00f3gico, endocrino y nervioso, y modulando tanto la salud f\u00edsica como la mental. \u201cLa contribuci\u00f3n del grupo se orienta al desarrollo de nuevas soluciones diagn\u00f3sticas, preventivas y terap\u00e9uticas basadas en el microbioma, con el fin de promover la salud desde un enfoque integral\u201d, explica el equipo de trabajo del IATA.<\/p>\n<p>Adem\u00e1s de Luc\u00eda Hip\u00f3lito, el equipo investigador de este proyecto lo integran Miguel \u00c1ngel Serrano, Noem\u00ed Sanmiguel, Ana Polache y Vicente Herranz, por la Universitat de Val\u00e8ncia. Tambi\u00e9n participan Jorge Frag\u00edo (Consorcio Hospital General Universitario de Valencia, HGUV), y Ana Agust\u00ed y Marina Roman\u00ed (Instituto de Agroqu\u00edmica y Tecnolog\u00eda de Alimentos, IATA-CSIC). El consorcio europeo se completa con la participaci\u00f3n de la University of Picardie Jules Verne (Francia), Grenoble Alpes University y el Grenoble Institute of Neurosciences (Francia), y el Maj Institute of Pharmacology de la Academia Polaca de Ciencias (Polonia). La financiaci\u00f3n se ha obtenido a trav\u00e9s de EraNet Neuron, un programa de colaboraci\u00f3n internacional europeo.<\/p>\n<p>Fuente: UV<\/p>\n","protected":false},"excerpt":{"rendered":"La Universitat de Val\u00e8ncia (UV) coordina el proyecto europeo PainGutPFC, en el que aborda uno de los problemas&hellip;\n","protected":false},"author":2,"featured_media":331924,"comment_status":"","ping_status":"","sticky":false,"template":"","format":"standard","meta":{"footnotes":""},"categories":[92],"tags":[25,24,165,166,23],"class_list":{"0":"post-331923","1":"post","2":"type-post","3":"status-publish","4":"format-standard","5":"has-post-thumbnail","7":"category-salud","8":"tag-es","9":"tag-espana","10":"tag-health","11":"tag-salud","12":"tag-spain"},"share_on_mastodon":{"url":"https:\/\/pubeurope.com\/@es\/115866839577413183","error":""},"_links":{"self":[{"href":"https:\/\/www.europesays.com\/es\/wp-json\/wp\/v2\/posts\/331923","targetHints":{"allow":["GET"]}}],"collection":[{"href":"https:\/\/www.europesays.com\/es\/wp-json\/wp\/v2\/posts"}],"about":[{"href":"https:\/\/www.europesays.com\/es\/wp-json\/wp\/v2\/types\/post"}],"author":[{"embeddable":true,"href":"https:\/\/www.europesays.com\/es\/wp-json\/wp\/v2\/users\/2"}],"replies":[{"embeddable":true,"href":"https:\/\/www.europesays.com\/es\/wp-json\/wp\/v2\/comments?post=331923"}],"version-history":[{"count":0,"href":"https:\/\/www.europesays.com\/es\/wp-json\/wp\/v2\/posts\/331923\/revisions"}],"wp:featuredmedia":[{"embeddable":true,"href":"https:\/\/www.europesays.com\/es\/wp-json\/wp\/v2\/media\/331924"}],"wp:attachment":[{"href":"https:\/\/www.europesays.com\/es\/wp-json\/wp\/v2\/media?parent=331923"}],"wp:term":[{"taxonomy":"category","embeddable":true,"href":"https:\/\/www.europesays.com\/es\/wp-json\/wp\/v2\/categories?post=331923"},{"taxonomy":"post_tag","embeddable":true,"href":"https:\/\/www.europesays.com\/es\/wp-json\/wp\/v2\/tags?post=331923"}],"curies":[{"name":"wp","href":"https:\/\/api.w.org\/{rel}","templated":true}]}}