{"id":331940,"date":"2026-01-09T19:51:08","date_gmt":"2026-01-09T19:51:08","guid":{"rendered":"https:\/\/www.europesays.com\/es\/331940\/"},"modified":"2026-01-09T19:51:08","modified_gmt":"2026-01-09T19:51:08","slug":"galdakao-sera-principio-y-fin-de-una-etapa-de-la-itzulia-que-terminara-en-bergara-2","status":"publish","type":"post","link":"https:\/\/www.europesays.com\/es\/331940\/","title":{"rendered":"Galdakao ser\u00e1 principio y fin de una etapa de la Itzulia, que terminar\u00e1 en Bergara"},"content":{"rendered":"<p> Se van conociendo m\u00e1s detalles de la <a href=\"https:\/\/www.diariovasco.com\/vueltapaisvasco\/\" data-voc-vtm-id=\"in-text-traffic\" title=\"Itzulia \" data-mrf-link=\"www.diariovasco.com\" rel=\"nofollow noopener\" target=\"_blank\">Itzulia <\/a>del presente 2026, que tendr\u00e1 lugar entre el 6 y el 11 de abril. Este viernes  &#8230; ha trasncendido que la localidad vizca\u00edna de Galdakao ser\u00e1 salida y llegada de una de las etapas de esta carrera ciclista clave en el calendario, que volver\u00e1 a reunir a los mejores equipos del pelot\u00f3n internacional. <\/p>\n<p class=\"v-p\"> El acuerdo para la participaci\u00f3n del Ayuntamiento de Galdakao en la organizaci\u00f3n de una etapa de la Itzulia se ha sellado este viernes.Seg\u00fan informa el comunicado de la carrera, al acto de la firma han acudido el alcalde de Galdakao, I\u00f1igo Arriandiaga Hernando; el concejal de Deportes Asier Korta; la de Juventud, Amets Iturbe; el presidente de OCETA Javier Ria\u00f1o; Iker Amarika, responsable de Relaciones Institucionales de OCETA; y Olatz Otero, secretaria de la asociaci\u00f3n. <\/p>\n<p class=\"v-p\">\u00abEstamos muy contentos de volver a Galdakao, tierra de ciclistas. Hemos pasado con la Itzulia y la Itzulia Women por aqu\u00ed muchas veces, pero no hab\u00eda una etapa en Galdakao desde 1996\u00bb, ha recordado Javier Ria\u00f1o, resaltando el v\u00ednculo de esta localidad vizca\u00edna con el ciclismo en general y con esta vuelta ciclista al Pa\u00eds Vasco en particular. \u00abPara todos esos grupos, para esa cantera y para toda la ciudadan\u00eda ser\u00e1 especial acoger en nuestro pueblo a los mejores ciclistas a nivel mundial\u00bb, ha significado el alcalde I\u00f1igo Arriandiaga. <\/p>\n<p><img decoding=\"async\" loading=\"lazy\" src=\"https:\/\/www.europesays.com\/es\/wp-content\/uploads\/2026\/01\/Bergara.jpg\" class=\"v-a-img\" alt=\"\" data-voc-vtm-id=\"in-text-traffic\" width=\"624\" height=\"350\"\/><\/p>\n<p><img loading=\"lazy\" decoding=\"async\" src=\"https:\/\/www.europesays.com\/es\/wp-content\/uploads\/2026\/01\/Bergara.jpg\" class=\"v-mdl__img-z\" width=\"624\" height=\"385\" alt=\"\"\/><\/p>\n<p class=\"v-p\"> Galdakao acoger\u00e1 la meta y la salida de una de las seis etapas de una Itzulia que concluir\u00e1 el 11 de abril en Bergara. En el caso de<a href=\"https:\/\/www.diariovasco.com\/vueltapaisvasco\/etapas\/durisima-ultima-etapa-itzulia-2026-final-bergara-20251118123731-nt.html\" data-voc-vtm-id=\"in-text-traffic\" title=\" esta etapa que acaba en el municipio guipuzcoano\" data-mrf-link=\"www.diariovasco.com\" rel=\"nofollow noopener\" target=\"_blank\"> esta etapa que acaba en el municipio guipuzcoano<\/a>, s\u00ed saben todos los detalles: la fecha -11 de abril- y el recorrido. Ser\u00e1n 133,7 kil\u00f3metros entre Antzuola y Bergara con un desnivel positivo de +3.000. <\/p>\n","protected":false},"excerpt":{"rendered":"Se van conociendo m\u00e1s detalles de la Itzulia del presente 2026, que tendr\u00e1 lugar entre el 6 y&hellip;\n","protected":false},"author":2,"featured_media":331941,"comment_status":"","ping_status":"","sticky":false,"template":"","format":"standard","meta":{"footnotes":""},"categories":[273],"tags":[62346,313,312,168,25,24,772,58052,52749,876,23,167,15881],"class_list":{"0":"post-331940","1":"post","2":"type-post","3":"status-publish","4":"format-standard","5":"has-post-thumbnail","7":"category-ciclismo","8":"tag-bergara","9":"tag-ciclismo","10":"tag-cycling","11":"tag-deportes","12":"tag-es","13":"tag-espana","14":"tag-fin","15":"tag-galdakao","16":"tag-itzulia","17":"tag-principio","18":"tag-spain","19":"tag-sports","20":"tag-terminara"},"share_on_mastodon":{"url":"https:\/\/pubeurope.com\/@es\/115866886664972208","error":""},"_links":{"self":[{"href":"https:\/\/www.europesays.com\/es\/wp-json\/wp\/v2\/posts\/331940","targetHints":{"allow":["GET"]}}],"collection":[{"href":"https:\/\/www.europesays.com\/es\/wp-json\/wp\/v2\/posts"}],"about":[{"href":"https:\/\/www.europesays.com\/es\/wp-json\/wp\/v2\/types\/post"}],"author":[{"embeddable":true,"href":"https:\/\/www.europesays.com\/es\/wp-json\/wp\/v2\/users\/2"}],"replies":[{"embeddable":true,"href":"https:\/\/www.europesays.com\/es\/wp-json\/wp\/v2\/comments?post=331940"}],"version-history":[{"count":0,"href":"https:\/\/www.europesays.com\/es\/wp-json\/wp\/v2\/posts\/331940\/revisions"}],"wp:featuredmedia":[{"embeddable":true,"href":"https:\/\/www.europesays.com\/es\/wp-json\/wp\/v2\/media\/331941"}],"wp:attachment":[{"href":"https:\/\/www.europesays.com\/es\/wp-json\/wp\/v2\/media?parent=331940"}],"wp:term":[{"taxonomy":"category","embeddable":true,"href":"https:\/\/www.europesays.com\/es\/wp-json\/wp\/v2\/categories?post=331940"},{"taxonomy":"post_tag","embeddable":true,"href":"https:\/\/www.europesays.com\/es\/wp-json\/wp\/v2\/tags?post=331940"}],"curies":[{"name":"wp","href":"https:\/\/api.w.org\/{rel}","templated":true}]}}