{"id":331944,"date":"2026-01-09T19:54:07","date_gmt":"2026-01-09T19:54:07","guid":{"rendered":"https:\/\/www.europesays.com\/es\/331944\/"},"modified":"2026-01-09T19:54:07","modified_gmt":"2026-01-09T19:54:07","slug":"fecha-y-horario-confirmado-para-el-clasico-de-cuartos-de-copa-de-la-reina","status":"publish","type":"post","link":"https:\/\/www.europesays.com\/es\/331944\/","title":{"rendered":"Fecha y horario confirmado para el Cl\u00e1sico de cuartos de Copa de la Reina"},"content":{"rendered":"<p data-gtm-element-container=\"modulo-texto-link\" class=\"paragraph\">El pasado mi\u00e9rcoles en la<strong> Ciudad del F\u00fatbol de Las Rozas<\/strong>\u00a0se definieron los emparejamientos de los cuartos de final de la <strong>Copa de la Reina<\/strong>. Si bien el <strong>Bar\u00e7a <\/strong>ten\u00eda siete posibles contrincantes, el azar reparti\u00f3 sus cartas y le adjudic\u00f3 &#8216;el gordo&#8217;.\u00a0<a href=\"https:\/\/www.mundodeportivo.com\/futbol\/fc-barcelona\/20260107\/1002597281\/clasico-confirmado-cuartos-final-copa-reina.html\" target=\"_blank\" rel=\"nofollow noopener\">El <strong>Real Madrid<\/strong>, segundo en la <strong>Liga F Moeve<\/strong>, ser\u00e1 el pr\u00f3ximo rival del conjunto cul\u00e9 <\/a>en la competici\u00f3n del KO. El <strong>Cl\u00e1sico<\/strong> ya tiene fecha y horario definidos: se jugar\u00e1 el<strong> jueves 5 de febrero a las 21 h.<\/strong> (TV3 \/ Teledeporte) en el <strong>Estadio Alfredo di St\u00e9fano<\/strong>.<\/p>\n<p data-gtm-element-container=\"modulo-texto-link\" class=\"paragraph\">Las azulgrana viajar\u00e1n a <strong>Madrid <\/strong>tras haber superado los octavos de final con una contundente victoria ante el <strong>Deportivo Alav\u00e9s<\/strong> (1-6),\u00a0mientras que las blancas llegar\u00e1n al encuentro habiendo eliminado al <strong>Espanyol<\/strong> (0-4). El pase a la siguiente ronda se jugar\u00e1 a un \u00fanico partido.\u00a0<\/p>\n<p data-gtm-element-container=\"modulo-texto-link\" class=\"paragraph\">La temporada pasada ambos equipos ya se cruzaron en las semifinales, que cayeron del bando azulgrana por un global de 8-1 tras ganar por 0-5 en <strong>Madrid <\/strong>y 3-1 en el <strong>Johan Cruyff.<\/strong> Esas victorias permitieron al <strong>Bar\u00e7a <\/strong>llegar a la final y levantar su und\u00e9cima <strong>Copa<\/strong> <strong>de la Reina <\/strong>tras vencer al <strong>Atl\u00e9tico de Madrid <\/strong>gracias a un doblete de <strong>Claudia Pina<\/strong>.<\/p>\n<p>    Lee tambi\u00e9n<\/p>\n<p data-gtm-element-container=\"modulo-texto-link\" class=\"paragraph\">Tambi\u00e9n se han definido los horarios de los otros enfrentamientos de la eliminatoria. El mi\u00e9rcoles 4 de febrero se disputar\u00e1n los duelos\u00a0<strong>Atl\u00e9tico de Madrid<\/strong> &#8211; <strong>Athletic Club<\/strong> a las 18:30 h. (Teledeporte) y <strong>Madrid CF<\/strong> &#8211; <strong>CD Tenerife<\/strong> a las 19 h. (Televisi\u00f3n Canaria), ambos en la capital. El jueves 5 jugar\u00e1n la <strong>Real Sociedad<\/strong> &#8211; <strong>Badalona Women<\/strong>\u00a0a las 19 h. (RFEFTV) en <strong>San Sebasti\u00e1n.<\/strong><\/p>\n<p data-gtm-element-container=\"modulo-texto-link\" class=\"paragraph\">Adem\u00e1s, esa misma semana est\u00e1 fechada, tambi\u00e9n, para los cuartos de final de la<strong> Copa del Rey.<\/strong> Si el equipo de <strong>Hansi Flick<\/strong> gana el 15 de enero en el campo del <strong>Racing Santander<\/strong>, la fecha de ambas eliminatorias, femenina y masculina, podr\u00eda coincidir.<\/p>\n","protected":false},"excerpt":{"rendered":"El pasado mi\u00e9rcoles en la Ciudad del F\u00fatbol de Las Rozas\u00a0se definieron los emparejamientos de los cuartos de&hellip;\n","protected":false},"author":2,"featured_media":331945,"comment_status":"","ping_status":"","sticky":false,"template":"","format":"standard","meta":{"footnotes":""},"categories":[268],"tags":[168,25,24,280,282,281,23,167],"class_list":{"0":"post-331944","1":"post","2":"type-post","3":"status-publish","4":"format-standard","5":"has-post-thumbnail","7":"category-futbol","8":"tag-deportes","9":"tag-es","10":"tag-espana","11":"tag-football","12":"tag-futbol","13":"tag-soccer","14":"tag-spain","15":"tag-sports"},"share_on_mastodon":{"url":"https:\/\/pubeurope.com\/@es\/115866898569354664","error":""},"_links":{"self":[{"href":"https:\/\/www.europesays.com\/es\/wp-json\/wp\/v2\/posts\/331944","targetHints":{"allow":["GET"]}}],"collection":[{"href":"https:\/\/www.europesays.com\/es\/wp-json\/wp\/v2\/posts"}],"about":[{"href":"https:\/\/www.europesays.com\/es\/wp-json\/wp\/v2\/types\/post"}],"author":[{"embeddable":true,"href":"https:\/\/www.europesays.com\/es\/wp-json\/wp\/v2\/users\/2"}],"replies":[{"embeddable":true,"href":"https:\/\/www.europesays.com\/es\/wp-json\/wp\/v2\/comments?post=331944"}],"version-history":[{"count":0,"href":"https:\/\/www.europesays.com\/es\/wp-json\/wp\/v2\/posts\/331944\/revisions"}],"wp:featuredmedia":[{"embeddable":true,"href":"https:\/\/www.europesays.com\/es\/wp-json\/wp\/v2\/media\/331945"}],"wp:attachment":[{"href":"https:\/\/www.europesays.com\/es\/wp-json\/wp\/v2\/media?parent=331944"}],"wp:term":[{"taxonomy":"category","embeddable":true,"href":"https:\/\/www.europesays.com\/es\/wp-json\/wp\/v2\/categories?post=331944"},{"taxonomy":"post_tag","embeddable":true,"href":"https:\/\/www.europesays.com\/es\/wp-json\/wp\/v2\/tags?post=331944"}],"curies":[{"name":"wp","href":"https:\/\/api.w.org\/{rel}","templated":true}]}}