{"id":331953,"date":"2026-01-09T20:02:08","date_gmt":"2026-01-09T20:02:08","guid":{"rendered":"https:\/\/www.europesays.com\/es\/331953\/"},"modified":"2026-01-09T20:02:08","modified_gmt":"2026-01-09T20:02:08","slug":"supercopa-de-espana-derrota-y-cancherismo-en-el-derbi-con-mas-remates-y-mas-balon-del-atletico-en-la-era-simeone-futbol-deportes","status":"publish","type":"post","link":"https:\/\/www.europesays.com\/es\/331953\/","title":{"rendered":"Supercopa de Espa\u00f1a: Derrota y \u2018cancherismo\u2019 en el derbi con m\u00e1s remates y m\u00e1s bal\u00f3n del Atl\u00e9tico en la era Simeone | F\u00fatbol | Deportes"},"content":{"rendered":"<p class=\"\">Con Diego Pablo Simeone a la cabeza, el Atl\u00e9tico de Madrid abandon\u00f3 el lujoso hotel Shangri-La de Yeda enclavado a la ribera del Mar Rojo con la sensaci\u00f3n y el resquemor de haber dejado <a href=\"https:\/\/elpais.com\/deportes\/futbol\/2026-01-08\/courtois-y-valverde-propician-otro-clasico-en-la-supercopa-de-arabia-saudi.html\" target=\"_self\" rel=\"nofollow noopener\" title=\"https:\/\/elpais.com\/deportes\/futbol\/2026-01-08\/courtois-y-valverde-propician-otro-clasico-en-la-supercopa-de-arabia-saudi.html\">escapar viva a una de las versiones<\/a> m\u00e1s conservadoras y planas del Real Madrid. En los 49 derbis de la era Simeone, el Atl\u00e9tico ni hab\u00eda ejecutado tantos remates (22) ni hab\u00eda llegado al 55% de posesi\u00f3n que registr\u00f3 bajo el bochorno des\u00e9rtico que flotaba en el estadio King Abdullah. El Atl\u00e9tico de Madrid tuvo m\u00e1s la pelota y atac\u00f3 m\u00e1s. Fue mejor y gener\u00f3 situaciones de gol suficientes para ganar, pero el preparador argentino se fue bajo el <a href=\"https:\/\/elpais.com\/deportes\/futbol\/2026-01-08\/simeone-a-vinicius-durante-la-semifinal-de-la-supercopa-acordate-florentino-te-va-a-echar.html\" target=\"_self\" rel=\"nofollow noopener\" title=\"https:\/\/elpais.com\/deportes\/futbol\/2026-01-08\/simeone-a-vinicius-durante-la-semifinal-de-la-supercopa-acordate-florentino-te-va-a-echar.html\">foco por su pique con Vinicius<\/a> y por una nueva derrota ante un Madrid muy rebajado que le priv\u00f3 de optar este domingo de conquistar el primer t\u00edtulo de la temporada. <\/p>\n<p class=\"\">\u201cFlorentino te va a echar, acord\u00e1te\u201d, le descerraj\u00f3 en su cara Simeone al controvertido jugador madridista. En el Atl\u00e9tico defienden a su entrenador con el argumento de que fue una respuesta canchera a una provocaci\u00f3n previa del extremo brasile\u00f1o. Seg\u00fan la versi\u00f3n rojiblanca, Vinicius tir\u00f3 de sarcasmo para mofarse de Simeone cuando \u00e9ste y su banquillo reclamaron un posible penalti por manos de R\u00fcdiger. \u201cS\u00ed, s\u00ed, os van a pitar penalti\u201d y \u201cTranquilo, te pitan ahora penalti\u201d, sali\u00f3 por boca del brasile\u00f1o, captado por las c\u00e1maras de Movistar. <\/p>\n<p class=\"\">Como jugador, <a href=\"https:\/\/elpais.com\/deportes\/futbol\/2026-01-08\/courtois-sobre-el-gol-de-valverde-ha-sido-de-dibujos-animados.html\" target=\"_self\" rel=\"nofollow noopener\" title=\"https:\/\/elpais.com\/deportes\/futbol\/2026-01-08\/courtois-sobre-el-gol-de-valverde-ha-sido-de-dibujos-animados.html\">Simeone bebi\u00f3 de la lenguaraz escuela<\/a> del Bilardismo para tratar de desestabilizar al rival con andanadas inspiradas en situaciones particulares, personales o deportivas, para sacar de los partidos a sus rivales. El Cholo busc\u00f3 un golpe bajo en medio de los problemas internos que generan las piadas de Vinicius y en su renovaci\u00f3n a\u00fan no cerrada. El \u201cno vale todo\u201d que espet\u00f3 Xabi Alonso en la sala de prensa en referencia al mal\u00e9volo mensaje de Simeone al atacante carioca amplific\u00f3 la trifulca. La dolorosa derrota fue aprovechada por Vinicius para dedicarle unas l\u00edneas al entrenador rojiblanco. \u201cHas perdido otra eliminatoria\u201d, escribi\u00f3 en sus redes sociales Vinicius al t\u00e9rmino del partido. <\/p>\n<p class=\"\">El combate dial\u00e9ctico termin\u00f3 por imponerse en el postpartido y eclipsar la actuaci\u00f3n ofensiva m\u00e1s dominante del Atl\u00e9tico en un derbi bajo la direcci\u00f3n de Simeone. <a href=\"https:\/\/elpais.com\/deportes\/futbol\/2026-01-08\/courtois-sobre-el-gol-de-valverde-ha-sido-de-dibujos-animados.html\" target=\"_self\" rel=\"nofollow noopener\" title=\"https:\/\/elpais.com\/deportes\/futbol\/2026-01-08\/courtois-sobre-el-gol-de-valverde-ha-sido-de-dibujos-animados.html\">Al t\u00e9rmino del encuentro,<\/a> en las entra\u00f1as del King Abdullah, miembros del cuerpo t\u00e9cnico de Xabi Alonso admit\u00edan el ejercicio de resistencia que tuvieron que hacer los futbolistas merengues y la dificultad para sostenerse ante un Atl\u00e9tico del que apreciaron tambi\u00e9n mejor\u00eda en el juego asociativo y m\u00e1s variantes ofensivas que en \u00e9pocas de juego m\u00e1s plomizo. \u201cCreo que jugaron mucho mejor que nosotros\u201d, reconoci\u00f3 el propio Valverde. \u201cEstoy jodido, tuvimos ocasiones, pero la pelota no entr\u00f3\u201d, lament\u00f3 el capit\u00e1n rojiblanco Koke.<\/p>\n<p class=\"\">La falta de punter\u00eda es uno de los males que ha puesto casi imposible la Liga para el Atl\u00e9tico, ya a 11 puntos del Barcelona de Hansi Flick. La semifinal de esta Supercopa confirm\u00f3 que Juli\u00e1n Alvarez no est\u00e1 ni fino con el pie ni fresco de cabeza ni piernas, pese a sus esfuerzos en la presi\u00f3n y sus intentonas por desequilibrar. Simeone esperaba que, tras haber superado la inquietud previa a su reciente primera paternidad, su delantero de cabecera resurgiera de su alarmante sequ\u00eda goleadora. Por esta raz\u00f3n, a diferencia de los \u00faltimos encuentros, el t\u00e9cnico opt\u00f3 por mantenerle en el terreno de juego toda la semifinal. Las esperanzas de Simeone no se vieron correspondidas. Nadie en el Atl\u00e9tico obvia que el jugador m\u00e1s determinante del equipo no termina de explotar este curso. \u201cLa situaci\u00f3n que pueda estar pasando no le gusta ni a \u00e9l ni a nadie. Volver\u00e1 y ser\u00e1 muy pronto el que ha sido y el que realmente es, un magn\u00edfico jugador, de los mejores del mundo\u201d, vaticinaba el presidente rojiblanco, Enrique Cerezo, en su rutinaria comparecencia ante los medios en las previas de los partidos.<\/p>\n<p class=\"\"><a href=\"https:\/\/elpais.com\/deportes\/futbol\/2026-01-08\/julian-alvarez-sorloth-una-pareja-aun-por-encontrarse.html\" target=\"_self\" rel=\"nofollow noopener\" title=\"https:\/\/elpais.com\/deportes\/futbol\/2026-01-08\/julian-alvarez-sorloth-una-pareja-aun-por-encontrarse.html\">La frialdad de las estad\u00edsticas de Juli\u00e1n Alvarez<\/a>, un gol en los \u00faltimos ocho partidos de Liga, son rotundas, pero tambi\u00e9n lo son las sensaciones que transmite el atacante argentino con el bal\u00f3n en los pies. Se trastabilla m\u00e1s de lo habitual en los controles y en los regates, y algunos de sus remates describen a un delantero sin br\u00edo y tocado en su \u00e1nimo. <\/p>\n<p class=\"\">El Atl\u00e9tico tambi\u00e9n acusa que Baena est\u00e9 en la b\u00fasqueda de un mejor tono f\u00edsico y de que recupere la finura con la que se convirti\u00f3 en el gran generador del juego ofensivo antes de romperse en el Camp Nou. Reapareci\u00f3 un mes despu\u00e9s en Anoeta disputando una hora y el mi\u00e9rcoles sus datos de la carga de minutos que puede soportar aconsejaron el cambio. Por el reemplazo de Sorloth, Simeone tambi\u00e9n ha sido cuestionado porque hab\u00eda marcado el tanto del 2-1. Seg\u00fan fuentes con acceso al vestuario rojiblanco, el noruego pidi\u00f3 el cambio por molestias. Le reemplaz\u00f3 Griezmann, otro del que Simeone esperaba que contribuyera con m\u00e1s determinaci\u00f3n a la consecuci\u00f3n de un empate a dos que nunca lleg\u00f3 y propici\u00f3 una derrota en el derbi en el que el Atl\u00e9tico remat\u00f3 y tuvo m\u00e1s el bal\u00f3n que nunca. <\/p>\n","protected":false},"excerpt":{"rendered":"Con Diego Pablo Simeone a la cabeza, el Atl\u00e9tico de Madrid abandon\u00f3 el lujoso hotel Shangri-La de Yeda&hellip;\n","protected":false},"author":2,"featured_media":331954,"comment_status":"","ping_status":"","sticky":false,"template":"","format":"standard","meta":{"footnotes":""},"categories":[93],"tags":[44279,3409,1540,168,1539,25,24,282,1538,22784,3048,10259,23,167,72072,10111,10344],"class_list":{"0":"post-331953","1":"post","2":"type-post","3":"status-publish","4":"format-standard","5":"has-post-thumbnail","7":"category-deportes","8":"tag-alexander-sorloth","9":"tag-atletico-de-madrid","10":"tag-competiciones","11":"tag-deportes","12":"tag-entrenadores","13":"tag-es","14":"tag-espana","15":"tag-futbol","16":"tag-futbolistas","17":"tag-julian-alvarez","18":"tag-real-madrid","19":"tag-simeone","20":"tag-spain","21":"tag-sports","22":"tag-supercopa-espana","23":"tag-vinicius-junior","24":"tag-xabi-alonso"},"share_on_mastodon":{"url":"https:\/\/pubeurope.com\/@es\/115866929916139822","error":""},"_links":{"self":[{"href":"https:\/\/www.europesays.com\/es\/wp-json\/wp\/v2\/posts\/331953","targetHints":{"allow":["GET"]}}],"collection":[{"href":"https:\/\/www.europesays.com\/es\/wp-json\/wp\/v2\/posts"}],"about":[{"href":"https:\/\/www.europesays.com\/es\/wp-json\/wp\/v2\/types\/post"}],"author":[{"embeddable":true,"href":"https:\/\/www.europesays.com\/es\/wp-json\/wp\/v2\/users\/2"}],"replies":[{"embeddable":true,"href":"https:\/\/www.europesays.com\/es\/wp-json\/wp\/v2\/comments?post=331953"}],"version-history":[{"count":0,"href":"https:\/\/www.europesays.com\/es\/wp-json\/wp\/v2\/posts\/331953\/revisions"}],"wp:featuredmedia":[{"embeddable":true,"href":"https:\/\/www.europesays.com\/es\/wp-json\/wp\/v2\/media\/331954"}],"wp:attachment":[{"href":"https:\/\/www.europesays.com\/es\/wp-json\/wp\/v2\/media?parent=331953"}],"wp:term":[{"taxonomy":"category","embeddable":true,"href":"https:\/\/www.europesays.com\/es\/wp-json\/wp\/v2\/categories?post=331953"},{"taxonomy":"post_tag","embeddable":true,"href":"https:\/\/www.europesays.com\/es\/wp-json\/wp\/v2\/tags?post=331953"}],"curies":[{"name":"wp","href":"https:\/\/api.w.org\/{rel}","templated":true}]}}