{"id":331957,"date":"2026-01-09T20:04:26","date_gmt":"2026-01-09T20:04:26","guid":{"rendered":"https:\/\/www.europesays.com\/es\/331957\/"},"modified":"2026-01-09T20:04:26","modified_gmt":"2026-01-09T20:04:26","slug":"david-medina-bellido-presentara-en-lebrija-su-nueva-obra-los-caminos-del-corazon","status":"publish","type":"post","link":"https:\/\/www.europesays.com\/es\/331957\/","title":{"rendered":"David Medina Bellido presentar\u00e1 en Lebrija su nueva obra \u00bfLos caminos del coraz\u00f3n\u00bf\u00a0"},"content":{"rendered":"<p>La Casa de la Cultura de Lebrija es de nuevo el escenario elegido para la presentaci\u00f3n de un libro. En esta ocasi\u00f3n, David Media presentar\u00e1 su obra Los caminos del coraz\u00f3n, publicado por El\u00edsea Editorial el pr\u00f3ximo jueves, 15 de enero, a las 19:30 horas.<\/p>\n<p>El acto contar\u00e1 con la intervenci\u00f3n de Jos\u00e9 Antonio C\u00e1rdenas Caro, quien ejercer\u00e1 como presentador, y con la participaci\u00f3n musical de Dairo Monta\u00f1o y Mar\u00eda Teresa Mariscal que amenizar\u00e1n el acto con la interpretaci\u00f3n de diversas piezas.<\/p>\n<p>Los caminos del coraz\u00f3n es una obra que, seg\u00fan expresa su autor, anima al lector a detenerse, a sentir y a reflexionar en torno a la palabra escrita. Sin duda, una obra que busca transmitir emociones, paz interior, amistad y amor, acercando al lector al verdadero significado de la felicidad.<\/p>\n<p>La presentaci\u00f3n, organizada con la colaboraci\u00f3n del Ayuntamiento de Lebrija, se celebrar\u00e1 en la Casa de la Cultura y estar\u00e1 abierta al p\u00fablico hasta completar aforo.<\/p>\n","protected":false},"excerpt":{"rendered":"La Casa de la Cultura de Lebrija es de nuevo el escenario elegido para la presentaci\u00f3n de un&hellip;\n","protected":false},"author":2,"featured_media":331958,"comment_status":"","ping_status":"","sticky":false,"template":"","format":"standard","meta":{"footnotes":""},"categories":[91],"tags":[146,147,25,24,23],"class_list":{"0":"post-331957","1":"post","2":"type-post","3":"status-publish","4":"format-standard","5":"has-post-thumbnail","7":"category-entretenimiento","8":"tag-entertainment","9":"tag-entretenimiento","10":"tag-es","11":"tag-espana","12":"tag-spain"},"share_on_mastodon":{"url":"https:\/\/pubeurope.com\/@es\/115866937785967697","error":""},"_links":{"self":[{"href":"https:\/\/www.europesays.com\/es\/wp-json\/wp\/v2\/posts\/331957","targetHints":{"allow":["GET"]}}],"collection":[{"href":"https:\/\/www.europesays.com\/es\/wp-json\/wp\/v2\/posts"}],"about":[{"href":"https:\/\/www.europesays.com\/es\/wp-json\/wp\/v2\/types\/post"}],"author":[{"embeddable":true,"href":"https:\/\/www.europesays.com\/es\/wp-json\/wp\/v2\/users\/2"}],"replies":[{"embeddable":true,"href":"https:\/\/www.europesays.com\/es\/wp-json\/wp\/v2\/comments?post=331957"}],"version-history":[{"count":0,"href":"https:\/\/www.europesays.com\/es\/wp-json\/wp\/v2\/posts\/331957\/revisions"}],"wp:featuredmedia":[{"embeddable":true,"href":"https:\/\/www.europesays.com\/es\/wp-json\/wp\/v2\/media\/331958"}],"wp:attachment":[{"href":"https:\/\/www.europesays.com\/es\/wp-json\/wp\/v2\/media?parent=331957"}],"wp:term":[{"taxonomy":"category","embeddable":true,"href":"https:\/\/www.europesays.com\/es\/wp-json\/wp\/v2\/categories?post=331957"},{"taxonomy":"post_tag","embeddable":true,"href":"https:\/\/www.europesays.com\/es\/wp-json\/wp\/v2\/tags?post=331957"}],"curies":[{"name":"wp","href":"https:\/\/api.w.org\/{rel}","templated":true}]}}