{"id":331965,"date":"2026-01-09T20:08:08","date_gmt":"2026-01-09T20:08:08","guid":{"rendered":"https:\/\/www.europesays.com\/es\/331965\/"},"modified":"2026-01-09T20:08:08","modified_gmt":"2026-01-09T20:08:08","slug":"una-anciana-muerta-y-al-menos-nueve-heridos-tras-una-explosion-de-gas-en-un-edificio-en-obras-de-carabanchel","status":"publish","type":"post","link":"https:\/\/www.europesays.com\/es\/331965\/","title":{"rendered":"Una anciana muerta y al menos nueve heridos tras una explosi\u00f3n de gas en un edificio en obras de Carabanchel"},"content":{"rendered":"<p style=\"\">En una jornada fr\u00eda y \u00e1spera, t\u00edpica de esta \u00e9poca invernal, la tranquilidad ha saltado esta tarde por los aires en Carabanchel cuando los vecinos del n\u00famero 36 de la calle Azcoitia han escuchado un tremendo estruendo. All\u00ed, en la \u00faltima planta de un edificio  &#8230; en el que se estaban realizando obras en la fachada, una <a href=\"https:\/\/www.abc.es\/espana\/madrid\/okupas-fuga-gas-victimas-colaterales-claves-explosion-20250913213922-nt.html\" target=\"_self\" data-voc-vtm-id=\"in-text-traffic\" title=\"explosi\u00f3n de gas\" data-mrf-link=\"www.abc.es\" rel=\"nofollow noopener\">explosi\u00f3n de gas<\/a> ha provocado el derrumbe de parte de la infraestructura superior y se ha cobrado la peor de las noticias: una mujer de 80 a\u00f1os ha perdido la vida y su marido ha resultado herida grave. Ocho personas m\u00e1s han tenido que ser atendidos aunque, en este caso, de levedad.<\/p>\n<p class=\"voc-p\" style=\"\">Los hechos han tenido lugar minutos despu\u00e9s de las 4 de la tarde, cuando por causas que est\u00e1n siendo investigadas, se ha producido la citada deflagraci\u00f3n, que r\u00e1pidamente ha provocado el colapso del forjado de la cubierta sobre la cuarta y ultima planta y ha sepultado a la anciana, que ha quedado semienterrada entre los escombros. Se trata de un edificio de viviendas situado en la colonia Loyola, que alberga complejos de m\u00e1s de medio siglo de vida.<\/p>\n<p class=\"voc-p\" style=\"\">Seg\u00fan ha confirmado la vicealcaldesa del Ayuntamiento de Madrid, Inmaculada Sanz, frente al edificio siniestrado, la persona fallecida es una mujer espa\u00f1ola de avanzada edad, sin que por ahora hayan trascendido m\u00e1s datos. Respecto a la posibilidad de que haya personas desaparecidas, la segunda de a bordo en el Ayuntamiento ha se\u00f1alado que en principio no habr\u00eda nadie en esa situaci\u00f3n. \u00abNo hay ninguna persona a la que se eche de menos, pero con toda la cautela a\u00fan\u00bb, ha incidido.<\/p>\n<p><img decoding=\"async\" loading=\"lazy\" src=\"https:\/\/www.europesays.com\/es\/wp-content\/uploads\/2026\/01\/explosion-carabanchel-U44632816001AUX-760x427@diario_abc.jpg\" class=\"voc-img\" width=\"760\" height=\"427\" alt=\"Los bomberos acceden con la escala a la zona explotada en la cuarta planta\" data-voc-vtm-id=\"in-text-traffic\"\/><\/p>\n<p>Los bomberos acceden con la escala a la zona explotada en la cuarta planta<\/p>\n<p>TANIA SIEIRA<\/p>\n<p class=\"voc-p\" style=\"\">Sobre al inmueble afectado, cubierto por el andamiaje, Sanz ha recalcado que parece que hay riesgo estructural. Seg\u00fan ha podido saber ABC, la explosi\u00f3n habr\u00eda tenido lugar en el n\u00famero 38, pero el piso con mayores da\u00f1os sobre el que ha ca\u00eddo el forjado pertenecer\u00eda al 36. \u00abEs nuestra casa\u00bb, reconoc\u00eda un joven de origen latino, sin querer entrar en m\u00e1s detalles. En esa casa viven cuatro personas, un matrimonio y sus dos hijos y al menos uno de ellos estar\u00eda entre los heridos.<\/p>\n<p class=\"voc-title\">\u00abUn anciano ha quedado colgando de la barandilla y le han podido coger los vecinos\u00bb<\/p>\n<p class=\"voc-article-position__name\">Vecinos testigos del suceso<\/p>\n<p class=\"voc-p\" style=\"\">Seg\u00fan apuntaban varios residentes, desde hace d\u00edas un cartel anunciaba que a las 9 de esta ma\u00f1ana se cortar\u00eda el gas en las letras C y D de todos los portales de la colonia. \u00abDebe ser por las bajantes\u00bb, aseguraba una mujer, al tiempo que afirmaba que son varias las fachadas que se est\u00e1n rehabilitando en el enclave. <\/p>\n<p class=\"voc-p\" style=\"\">Seg\u00fan figura en el Registro de Edificaciones y Construcciones del Ayuntamiento de Madrid, el edificio cuenta con un Informe de Evaluaci\u00f3n de Edificios (IEE) desfavorable de 2019 por el estado general de fachadas, exteriores y medianeras, estado general de conservaci\u00f3n de cubiertas y azoteas, estado general de la fontaner\u00eda y la red de saneamiento. Las \u00f3rdenes de ejecuci\u00f3n y seguimiento de las obras a realizar estaban en tramitaci\u00f3n, seg\u00fan la documentaci\u00f3n consultada por Ep. El delegado del Gobierno, Francisco Mart\u00edn, ha apuntado a esos trabajos como una probable causa, aunque ha recalcado que todav\u00eda es pronto para afirmar algo de manera categ\u00f3rica.<\/p>\n<p class=\"voc-p\" style=\"\">\u00abHemos escuchado un &#8216;bum&#8217; y nos hemos asomado a ver que pasaba\u00bb, recordaban dos vecinos del n\u00famero 34. Tras ello, han bajado a la calle y pronto han comprendido la gravedad de la situaci\u00f3n. \u00abHan rescatado a varios vecinos desde el tejado colindante. Un anciano ha quedado colgando de la barandilla y le han podido coger los vecinos\u00bb, se\u00f1alan a este peri\u00f3dico los residentes de la zona en la que se encuentra el inmueble afectado, en el que residen principalmente personas mayores e inmigrantes.<\/p>\n<p class=\"voc-p\" style=\"\">De hecho, los Bomberos han desalojado los 32 pisos de las dos fincas afectadas y sus moradores no podr\u00e1n regresar a ellos hasta \u00abpasados dos o tres d\u00edas\u00bb. Tras el derrumbe, la mujer fallecida, que hab\u00eda quedado semienterrada, presentaba heridas en las manos, los brazos, el cuerpo y la cara; mientras que su marido, al no encontrarse en la misma estancia, ha resultado herido de car\u00e1cter leve.<\/p>\n<p class=\"voc-p\" style=\"\">\u00abEste es un lugar tranquilo, donde vive mucha gente mayor\u00bb, coincid\u00eda un grupo de residentes, al tiempo que intentaban averiguar la identidad del matrimonio golpeado por la tragedia. El extenso per\u00edmetro de seguridad apenas dejaba ver nada de la zona afectada, pero la incertidumbre de los presentes era visible a kil\u00f3metros. \u00abTenemos miedo de que puede pasar algo m\u00e1s, pero no nos queda otra que volver a casa\u00bb, apuntaba una pareja afincado en otro bloque. La noche m\u00e1s negra vuelve abrirse sobre el cielo de Carabanchel.<\/p>\n","protected":false},"excerpt":{"rendered":"En una jornada fr\u00eda y \u00e1spera, t\u00edpica de esta \u00e9poca invernal, la tranquilidad ha saltado esta tarde por&hellip;\n","protected":false},"author":2,"featured_media":331966,"comment_status":"","ping_status":"","sticky":false,"template":"","format":"standard","meta":{"footnotes":""},"categories":[8],"tags":[17,18,29519,1155,25,24,46,13,14,4180,11,11225,19,20,5555,9,10,15,16,474,23,12,575,603,21,22],"class_list":{"0":"post-331965","1":"post","2":"type-post","3":"status-publish","4":"format-standard","5":"has-post-thumbnail","7":"category-espana","8":"tag-breaking-news","9":"tag-breakingnews","10":"tag-carabanchel","11":"tag-edificio","12":"tag-es","13":"tag-espana","14":"tag-explosion","15":"tag-featured-news","16":"tag-featurednews","17":"tag-gas","18":"tag-headlines","19":"tag-heridos","20":"tag-latest-news","21":"tag-latestnews","22":"tag-muerto","23":"tag-news","24":"tag-noticias","25":"tag-noticias-destacadas","26":"tag-noticiasdestacadas","27":"tag-obras","28":"tag-spain","29":"tag-titulares","30":"tag-tras","31":"tag-tres","32":"tag-ultimas-noticias","33":"tag-ultimasnoticias"},"share_on_mastodon":{"url":"https:\/\/pubeurope.com\/@es\/115866953616843512","error":""},"_links":{"self":[{"href":"https:\/\/www.europesays.com\/es\/wp-json\/wp\/v2\/posts\/331965","targetHints":{"allow":["GET"]}}],"collection":[{"href":"https:\/\/www.europesays.com\/es\/wp-json\/wp\/v2\/posts"}],"about":[{"href":"https:\/\/www.europesays.com\/es\/wp-json\/wp\/v2\/types\/post"}],"author":[{"embeddable":true,"href":"https:\/\/www.europesays.com\/es\/wp-json\/wp\/v2\/users\/2"}],"replies":[{"embeddable":true,"href":"https:\/\/www.europesays.com\/es\/wp-json\/wp\/v2\/comments?post=331965"}],"version-history":[{"count":0,"href":"https:\/\/www.europesays.com\/es\/wp-json\/wp\/v2\/posts\/331965\/revisions"}],"wp:featuredmedia":[{"embeddable":true,"href":"https:\/\/www.europesays.com\/es\/wp-json\/wp\/v2\/media\/331966"}],"wp:attachment":[{"href":"https:\/\/www.europesays.com\/es\/wp-json\/wp\/v2\/media?parent=331965"}],"wp:term":[{"taxonomy":"category","embeddable":true,"href":"https:\/\/www.europesays.com\/es\/wp-json\/wp\/v2\/categories?post=331965"},{"taxonomy":"post_tag","embeddable":true,"href":"https:\/\/www.europesays.com\/es\/wp-json\/wp\/v2\/tags?post=331965"}],"curies":[{"name":"wp","href":"https:\/\/api.w.org\/{rel}","templated":true}]}}