{"id":331977,"date":"2026-01-09T20:18:08","date_gmt":"2026-01-09T20:18:08","guid":{"rendered":"https:\/\/www.europesays.com\/es\/331977\/"},"modified":"2026-01-09T20:18:08","modified_gmt":"2026-01-09T20:18:08","slug":"cinco-clubes-de-segunda-pretenden-al-delantero-gonzalo-petit","status":"publish","type":"post","link":"https:\/\/www.europesays.com\/es\/331977\/","title":{"rendered":"Cinco clubes de Segunda pretenden al delantero Gonzalo Petit"},"content":{"rendered":"<p>            <a href=\"https:\/\/mundobetis.com\/wp-content\/uploads\/2025\/11\/petit-celebra-un-gol-con-el-mirandes-e1764005718710.jpeg\" data-caption=\"Gonzalo Petit celebra su gol contra el M\u00e1laga (LaLiga)\" rel=\"nofollow noopener\" target=\"_blank\"><img loading=\"lazy\" decoding=\"async\" width=\"696\" height=\"379\" class=\"entry-thumb td-modal-image\" src=\"https:\/\/www.europesays.com\/es\/wp-content\/uploads\/2026\/01\/petit-celebra-un-gol-con-el-mirandes-e1764005718710-696x379.jpeg\"   alt=\"petit celebra un gol con el mirand\u00e9s\" title=\"petit celebra un gol con el mirand\u00e9s\"\/><\/a>Gonzalo Petit celebra su gol contra el M\u00e1laga (LaLiga)<\/p>\n<p>Hasta cinco clubes de<strong> Segunda divisi\u00f3n<\/strong> se han interesado por la cesi\u00f3n del delantero uruguayo del <strong>Real Betis Gonzalo Petit<\/strong>, de 19 a\u00f1os, que milita cedido en las filas del <strong>Mirand\u00e9s<\/strong>, actual colista de la categor\u00eda de plata del f\u00fatbol espa\u00f1ol, hasta final de temporada.<\/p>\n<p>A <strong>Gonzalo Petit<\/strong> lo pretende el <strong>Racing de Santander<\/strong>, actual l\u00edder de la categor\u00eda, as\u00ed como el <strong>C\u00f3rdoba<\/strong> (11\u00ba), el <strong>Albacete<\/strong> (17\u00ba), el <strong>Huesca<\/strong> (18\u00ba) y el <strong>Granada<\/strong> (20\u00ba), clubes todos ellos que se han dirigido al <strong>Real Betis<\/strong> para interesarse por la situaci\u00f3n del delantero ante la posibilidad de que se rompiera su cesi\u00f3n con el <strong>Mirand\u00e9s<\/strong>.<\/p>\n<p>La idea del <strong>Real Betis<\/strong> y del propio jugador, no obstante, es continuar en las filas del <strong>Mirand\u00e9s<\/strong> hasta final de temporada. All\u00ed <strong>Petit<\/strong> ha participado en 21 partidos, 10 de titular, 3 completos y 11 como suplente, anotando 5 goles y dando una asistencia en 946 minutos de juego.\u00a0<\/p>\n<p><strong>Petit<\/strong>, una de las grandes promesas del f\u00fatbol uruguayo\u00a0 -cumplir\u00e1 20 a\u00f1os en septiembre de 2026-, firm\u00f3 el pasado verano por cinco temporadas con el<strong> Real Betis<\/strong> a cambio de unos 6 millones de euros, procedente del <strong>Nacional de Montevideo.<\/strong><\/p>\n<p>\u00danete a nuestro canal de\u00a0<a href=\"https:\/\/whatsapp.com\/channel\/0029VbAS8066LwHnsfw7tS1S\" target=\"_blank\" rel=\"noopener nofollow\">WhatsApp<\/a>\u00a0para estar informado de toda la actualidad del Real\u00a0Betis\u00a0Balompi\u00e9.<\/p>\n","protected":false},"excerpt":{"rendered":"Gonzalo Petit celebra su gol contra el M\u00e1laga (LaLiga) Hasta cinco clubes de Segunda divisi\u00f3n se han interesado&hellip;\n","protected":false},"author":2,"featured_media":331978,"comment_status":"","ping_status":"","sticky":false,"template":"","format":"standard","meta":{"footnotes":""},"categories":[268],"tags":[168,25,24,280,282,281,23,167],"class_list":{"0":"post-331977","1":"post","2":"type-post","3":"status-publish","4":"format-standard","5":"has-post-thumbnail","7":"category-futbol","8":"tag-deportes","9":"tag-es","10":"tag-espana","11":"tag-football","12":"tag-futbol","13":"tag-soccer","14":"tag-spain","15":"tag-sports"},"share_on_mastodon":{"url":"https:\/\/pubeurope.com\/@es\/115866992912700233","error":""},"_links":{"self":[{"href":"https:\/\/www.europesays.com\/es\/wp-json\/wp\/v2\/posts\/331977","targetHints":{"allow":["GET"]}}],"collection":[{"href":"https:\/\/www.europesays.com\/es\/wp-json\/wp\/v2\/posts"}],"about":[{"href":"https:\/\/www.europesays.com\/es\/wp-json\/wp\/v2\/types\/post"}],"author":[{"embeddable":true,"href":"https:\/\/www.europesays.com\/es\/wp-json\/wp\/v2\/users\/2"}],"replies":[{"embeddable":true,"href":"https:\/\/www.europesays.com\/es\/wp-json\/wp\/v2\/comments?post=331977"}],"version-history":[{"count":0,"href":"https:\/\/www.europesays.com\/es\/wp-json\/wp\/v2\/posts\/331977\/revisions"}],"wp:featuredmedia":[{"embeddable":true,"href":"https:\/\/www.europesays.com\/es\/wp-json\/wp\/v2\/media\/331978"}],"wp:attachment":[{"href":"https:\/\/www.europesays.com\/es\/wp-json\/wp\/v2\/media?parent=331977"}],"wp:term":[{"taxonomy":"category","embeddable":true,"href":"https:\/\/www.europesays.com\/es\/wp-json\/wp\/v2\/categories?post=331977"},{"taxonomy":"post_tag","embeddable":true,"href":"https:\/\/www.europesays.com\/es\/wp-json\/wp\/v2\/tags?post=331977"}],"curies":[{"name":"wp","href":"https:\/\/api.w.org\/{rel}","templated":true}]}}