{"id":331988,"date":"2026-01-09T20:26:13","date_gmt":"2026-01-09T20:26:13","guid":{"rendered":"https:\/\/www.europesays.com\/es\/331988\/"},"modified":"2026-01-09T20:26:13","modified_gmt":"2026-01-09T20:26:13","slug":"ee-uu-reduce-el-calendario-vacunal-infantil-se-han-saltado-todo-su-marco-normativo","status":"publish","type":"post","link":"https:\/\/www.europesays.com\/es\/331988\/","title":{"rendered":"EE.UU. reduce el calendario vacunal infantil: \u201cSe han saltado todo su marco normativo\u201d"},"content":{"rendered":"<p>Este lunes, <strong>Estados Unidos<\/strong> tom\u00f3 otra pol\u00e9mica decisi\u00f3n, menos conocida, que ha sacudido al sector sanitario. Como publicaban <strong>los Centros para el Control y la Prevenci\u00f3n de Enfermedades<\/strong> (CDC por sus siglas en ingl\u00e9s), a partir de ahora el <strong>calendario de vacunaci\u00f3n infantil norteamericano se reducir\u00e1,<\/strong> protegiendo a los m\u00e1s peque\u00f1os frente a 11 enfermedades en vez de 18. Una medida con la que \u201cse han saltado todo su marco normativo\u201d, denuncia<strong> Jaime P\u00e9rez<\/strong>, presidente de la Asociaci\u00f3n Espa\u00f1ola de Vacunolog\u00eda (AEV) en ConSalud.es.<\/p>\n<p><a href=\"https:\/\/www.consalud.es\/web\/assets\/contenedores\/banners\/banner_control_de_clicks.php?id=35\" target=\"_blank\" title=\"Pulse aqu\u00ed\" rel=\"nofollow noopener\"><img loading=\"lazy\" decoding=\"async\" src=\"https:\/\/www.europesays.com\/es\/wp-content\/uploads\/2025\/10\/media-35.gif\" width=\"300\" height=\"250\" alt=\"Pulse aqu\u00ed\"\/><\/a><\/p>\n<p>En un <a href=\"https:\/\/www.hhs.gov\/sites\/default\/files\/decision-memo-adopting-revised-childhood-adolescent-immunization-schedule.pdf\" rel=\"nofollow noopener\" target=\"_blank\">documento <\/a>de menos de 10 p\u00e1ginas firmado por subsecretario de Salud y Servicios Humanos, <strong>Jim O&#8217;Neill,<\/strong> en su funci\u00f3n de director interino de los Centros para el Control y la Prevenci\u00f3n de Enfermedades (CDC), se ha cambiado las recomendaciones de vacunas que hasta entonces recog\u00edan el calendario de inmunizaci\u00f3n estadounidense. Los CDC siguen <strong>recomendando<\/strong> la inmunizaci\u00f3n frente a la difteria, la tos ferina, las paparas, el t\u00e9tanos, la polio, la varicela, el sarampi\u00f3n, la enfermedad neumoc\u00f3cica, el virus del papiloma humano y el de haeomophilus influenzae tipo B (HiB). Sin embargo, otras vacunas pasar\u00e1n a ser recomendadas solo a grupos de riesgo o en toma de decisi\u00f3n cl\u00ednica compartida.<\/p>\n<p>En <a href=\"https:\/\/www.consalud.es\/profesionales\/enfermeria\/el-cge-y-gsk-publican-nueva-guia-sobre-la-vacunacion-en-grupos-de-riesgo.html\" rel=\"nofollow noopener\" target=\"_blank\"><strong>el caso de los grupos de alto riesgo, <\/strong><\/a>las vacunas recomendadas, adem\u00e1s de las citadas, est\u00e1n dirigidas contra el virus respiratorio sincitial (VRS), la hepatitis A, la hepatitis B, el dengue y dos tipos de meningitis bacteriana. En el caso de las vacunas recomendadas seg\u00fan la <strong>toma de decisiones cl\u00ednicas compartidas <\/strong>estas son las de la gripe, la Covid-19, la hepatitis A y la B, las meningitis bacterias y el rotavirus.<\/p>\n<p>\u00abEl presidente Trump nos orden\u00f3 examinar c\u00f3mo otros pa\u00edses desarrollados protegen a sus ni\u00f1os y tomar medidas si lo hacen mejor\u00bb, declar\u00f3 el secretario de Salud\u00a0<strong>Robert F. Kennedy Jr.<\/strong> \u00abTras una revisi\u00f3n exhaustiva de la evidencia, estamos alineando el calendario de vacunaci\u00f3n infantil de EE. UU. con el consenso internacional, a la vez que fortalecemos la transparencia y el consentimiento informado\u201d. Y a\u00f1adi\u00f3: \u201cEsta decisi\u00f3n protege a los ni\u00f1os, respeta a las familias y reconstruye la confianza en la salud p\u00fablica\u00bb.<\/p>\n<blockquote><p>&#13;<\/p>\n<p>\u00abSi hoy han hecho eso, el d\u00eda de ma\u00f1ana tienen\u00a0la libertad para quitar una vacuna como la de la polio sin, como ahora, tener ninguna argumentaci\u00f3n real cient\u00edfica detr\u00e1s\u201d<\/p>\n<p>&#13;\n<\/p><\/blockquote>\n<p>Seg\u00fan esgrimen desde el Ejecutivo dirigido por Donald Trump, el objetivo es que padres y m\u00e9dicos tomen decisiones individualizadas seg\u00fan el riesgo del ni\u00f1o. En palabras del Comisionado de Alimentos y Medicamentos, el\u00a0<strong>Dr. Marty Makary, <\/strong>la confianza es clave para la salud p\u00fablica y esta confianza depende \u201cde la transparencia, el rigor cient\u00edfico y el respeto a las familias. Esta decisi\u00f3n renueva el compromiso del Departamento de Salud con estos tres principios\u201d. La realidad es que esta medida, aunque se\u00f1alan haber seguido medidas cient\u00edficas, est\u00e1 basada en el <strong>calendario de inmunizaci\u00f3n de Dinamarca,<\/strong> uno de los m\u00e1s pobres de los pa\u00edses occidentales y que responde a una poblaci\u00f3n menor de la que habita solo en la ciudad de Nueva York y un sistema de saneamiento m\u00e1s desarrollado que el americano. Las cr\u00edticas nacionales e internacionales no se han hecho esperar.<\/p>\n<p>UNA DECISI\u00d3N NO CIENT\u00cdFICA<\/p>\n<p>La instituci\u00f3n encargada de revisar anualmente el calendario de vacunaci\u00f3n y actualizarlo con la base cient\u00edfica m\u00e1s reciente es el<strong> Comit\u00e9 Asesor sobre Pr\u00e1cticas de Inmunizaci\u00f3n (ACIP) <\/strong>de los CDC, un organismo que, con la llegada del secretario de Salud, Robert F. Kennedy Jr., sufri\u00f3 <a href=\"https:\/\/www.consalud.es\/profesionales\/vacunologia-rechaza-las-destituciones-del-comite-asesor-sobre-inmunizacion-de-estados-unidos.html\" rel=\"nofollow noopener\" target=\"_blank\">el despido de 17 trabajadores<\/a> que fueron sustituidos por un grupo de personas, que al igual que \u00e9l, son esc\u00e9pticos respecto a las vacunas, incluido el nuevo presidente del ACIP, el Dr. Kirk Milhoan.<\/p>\n<p>Distintos expertos han criticado que estas decisiones no se pusieran en com\u00fan en un debate p\u00fablico que tambi\u00e9n incluyera a la Administraci\u00f3n de Alimentos y Medicamento (FDA) y a los propios CDC. \u201cSe han saltado todo el procedimiento con el que hab\u00edan trabajado hasta ahora en Estados Unidos. Esto es de una gravedad realmente muy importante\u201d, explica Jaime P\u00e9rez. Y las consecuencias, a\u00f1ade, pueden ser m\u00e1s graves a\u00fan: \u201cSi hoy tu argumento para cambiar todo el calendario de vacunaci\u00f3n infantil es basarte en el calendario m\u00e1s pobre que existe en pa\u00edses desarrollados y no en el de Reino Unido u otros pa\u00edses referencia mundial en vacunaci\u00f3n, el d\u00eda de ma\u00f1ana tienes la libertad para quitar una vacuna como la de la polio sin, como ahora, tener ninguna argumentaci\u00f3n cient\u00edfica real detr\u00e1s\u201d.<\/p>\n<p>Tampoco entienden que se <strong>hayan retirado la recomendaci\u00f3n de vacunas como el VRS o el de la gripe a ni\u00f1os sanos, o del rotavirus. <\/strong>Como recogen datos de los propios CDC, en Estados Unidos cada a\u00f1o entre <strong>58.000 y 80.000 ni\u00f1os menores de 5 a\u00f1os son hospitalizados por VRS.<\/strong> La <a href=\"https:\/\/www.cdc.gov\/mmwr\/volumes\/74\/wr\/mm7436a2.htm\" rel=\"nofollow noopener\" target=\"_blank\">gripe<\/a>, por su parte, durante la \u00faltima temporada 2024-2025 <strong>registr\u00f3 280 fallecimientos,<\/strong> el mayor n\u00famero de muertes pedi\u00e1tricas reportadas desde 2004 en el pa\u00eds, m\u00e1s de la mitad de estos ni\u00f1os no ten\u00edan ninguna afecci\u00f3n m\u00e9dica subyacente. \u201cSi vas a vacunar de forma exclusiva por grupos de riesgo no llegas a la mayor\u00eda de pacientes que contraen estas patolog\u00edas de forma grave. Todo ello va a redundar en mayor n\u00famero de hospitalizaciones y mayor n\u00famero de muertes de los que solo ser\u00e1n responsables el firmante del documento, el secretario de Salud y el presidente de Estados Unidos\u201d.<\/p>\n<p>En cuanto al <a href=\"https:\/\/www.cdc.gov\/rotavirus\/hcp\/clinical-overview\/index.html\" rel=\"nofollow noopener\" target=\"_blank\">rotavirus<\/a>, antes de la introducci\u00f3n de la vacuna en el pa\u00eds, casi todos los ni\u00f1os menores de 5 a\u00f1os se infectaban de este virus que se caracteriza por v\u00f3mitos y diarreas durante un periodo de hasta ocho d\u00edas. Entonces hab\u00eda m\u00e1s de 400.000 visitas al m\u00e9dico, m\u00e1s de 200.000 visitas a urgencias, entre 55.000 a 70.000 hospitalizaciones y unas 20 a 60 muertes anuales.<\/p>\n<blockquote><p>&#13;<\/p>\n<p>\u201cCada decisi\u00f3n que toma Kennedy, un reconocid\u00edsimo antivacunas que ahora es secretario de Salud, va a disminuir la confianza en las vacunas y la tasa de cobertura\u00bb<\/p>\n<p>&#13;\n<\/p><\/blockquote>\n<p>Todo ello sin olvidar el alto impacto que en los sistemas sanitarios tiene enfermedades cr\u00f3nicas como la hepatitis B, o las complicaciones asociadas a la meningitis de origen bacteriana, que suponen el 15- 20 % de esta infecci\u00f3n de la membrana que envuelve el enc\u00e9falo y la m\u00e9dula espinal, o el agravamiento que puede producirse con una infecci\u00f3n por hepatitis A. \u201cEstados Unidos fue el primer pa\u00eds en introducir la vacuna contra la hepatitis A universal. Primero pas\u00f3 por una etapa en la que la recomendaci\u00f3n era para grupos de riesgo, pero vieron que la disminuci\u00f3n de la incidencia de hepatitis A era moderada y al ver que de forma universal en Estados con mayor incidencia \u00e9sta bajaba de forma importante decidieron ampliar la indicaci\u00f3n en todo el pa\u00eds\u201d, recuerda P\u00e9rez.<\/p>\n<p>Al retirar la recomendaci\u00f3n de vacunas como las de estas patolog\u00edas los expertos adem\u00e1s se\u00f1alan que <strong>no se est\u00e1 enfatizando la confianza <\/strong>en estas herramientas de prevenci\u00f3n, precisamente el mensaje que arguyen desde el gobierno liderado por Donald Trump. \u201cCuando las agencias de medicamentos aprueban las vacunas, previamente se han dado datos de eficacia y de seguridad suficientes para que se aprueben, con lo cual la seguridad en su uso est\u00e1 garantizada. Cuando tras ello decides sacarlas del calendario lo que haces es aumentar la desconfianza porque parece que era algo malo lo que estabas haciendo y no, no era nada malo\u201d, se\u00f1ala el presidente de la AEV.<\/p>\n<p>En un pa\u00eds en el que las tasas de vacunaci\u00f3n infantil no son especialmente elevadas, esta nueva configuraci\u00f3n del calendario vacunal supondr\u00e1 un incremento de infecciones, hospitalizaciones y muertes. Las vacunas infantiles salvan <strong>hasta 4 millones y medio de vidas anuales seg\u00fan datos de UNICEF.<\/strong> \u201cCada decisi\u00f3n que toma Kennedy, <a href=\"https:\/\/www.consalud.es\/pacientes\/infecciosas\/mensajes-kennedy-anticientificos-mentira-vacunas-arnm.html\" rel=\"nofollow noopener\" target=\"_blank\">un reconocid\u00edsimo antivacunas <\/a>que ahora es secretario de Salud, va a disminuir la confianza en las vacunas y la tasa de cobertura. Ese es el sentido en el que est\u00e1 trabajando\u201d, concluye.<\/p>\n<p class=\"pie-articulo\">*Los contenidos de ConSalud est\u00e1n elaborados por periodistas especializados en salud y avalados por un comit\u00e9 de expertos de primer nivel. No obstante, recomendamos al lector que cualquier duda relacionada con la salud sea consultada con un profesional del \u00e1mbito sanitario.<\/p>\n","protected":false},"excerpt":{"rendered":"Este lunes, Estados Unidos tom\u00f3 otra pol\u00e9mica decisi\u00f3n, menos conocida, que ha sacudido al sector sanitario. Como publicaban&hellip;\n","protected":false},"author":2,"featured_media":331989,"comment_status":"","ping_status":"","sticky":false,"template":"","format":"standard","meta":{"footnotes":""},"categories":[92],"tags":[25,24,165,166,23],"class_list":{"0":"post-331988","1":"post","2":"type-post","3":"status-publish","4":"format-standard","5":"has-post-thumbnail","7":"category-salud","8":"tag-es","9":"tag-espana","10":"tag-health","11":"tag-salud","12":"tag-spain"},"share_on_mastodon":{"url":"https:\/\/pubeurope.com\/@es\/115867024436166041","error":""},"_links":{"self":[{"href":"https:\/\/www.europesays.com\/es\/wp-json\/wp\/v2\/posts\/331988","targetHints":{"allow":["GET"]}}],"collection":[{"href":"https:\/\/www.europesays.com\/es\/wp-json\/wp\/v2\/posts"}],"about":[{"href":"https:\/\/www.europesays.com\/es\/wp-json\/wp\/v2\/types\/post"}],"author":[{"embeddable":true,"href":"https:\/\/www.europesays.com\/es\/wp-json\/wp\/v2\/users\/2"}],"replies":[{"embeddable":true,"href":"https:\/\/www.europesays.com\/es\/wp-json\/wp\/v2\/comments?post=331988"}],"version-history":[{"count":0,"href":"https:\/\/www.europesays.com\/es\/wp-json\/wp\/v2\/posts\/331988\/revisions"}],"wp:featuredmedia":[{"embeddable":true,"href":"https:\/\/www.europesays.com\/es\/wp-json\/wp\/v2\/media\/331989"}],"wp:attachment":[{"href":"https:\/\/www.europesays.com\/es\/wp-json\/wp\/v2\/media?parent=331988"}],"wp:term":[{"taxonomy":"category","embeddable":true,"href":"https:\/\/www.europesays.com\/es\/wp-json\/wp\/v2\/categories?post=331988"},{"taxonomy":"post_tag","embeddable":true,"href":"https:\/\/www.europesays.com\/es\/wp-json\/wp\/v2\/tags?post=331988"}],"curies":[{"name":"wp","href":"https:\/\/api.w.org\/{rel}","templated":true}]}}