{"id":331994,"date":"2026-01-09T20:29:18","date_gmt":"2026-01-09T20:29:18","guid":{"rendered":"https:\/\/www.europesays.com\/es\/331994\/"},"modified":"2026-01-09T20:29:18","modified_gmt":"2026-01-09T20:29:18","slug":"llevate-la-bolsa-del-ano-y-vive-unas-rebajas-perfectas","status":"publish","type":"post","link":"https:\/\/www.europesays.com\/es\/331994\/","title":{"rendered":"Ll\u00e9vate la Bolsa del A\u00f1o y vive unas Rebajas perfectas"},"content":{"rendered":"<p data-start=\"103\" data-end=\"396\">Para que tu d\u00eda de compras en Parque Principado sea perfecto, tenemos para ti <strong data-start=\"181\" data-end=\"201\">la Bolsa del A\u00f1o<\/strong>, gratis con nuestra App. Consigue la tuya hasta el 24 de enero o fin de existencias en el stand de la Plaza del Agua y estr\u00e9nala durante las Rebajas de Invierno. \u00a1Te contamos todos los detalles!<\/p>\n<p><strong>As\u00ed es la Bolsa del A\u00f1o<\/strong><\/p>\n<p>Hemos dise\u00f1ado<strong> una bolsa genial con un original dise\u00f1o para este 2026, muy resistente y respetuosa con el medioambiente para que disfrutes de tus jornadas de compras. <\/strong>Est\u00e1 fabricada con al menos un 90% de pl\u00e1stico reciclado posconsumo y es 100% reciclable. Ideal para que puedas darle much\u00edsimos usos. Al finalizar su vida \u00fatil, podr\u00e1s reciclarla en el contenedor amarillo.<\/p>\n<p>\u00bfC\u00f3mo puedes conseguirla gratis?<\/p>\n<p><strong>Hasta el 24 de enero, ac\u00e9rcate por el stand ubicado en la Plaza del Agua <\/strong>y ll\u00e9vatela totalmente gratis, y de forma exclusiva, <strong>con tu <a href=\"https:\/\/www.parqueprincipado.com\/unetealclub\/\" target=\"_blank\" rel=\"noopener noreferrer nofollow\">App del Club Parque Principado<\/a><\/strong>.<\/p>\n<p>* Esta promoci\u00f3n est\u00e1 dirigida a todos los socios con la App del Club Parque Principado, que dispongan de la tecnolog\u00eda para que funcione la App. Entregaremos 1 bolsa por socio que acuda personalmente con los 4 permisos en \u201cMi Perfil\u201d activados, as\u00ed como su email y tel\u00e9fono verificado. El personal podr\u00eda solicitar la documentaci\u00f3n que acredite ser el titular de la cuenta.<\/p>\n<p>Vive las mejores Rebajas de Invierno<\/p>\n<p data-start=\"86\" data-end=\"426\">Todo lo que buscas, en un solo sitio. Parque Principado es el destino de las Rebajas. M\u00e1s de 100 tiendas para ofrecerte los grandes descuentos que estabas esperando: moda, calzado, deporte, tecnolog\u00eda, belleza y mucho m\u00e1s. Y para completar la experiencia, d\u00e9jate seducir por una amplia y variada oferta gastron\u00f3mica incre\u00edble para saborear cada momento. \u00a1M\u00e1s de 20 restaurantes te esperan en nuestra zona de ocio!<\/p>\n<p><strong>Una nueva acci\u00f3n \u201cOrigen\u201d<\/strong><\/p>\n<p>Esta acci\u00f3n forma parte de una de las 50 acciones anuales que el centro lleva a cabo como parte de su proyecto de sostenibilidad <a href=\"https:\/\/www.parqueprincipado.com\/origen\/\" target=\"_blank\" rel=\"noopener noreferrer nofollow\">Origen<\/a>, inspirado en los 17 Objetivos de Desarrollo Sostenible (ODS) de la ONU.<\/p>\n","protected":false},"excerpt":{"rendered":"Para que tu d\u00eda de compras en Parque Principado sea perfecto, tenemos para ti la Bolsa del A\u00f1o,&hellip;\n","protected":false},"author":2,"featured_media":331995,"comment_status":"","ping_status":"","sticky":false,"template":"","format":"standard","meta":{"footnotes":""},"categories":[80],"tags":[82,95,94,25,24,23],"class_list":{"0":"post-331994","1":"post","2":"type-post","3":"status-publish","4":"format-standard","5":"has-post-thumbnail","7":"category-economia","8":"tag-business","9":"tag-economia","10":"tag-economy","11":"tag-es","12":"tag-espana","13":"tag-spain"},"share_on_mastodon":{"url":"https:\/\/pubeurope.com\/@es\/115867036151459720","error":""},"_links":{"self":[{"href":"https:\/\/www.europesays.com\/es\/wp-json\/wp\/v2\/posts\/331994","targetHints":{"allow":["GET"]}}],"collection":[{"href":"https:\/\/www.europesays.com\/es\/wp-json\/wp\/v2\/posts"}],"about":[{"href":"https:\/\/www.europesays.com\/es\/wp-json\/wp\/v2\/types\/post"}],"author":[{"embeddable":true,"href":"https:\/\/www.europesays.com\/es\/wp-json\/wp\/v2\/users\/2"}],"replies":[{"embeddable":true,"href":"https:\/\/www.europesays.com\/es\/wp-json\/wp\/v2\/comments?post=331994"}],"version-history":[{"count":0,"href":"https:\/\/www.europesays.com\/es\/wp-json\/wp\/v2\/posts\/331994\/revisions"}],"wp:featuredmedia":[{"embeddable":true,"href":"https:\/\/www.europesays.com\/es\/wp-json\/wp\/v2\/media\/331995"}],"wp:attachment":[{"href":"https:\/\/www.europesays.com\/es\/wp-json\/wp\/v2\/media?parent=331994"}],"wp:term":[{"taxonomy":"category","embeddable":true,"href":"https:\/\/www.europesays.com\/es\/wp-json\/wp\/v2\/categories?post=331994"},{"taxonomy":"post_tag","embeddable":true,"href":"https:\/\/www.europesays.com\/es\/wp-json\/wp\/v2\/tags?post=331994"}],"curies":[{"name":"wp","href":"https:\/\/api.w.org\/{rel}","templated":true}]}}