{"id":332021,"date":"2026-01-09T20:51:09","date_gmt":"2026-01-09T20:51:09","guid":{"rendered":"https:\/\/www.europesays.com\/es\/332021\/"},"modified":"2026-01-09T20:51:09","modified_gmt":"2026-01-09T20:51:09","slug":"que-es-ese-punto-azul-que-aparece-ahora-en-la-pantalla-de-tu-movil","status":"publish","type":"post","link":"https:\/\/www.europesays.com\/es\/332021\/","title":{"rendered":"\u00bfQu\u00e9 es ese punto azul que aparece ahora en la pantalla de tu m\u00f3vil?"},"content":{"rendered":"<p>La presencia de los ajustes de privacidad est\u00e1 cada vez m\u00e1s presente en la interfaz de Android. Ha dejado de ser un ajuste oculto, dif\u00edcil de localizar entre los diferentes ajustes de la configuraci\u00f3n de nuestro m\u00f3vil, siendo ahora mucho m\u00e1s visible. Algo que podremos comprobar dentro de poco con la llegada de un<b> \u201cchip\u201d azul en la barra de estado <\/b>de nuestros tel\u00e9fonos inteligentes.<\/p>\n<p>La evoluci\u00f3n de los indicadores de privacidad<\/p>\n<p>La nueva actualizaci\u00f3n de la<b> beta de Android <\/b>est\u00e1 llegando a los usuarios registrados en esta, la que es la tercera actualizaci\u00f3n trimestral y \u00faltima de 2025 ha tra\u00eddo consigo varias sorpresas, entre las que se encuentra un punto azul interactivo en la barra de estado. Al deslizar con el dedo desde la parte superior de la pantalla de nuestro m\u00f3vil, accedemos a esta, en la parte derecha de la pantalla, si nos encontramos con este<b> punto azul significa que tenemos control en tiempo real sobre nuestra privacidad.<\/b><\/p>\n<p><img loading=\"lazy\" decoding=\"async\" title=\"Asi es el nuevo marcador de privacidad\" alt=\"Asi es el nuevo marcador de privacidad\" width=\"480\" height=\"270\" src=\"https:\/\/www.europesays.com\/es\/wp-content\/uploads\/2026\/01\/asi-nuevo-marcador-privacidad_70.jpg\"\/> Asi es el nuevo marcador de privacidad | TEcnXplora <\/p>\n<p>Algo que no es nuevo y que hemos visto otras veces en forma de un<b> punto verde <\/b>situado en el mismo lugar. Esto nos indica que la utilizaci\u00f3n por parte de alguna aplicaci\u00f3n del <b>micr\u00f3fono o la c\u00e1mara.<\/b> De manera que con un simple vistazo \u00e9ramos conscientes si alguna app sin permiso hac\u00eda uso de estos. Un concepto que con la llegada de la actualizaci\u00f3n de la<b> Beta de Android 16<\/b> se extiende tambi\u00e9n a nuestra ubicaci\u00f3n.<\/p>\n<p>A trav\u00e9s de la ubicaci\u00f3n, las aplicaciones pueden determinar d\u00f3nde nos encontramos, aparte de esto es sin duda el<b> GPS de nuestro m\u00f3vil <\/b>una de las funcionalidades que m\u00e1s recursos energ\u00e9ticos consume, al mismo tiempo que revela informaci\u00f3n muy valiosa sobre nuestras rutinas diarias. Este peque\u00f1o indicador azul nos avisa de qui\u00e9n, cu\u00e1ndo y por qu\u00e9 se est\u00e1 accediendo a nuestra ubicaci\u00f3n. Este funciona de la siguiente forma;<\/p>\n<ul>\n<li>Cuando una <b>app accede y solicita coordenadas al GPS<\/b>, de forma autom\u00e1tica se enciende el chip azul en la parte superior de la pantalla.<\/li>\n<li>Pulsando sobre este, accedemos al <b>panel de control r\u00e1pido.<\/b><\/li>\n<li>En el que encontramos la informaci\u00f3n exacta acerca de <b>la aplicaci\u00f3n que est\u00e1 haciendo uso en ese preciso instante del GPS.<\/b><\/li>\n<\/ul>\n<p>De manera que, si detectamos que una aplicaci\u00f3n, no debe tener acceso a esta funci\u00f3n en este momento, tenemos la opci\u00f3n de <b>revocar el permiso de forma inmediata o cerrar la actividad de rastreo,<\/b> sin necesidad de ir a los ajustes, simplemente pulsando un bot\u00f3n.<\/p>\n<p>Con la incorporaci\u00f3n de esta funcionalidad ponemos fin al rastreo silencioso al que nos someten las aplicaciones con o sin nuestro consentimiento. Aunque configuremos la ubicaci\u00f3n con el ajuste <b>\u201cmientras se usa la app\u201d,<\/b> lo cierto es que algunas apps, s<b>e mantienen abiertas en segundo plano<\/b>, consumiendo recursos y rastreando nuestra ubicaci\u00f3n de forma innecesaria. Por lo que, con este punto azul, recuperamos la consciencia situacional a trav\u00e9s del cual podemos aprender sobre el comportamiento de las apps, y tomar las medidas oportunas en cada momento.<\/p>\n<p>Una novedad que va en la l\u00ednea de otras que han sido implementadas con anterioridad y que van en la l\u00ednea de <b>otorgar al usuario el control<\/b> y la \u00faltima palabra, no solo sobre su privacidad sino tambi\u00e9n en muchos aspectos de personalizaci\u00f3n de sus dispositivos.<\/p>\n<p>   <img decoding=\"async\" title=\"Google lanza en Espa\u00f1a Gemini 3\" alt=\"Google lanza en Espa\u00f1a Gemini 3\" width=\"480\" height=\"270\" src=\"https:\/\/www.europesays.com\/es\/wp-content\/uploads\/2026\/01\/google-lanza-espana-gemini-3_70.jpg\" loading=\"lazy\" class=\"lazy\"\/><\/p>\n","protected":false},"excerpt":{"rendered":"La presencia de los ajustes de privacidad est\u00e1 cada vez m\u00e1s presente en la interfaz de Android. Ha&hellip;\n","protected":false},"author":2,"featured_media":332022,"comment_status":"","ping_status":"","sticky":false,"template":"","format":"standard","meta":{"footnotes":""},"categories":[81],"tags":[119,123,124,25,24,117,121,122,23,118,120],"class_list":{"0":"post-332021","1":"post","2":"type-post","3":"status-publish","4":"format-standard","5":"has-post-thumbnail","7":"category-ciencia-y-tecnologia","8":"tag-ciencia","9":"tag-ciencia-y-tecnologia","10":"tag-cienciaytecnologia","11":"tag-es","12":"tag-espana","13":"tag-science","14":"tag-science-and-technology","15":"tag-scienceandtechnology","16":"tag-spain","17":"tag-technology","18":"tag-tecnologia"},"share_on_mastodon":{"url":"https:\/\/pubeurope.com\/@es\/115867122630630869","error":""},"_links":{"self":[{"href":"https:\/\/www.europesays.com\/es\/wp-json\/wp\/v2\/posts\/332021","targetHints":{"allow":["GET"]}}],"collection":[{"href":"https:\/\/www.europesays.com\/es\/wp-json\/wp\/v2\/posts"}],"about":[{"href":"https:\/\/www.europesays.com\/es\/wp-json\/wp\/v2\/types\/post"}],"author":[{"embeddable":true,"href":"https:\/\/www.europesays.com\/es\/wp-json\/wp\/v2\/users\/2"}],"replies":[{"embeddable":true,"href":"https:\/\/www.europesays.com\/es\/wp-json\/wp\/v2\/comments?post=332021"}],"version-history":[{"count":0,"href":"https:\/\/www.europesays.com\/es\/wp-json\/wp\/v2\/posts\/332021\/revisions"}],"wp:featuredmedia":[{"embeddable":true,"href":"https:\/\/www.europesays.com\/es\/wp-json\/wp\/v2\/media\/332022"}],"wp:attachment":[{"href":"https:\/\/www.europesays.com\/es\/wp-json\/wp\/v2\/media?parent=332021"}],"wp:term":[{"taxonomy":"category","embeddable":true,"href":"https:\/\/www.europesays.com\/es\/wp-json\/wp\/v2\/categories?post=332021"},{"taxonomy":"post_tag","embeddable":true,"href":"https:\/\/www.europesays.com\/es\/wp-json\/wp\/v2\/tags?post=332021"}],"curies":[{"name":"wp","href":"https:\/\/api.w.org\/{rel}","templated":true}]}}