{"id":332037,"date":"2026-01-09T21:05:13","date_gmt":"2026-01-09T21:05:13","guid":{"rendered":"https:\/\/www.europesays.com\/es\/332037\/"},"modified":"2026-01-09T21:05:13","modified_gmt":"2026-01-09T21:05:13","slug":"demi-moore-habla-por-primera-vez-de-un-ritual-desconocido-que-realizaba-con-bruce-willis-lo-hicimos-durante-anos","status":"publish","type":"post","link":"https:\/\/www.europesays.com\/es\/332037\/","title":{"rendered":"Demi Moore habla por primera vez de un ritual desconocido que realizaba con Bruce Willis: \u201cLo hicimos durante a\u00f1os\u201d"},"content":{"rendered":"<p id=\"eiKtV_5KpC\" data-wc=\"69\"><strong>Demi Moore ha vuelto a demostrar por qu\u00e9 su relaci\u00f3n con Bruce Willis sigue siendo una de las m\u00e1s admiradas de Hollywood.\u00a0<\/strong>A pesar de haberse divorciado hace m\u00e1s de dos d\u00e9cadas, la actriz mantiene un v\u00ednculo muy estrecho con el padre de sus tres hijas, un lazo que se ha fortalecido a\u00fan m\u00e1s desde que al actor le diagnosticaron afasia en 2022 y, posteriormente, demencia frontotemporal en 2023.<\/p>\n<p> <img src=\"https:\/\/www.europesays.com\/es\/wp-content\/uploads\/2026\/01\/ef22c170f13f-a02140360.jpg\"   width=\"1024\" height=\"693\" loading=\"lazy\" decoding=\"async\" alt=\"Demi moore y Bruce willis\" fetchpriority=\"auto\" class=\"image ho-image\"\/>\u00a9 GTRESImagen de archivo de Demi Moore y Bruce Willis<\/p>\n<p id=\"eaQb2yUNbT3\" data-wc=\"120\">En esta ocasi\u00f3n, la protagonista de La sustancia quiso compartir un recuerdo especialmente \u00edntimo de su matrimonio con uno de los actores m\u00e1s queridos de la industria: un ritual que Bruce manten\u00eda semana tras semana y que marc\u00f3 profundamente su vida en com\u00fan. Moore revel\u00f3 esta an\u00e9cdota durante <strong>una sesi\u00f3n de preguntas y respuestas con Kate Hudson<\/strong> en la proyecci\u00f3n especial de Song Sung Blue en Los \u00c1ngeles, una cita que reuni\u00f3 a numerosas estrellas de Hollywood, entre ellas <strong>Al Pacino, Leonardo DiCaprio\u00a0<\/strong>o el director <strong>David O&#8217;Russell,<\/strong> entre otros, que no quisieron perderse este homenaje cinematogr\u00e1fico. La pel\u00edcula, que Hudson coprotagoniza junto a Hugh Jackman, rinde tributo al int\u00e9rprete de la c\u00e9lebre canci\u00f3n de Neil Diamond publicada en 1972.<\/p>\n<p> <img src=\"https:\/\/www.europesays.com\/es\/wp-content\/uploads\/2026\/01\/4e9abad28110-gettyimages-2255269499.jpg\"   width=\"1024\" height=\"683\" loading=\"lazy\" decoding=\"async\" alt=\"Kate Hudson y Demi Moore durante su encuentro en Los \u00c1ngeles el pasado 7 de enero\" fetchpriority=\"auto\" class=\"image ho-image\"\/>\u00a9 Focus Features via Getty ImagesKate Hudson y Demi Moore durante su encuentro en Los \u00c1ngeles el pasado 7 de enero<\/p>\n<p id=\"e9puYGe8tHy\" data-wc=\"55\">\u201cEs algo un poco personal, pero Bruce siempre celebraba cada semana el D\u00eda de Neil Diamond\u201d,\u00a0confes\u00f3 Moore ante el p\u00fablico, provocando sonrisas y sorpresa a partes iguales. La actriz explic\u00f3 que <strong>Willis era un aut\u00e9ntico fan del legendario cantante,<\/strong> hasta el punto de dedicar un d\u00eda entero a escuchar su m\u00fasica a todo volumen.<\/p>\n<p> <img src=\"https:\/\/www.europesays.com\/es\/wp-content\/uploads\/2026\/01\/5b5e1037deab-gettyimages-2255269613.jpg\"   width=\"726\" height=\"1024\" loading=\"lazy\" decoding=\"async\" alt=\" Demi Moore y Kate Hudson \" fetchpriority=\"auto\" class=\"image ho-image\"\/>\u00a9 Focus Features via Getty Images Demi Moore y Kate Hudson <\/p>\n<p id=\"edt0xWtPQbb\" data-wc=\"31\">\u201cVer la pel\u00edcula me recordaba constantemente cuando \u00e9l pon\u00eda a todo volumen a Neil Diamond, y yo dec\u00eda: \u2018\u00bfQu\u00e9 pasa?\u2019\u201d, relat\u00f3. \u201cY \u00e9l dec\u00eda: \u2018No, es el D\u00eda de Neil Diamond\u2019\u201d.<\/p>\n<p> <img src=\"https:\/\/www.europesays.com\/es\/wp-content\/uploads\/2026\/01\/42fa20c6d3f8-gettyimages-2255269553.jpg\"   width=\"1024\" height=\"683\" loading=\"lazy\" decoding=\"async\" alt=\"Demi Moore, Kate Hudson y Al Pacino \" fetchpriority=\"auto\" class=\"image ho-image\"\/>\u00a9 Focus Features via Getty ImagesDemi Moore, Kate Hudson y Al Pacino <\/p>\n<p id=\"eSp1hnHVOUr\" data-wc=\"55\">Seg\u00fan recoge Daily Mail,\u00a0la protagonista de Striptease a\u00f1adi\u00f3 que Willis \u201cinterpretaba a Neil todo el d\u00eda. Lo hizo durante a\u00f1os. Era un gran fan. \u00a1Y yo tambi\u00e9n!\u201d. Un gesto sencillo, cotidiano, pero que revela la complicidad que marc\u00f3 su matrimonio y que, a d\u00eda de hoy, sigue siendo un recuerdo luminoso para la actriz.<\/p>\n<p>Un amor que se transform\u00f3 en amistad<\/p>\n<p id=\"eGBHn74axg6\" data-wc=\"83\"><strong>Demi Moore y Bruce Willis se casaron en 1987<\/strong> y estuvieron juntos trece a\u00f1os, hasta su divorcio en 2000. De su matrimonio nacieron sus tres hijas: <strong>Rumer (37), Scout (34) y Tallulah (31).\u00a0<\/strong>Y ahora tambi\u00e9n comparten una nieta,<strong>\u00a0Louetta Isley Thomas Willis,\u00a0<\/strong>hija de su primog\u00e9nita. Durante los a\u00f1os noventa fueron una de las parejas m\u00e1s ic\u00f3nicas de Hollywood, pero lo que siempre ha sorprendido al p\u00fablico es la forma ejemplar en la que han sabido mantener su relaci\u00f3n tras la separaci\u00f3n.<\/p>\n<p> <img src=\"https:\/\/www.europesays.com\/es\/wp-content\/uploads\/2026\/01\/76b4f24779ce-gettyimages-129535288.jpg\"   width=\"742\" height=\"1024\" loading=\"lazy\" decoding=\"async\" alt=\"Imagen de archivo de Bruce Willis y Demi Moore \" fetchpriority=\"auto\" class=\"image ho-image\"\/>\u00a9 Ron Galella Collection via GettyImagen de archivo de Bruce Willis y Demi Moore <\/p>\n<p> <img src=\"https:\/\/www.europesays.com\/es\/wp-content\/uploads\/2026\/01\/bdb68ceff32c-gettyimages-104615483.jpg\"   width=\"1024\" height=\"851\" loading=\"lazy\" decoding=\"async\" alt=\"Ashton Kutcher, Demi Moore y Bruce Willis \" fetchpriority=\"auto\" class=\"image ho-image\"\/>\u00a9 WireImageAshton Kutcher, Demi Moore y Bruce Willis <\/p>\n<p id=\"ebw3utGZmk-\" data-wc=\"67\">Despu\u00e9s del divorcio, ambos rehicieron su vida. <strong>Demi inici\u00f3 una relaci\u00f3n con Ashton Kutcher,<\/strong> con quien se cas\u00f3 en 2005; la pareja anunci\u00f3 su separaci\u00f3n en 2011 y formaliz\u00f3 el divorcio en 2013. Bruce, por su parte, <strong>encontr\u00f3 la estabilidad junto a Emma Heming,\u00a0<\/strong>con quien pas\u00f3 por el altar en 2009 y con quien tuvo dos hijas, formando la familia que mantiene a d\u00eda de hoy.<\/p>\n<p> <img src=\"https:\/\/www.europesays.com\/es\/wp-content\/uploads\/2026\/01\/49d91446d02b-u441268007.jpg\"   width=\"1024\" height=\"1024\" loading=\"lazy\" decoding=\"async\" alt=\"Emma Heming y Bruce Willis\" fetchpriority=\"auto\" class=\"image ho-image\"\/>\u00a9 GTRESEmma Heming y Bruce Willis<\/p>\n<p id=\"eXDp3F4pSBi\" data-wc=\"76\">A pesar de haber tomado caminos distintos, Demi est\u00e1 plenamente integrada en el hogar que Willis cre\u00f3 con <a class=\"hm-link ho-link\" href=\"https:\/\/www.hola.com\/actualidad\/20250903853440\/emma-heming-comparte-el-momento-clave-en-el-que-supo-que-algo-no-iba-bien-con-bruce-willis\/\" data-mrf-recirculation=\"article-body-link\" rel=\"nofollow noopener\" target=\"_blank\">Heming.<\/a> La prueba m\u00e1s visible lleg\u00f3 durante <strong>el confinamiento de 2020,<\/strong> cuando Moore, Willis, sus hijas, Emma Heming y las dos hijas de la pareja, Mabel y Evelyn, convivieron bajo el mismo techo. Aquella imagen de unidad familiar dio la vuelta al mundo y confirm\u00f3 lo que la actriz ha repetido en numerosas ocasiones: \u201cSiempre seremos una familia\u201d.<\/p>\n<p> <img src=\"https:\/\/www.europesays.com\/es\/wp-content\/uploads\/2026\/01\/91c38c7c5263-saveclipapp4687222108664728286919471165839612045316096n.jpg\"   width=\"1024\" height=\"1024\" loading=\"lazy\" decoding=\"async\" alt=\"Demi Moore y Bruce Willis con su hija Scout Willis\" fetchpriority=\"auto\" class=\"image ho-image\"\/>\u00a9 @scoutlaruewillisDemi Moore y Bruce Willis con su hija Scout Willis<\/p>\n<p> <img src=\"https:\/\/www.europesays.com\/es\/wp-content\/uploads\/2026\/01\/11de3a45cf16-saveclipapp42533974618232583514728986114941138023968953n.jpg\"   width=\"872\" height=\"1024\" loading=\"lazy\" decoding=\"async\" alt=\"Demi Moore y Bruce Willis\" fetchpriority=\"auto\" class=\"image ho-image\"\/>\u00a9 @brucewillisbwDemi Moore y Bruce Willis<br \/>\nEl apoyo incondicional de Demi en los momentos m\u00e1s dif\u00edciles<\/p>\n<p id=\"eFYR_EM4BQa\" data-wc=\"90\"><strong>Desde que Bruce Willis se retir\u00f3 de la vida p\u00fablica en 2022,<\/strong> tras recibir <a class=\"hm-link ho-link\" href=\"https:\/\/www.hola.com\/actualidad\/20251126869762\/familia-de-bruce-willis-donara-su-cerebro-a-la-ciencia\/\" data-mrf-recirculation=\"article-body-link\" rel=\"nofollow noopener\" target=\"_blank\">el diagn\u00f3stico de afasia\u00a0<\/a>y, poco despu\u00e9s, el de demencia frontotemporal, Moore se ha convertido en uno de sus mayores apoyos. Tanto ella como Emma Heming han formado un frente com\u00fan para cuidar al actor, acompa\u00f1arlo y proteger su bienestar. La propia Moore ha explicado que, para ella, nunca hubo duda de que seguir\u00eda formando parte activa de la vida de Bruce:\u00a0\u201cSiempre seremos una familia, solo que de una forma diferente\u201d, declar\u00f3 en una entrevista.<\/p>\n<p> <img src=\"https:\/\/www.europesays.com\/es\/wp-content\/uploads\/2026\/01\/5b60502b10b2-gettyimages-999260712.jpg\"   width=\"700\" height=\"1024\" loading=\"lazy\" decoding=\"async\" alt=\"Bruce Willis y Demi Moore  en un after party en 2018\" fetchpriority=\"auto\" class=\"image ho-image\"\/>\u00a9 Getty ImagesBruce Willis y Demi Moore  en un after party en 2018<\/p>\n<p> <img src=\"https:\/\/www.europesays.com\/es\/wp-content\/uploads\/2026\/01\/56753946d29b-with-demitbt.jpg\"   width=\"1024\" height=\"1012\" loading=\"lazy\" decoding=\"async\" alt=\"Plano medio de Bruce Willis con Demi Moore abrazados\" fetchpriority=\"auto\" class=\"image ho-image\"\/>\u00a9 brucewillisbwPlano medio de Bruce Willis con Demi Moore abrazados<\/p>\n<p id=\"eKZZF5QM1iw\" data-wc=\"116\">Su presencia constante, sus mensajes de cari\u00f1o y la estrecha uni\u00f3n que mantiene con<strong>\u00a0Emma Heming\u00a0<\/strong>\u2014quien a finales de diciembre celebr\u00f3 <a class=\"hm-link ho-link\" href=\"https:\/\/www.hola.com\/actualidad\/20251230869466\/emma-heming-y-bruce-willis-18-anos-unidos-por-un-amor-que-resiste-a-todo\/\" data-mrf-recirculation=\"article-body-link\" rel=\"nofollow noopener\" target=\"_blank\">su 18\u00ba aniversario del inicio de su historia de amor<\/a>\u2014 han sido muy valorados por los seguidores de Willis, que ven en esta familia ensamblada un ejemplo de amor, respeto y madurez. De hecho, Moore, de 63 a\u00f1os, acompa\u00f1\u00f3 a Emma en el concierto ben\u00e9fico NYC Soho Sessions, organizado para concienciar sobre la demencia frontotemporal (DFT), la enfermedad neurodegenerativa que le diagnosticaron al int\u00e9rprete en 2023. Demi no dud\u00f3 en estar a su lado, reflejo de la s\u00f3lida relaci\u00f3n que mantienen pese a que la actriz se divorci\u00f3 de Bruce en el a\u00f1o 2000.<\/p>\n<p id=\"ekoU4OusYIV\" data-wc=\"35\">\u201cBruce habr\u00eda amado esto. Siempre le encant\u00f3 la m\u00fasica en directo. Le habr\u00eda emocionado verlos a todos, porque todos ellos son, ya sabes, sus amigos\u201d, expres\u00f3 una visiblemente emocionada Emma Heming en declaraciones a People.<\/p>\n<p id=\"eDAVEp2g9ju\" data-wc=\"78\">Con esta confesi\u00f3n, Demi Moore no solo ha compartido un detalle \u00edntimo de su matrimonio, sino que ha ofrecido un homenaje lleno de ternura a Bruce Willis. Un hombre que, m\u00e1s all\u00e1 de su carrera cinematogr\u00e1fica, ha sido un padre presente, un compa\u00f1ero c\u00f3mplice y un amante apasionado de Neil Diamond. Y, sobre todo, alguien que sigue rodeado del amor de su familia \u2014la de antes y la de ahora\u2014 en esta etapa tan delicada de su vida.<\/p>\n","protected":false},"excerpt":{"rendered":"Demi Moore ha vuelto a demostrar por qu\u00e9 su relaci\u00f3n con Bruce Willis sigue siendo una de las&hellip;\n","protected":false},"author":2,"featured_media":332038,"comment_status":"","ping_status":"","sticky":false,"template":"","format":"standard","meta":{"footnotes":""},"categories":[174],"tags":[517,255,4490,146,147,25,24,256,23],"class_list":{"0":"post-332037","1":"post","2":"type-post","3":"status-publish","4":"format-standard","5":"has-post-thumbnail","7":"category-famosos","8":"tag-actualidad","9":"tag-celebrities","10":"tag-demi-moore","11":"tag-entertainment","12":"tag-entretenimiento","13":"tag-es","14":"tag-espana","15":"tag-famosos","16":"tag-spain"},"share_on_mastodon":{"url":"https:\/\/pubeurope.com\/@es\/115867178199094124","error":""},"_links":{"self":[{"href":"https:\/\/www.europesays.com\/es\/wp-json\/wp\/v2\/posts\/332037","targetHints":{"allow":["GET"]}}],"collection":[{"href":"https:\/\/www.europesays.com\/es\/wp-json\/wp\/v2\/posts"}],"about":[{"href":"https:\/\/www.europesays.com\/es\/wp-json\/wp\/v2\/types\/post"}],"author":[{"embeddable":true,"href":"https:\/\/www.europesays.com\/es\/wp-json\/wp\/v2\/users\/2"}],"replies":[{"embeddable":true,"href":"https:\/\/www.europesays.com\/es\/wp-json\/wp\/v2\/comments?post=332037"}],"version-history":[{"count":0,"href":"https:\/\/www.europesays.com\/es\/wp-json\/wp\/v2\/posts\/332037\/revisions"}],"wp:featuredmedia":[{"embeddable":true,"href":"https:\/\/www.europesays.com\/es\/wp-json\/wp\/v2\/media\/332038"}],"wp:attachment":[{"href":"https:\/\/www.europesays.com\/es\/wp-json\/wp\/v2\/media?parent=332037"}],"wp:term":[{"taxonomy":"category","embeddable":true,"href":"https:\/\/www.europesays.com\/es\/wp-json\/wp\/v2\/categories?post=332037"},{"taxonomy":"post_tag","embeddable":true,"href":"https:\/\/www.europesays.com\/es\/wp-json\/wp\/v2\/tags?post=332037"}],"curies":[{"name":"wp","href":"https:\/\/api.w.org\/{rel}","templated":true}]}}