{"id":332050,"date":"2026-01-09T21:14:29","date_gmt":"2026-01-09T21:14:29","guid":{"rendered":"https:\/\/www.europesays.com\/es\/332050\/"},"modified":"2026-01-09T21:14:29","modified_gmt":"2026-01-09T21:14:29","slug":"la-final-de-aria-desvelara-el-jurado-secreto-y-al-ganador","status":"publish","type":"post","link":"https:\/\/www.europesays.com\/es\/332050\/","title":{"rendered":"La final de ARIA desvelar\u00e1 el jurado secreto y al ganador"},"content":{"rendered":"<p style=\"text-align:justify;\">Llega la gran final de \u2018<strong><a href=\"https:\/\/www.rtve.es\/play\/videos\/aria-locos-por-la-opera\/\" rel=\"nofollow noopener\" target=\"_blank\">ARIA, locos por la \u00f3pera<\/a><\/strong><strong>\u2019, <\/strong>presentado por <strong>Ruth Lorenzo<\/strong>, acompa\u00f1ada de <strong>Juanjo Bona<\/strong> en el backstage. Esta \u00faltima entrega desvelar\u00e1 el mayor misterio del programa, la identidad del jurado secreto, y elegir\u00e1 a la nueva gran promesa de la l\u00edrica nacional.<\/p>\n<p style=\"text-align:justify;\">El talent show es una de las grandes apuestas de la <a href=\"https:\/\/www.rtve.es\/rtve\/20251216\/rtve-como-casa-programacion-navidena-mas-ilusiona\/16861498.shtml\" rel=\"nofollow noopener\" target=\"_blank\">programaci\u00f3n navide\u00f1a<\/a> de RTVE, y desde su estreno el lunes 22 de diciembre ha recibido el <strong>aplauso un\u00e1nime del p\u00fablico<\/strong>. En sus tres galas anteriores ha rozado el mill\u00f3n de seguidores de media y los 3,5 millones de espectadores \u00fanicos. <\/p>\n<p>\u2018Gran final\u2019<\/p>\n<p style=\"text-align:justify;\">La \u00faltima gala comenzar\u00e1 por todo lo alto, con los seis finalistas interpretando una versi\u00f3n l\u00edrica de \u2018<strong>Viva la vida\u2019<\/strong> de Coldplay. Adem\u00e1s, para sus \u00faltimas actuaciones, los concursantes escoger\u00e1n arias mundialmente conocidas como \u2018<strong>La Reina de la noche\u2019<\/strong> (La flauta m\u00e1gica), el \u2018<strong>Aria del Toreador<\/strong>\u2019 (Carmen), \u2018<strong>Casta Diva\u2019<\/strong> (Norma), <strong>\u2018Mein Herr Marquis\u2019<\/strong> (El murci\u00e9lago), \u2018<strong>Stride la vampa<\/strong>\u2019 (Il trovatore) y \u2018<strong>Sempre libera\u2019<\/strong> (La Traviata). Como en las anteriores galas, las actuaciones estar\u00e1n acompa\u00f1adas por la prestigiosa Franz Schubert Filharmonia, dirigida por el maestro Tom\u00e0s Grau. <\/p>\n<p>El jurado de &#8216;ARIA, locos por la \u00f3pera&#8217;<\/p>\n<p style=\"text-align:justify;\">Los encargados de valorar estas actuaciones dignas de una gran final ser\u00e1n la soprano <strong>Isabel Rey, Zapata Tenor<\/strong>, la directora de orquesta<strong> Virginia Mart\u00ednez<\/strong>, y el jurado secreto, cuya identidad ser\u00e1 desvelada durante esta emisi\u00f3n. Una vez haya salido del anonimato, se unir\u00e1 al resto de jueces para elegir al gran ganador de \u2018ARIA, locos por la \u00f3pera\u2019.<\/p>\n<p>\u2018ARIA, locos por la \u00f3pera\u2019, un \u00e9xito internacional<\/p>\n<p style=\"text-align:justify;\">\u2018ARIA, locos por la \u00f3pera\u2019 es un formato original creado por la productora de Pa\u00edses Bajos Medialane. Se han emitido tres temporadas en la cadena p\u00fablica holandesa NPO1 y se prepara una cuarta. La espa\u00f1ola es la primera adaptaci\u00f3n internacional y est\u00e1 producida por RTVE en colaboraci\u00f3n con Gestmusic (Banijay Iberia). Presentado por Ruth Lorenzo, acompa\u00f1ada de Juanjo Bona en el backstage, el programa muestra el riguroso proceso para convertirse en cantante de \u00f3pera. Cuenta con un <strong>enfoque did\u00e1ctico<\/strong> <strong>y fresco<\/strong>: el p\u00fablico descubre las historias que hay detr\u00e1s de las grandes arias con la ayuda del actor, pianista y creador de contenido Mario Marzo, que realiza una personal introducci\u00f3n de cada obra. <\/p>\n","protected":false},"excerpt":{"rendered":"Llega la gran final de \u2018ARIA, locos por la \u00f3pera\u2019, presentado por Ruth Lorenzo, acompa\u00f1ada de Juanjo Bona&hellip;\n","protected":false},"author":2,"featured_media":332051,"comment_status":"","ping_status":"","sticky":false,"template":"","format":"standard","meta":{"footnotes":""},"categories":[91],"tags":[146,147,25,24,23],"class_list":{"0":"post-332050","1":"post","2":"type-post","3":"status-publish","4":"format-standard","5":"has-post-thumbnail","7":"category-entretenimiento","8":"tag-entertainment","9":"tag-entretenimiento","10":"tag-es","11":"tag-espana","12":"tag-spain"},"share_on_mastodon":{"url":"https:\/\/pubeurope.com\/@es\/115867213287043154","error":""},"_links":{"self":[{"href":"https:\/\/www.europesays.com\/es\/wp-json\/wp\/v2\/posts\/332050","targetHints":{"allow":["GET"]}}],"collection":[{"href":"https:\/\/www.europesays.com\/es\/wp-json\/wp\/v2\/posts"}],"about":[{"href":"https:\/\/www.europesays.com\/es\/wp-json\/wp\/v2\/types\/post"}],"author":[{"embeddable":true,"href":"https:\/\/www.europesays.com\/es\/wp-json\/wp\/v2\/users\/2"}],"replies":[{"embeddable":true,"href":"https:\/\/www.europesays.com\/es\/wp-json\/wp\/v2\/comments?post=332050"}],"version-history":[{"count":0,"href":"https:\/\/www.europesays.com\/es\/wp-json\/wp\/v2\/posts\/332050\/revisions"}],"wp:featuredmedia":[{"embeddable":true,"href":"https:\/\/www.europesays.com\/es\/wp-json\/wp\/v2\/media\/332051"}],"wp:attachment":[{"href":"https:\/\/www.europesays.com\/es\/wp-json\/wp\/v2\/media?parent=332050"}],"wp:term":[{"taxonomy":"category","embeddable":true,"href":"https:\/\/www.europesays.com\/es\/wp-json\/wp\/v2\/categories?post=332050"},{"taxonomy":"post_tag","embeddable":true,"href":"https:\/\/www.europesays.com\/es\/wp-json\/wp\/v2\/tags?post=332050"}],"curies":[{"name":"wp","href":"https:\/\/api.w.org\/{rel}","templated":true}]}}