{"id":332068,"date":"2026-01-09T21:28:06","date_gmt":"2026-01-09T21:28:06","guid":{"rendered":"https:\/\/www.europesays.com\/es\/332068\/"},"modified":"2026-01-09T21:28:06","modified_gmt":"2026-01-09T21:28:06","slug":"comunicado-oficial-jordy-caicedo-real-sporting","status":"publish","type":"post","link":"https:\/\/www.europesays.com\/es\/332068\/","title":{"rendered":"Comunicado oficial: Jordy Caicedo | Real Sporting"},"content":{"rendered":"<p>El Real Sporting de Gij\u00f3n comunica la finalizaci\u00f3n del periodo de cesi\u00f3n del futbolista Jordy Caicedo.<\/p>\n<p>Caicedo, que se incorpor\u00f3 al Club en el verano de 2024, ha disputado un total de 39 encuentros con la camiseta rojiblanca (34 de LALIGA HYPERMOTION y 5 de la Copa de SM el Rey).<\/p>\n<p>El Real Sporting le agradece su trabajo y dedicaci\u00f3n durante el \u00faltimo a\u00f1o y medio y le desea \u00e9xito en sus pr\u00f3ximos retos profesionales.<\/p>\n","protected":false},"excerpt":{"rendered":"El Real Sporting de Gij\u00f3n comunica la finalizaci\u00f3n del periodo de cesi\u00f3n del futbolista Jordy Caicedo. Caicedo, que&hellip;\n","protected":false},"author":2,"featured_media":332069,"comment_status":"","ping_status":"","sticky":false,"template":"","format":"standard","meta":{"footnotes":""},"categories":[268],"tags":[168,25,24,280,282,281,23,167],"class_list":{"0":"post-332068","1":"post","2":"type-post","3":"status-publish","4":"format-standard","5":"has-post-thumbnail","7":"category-futbol","8":"tag-deportes","9":"tag-es","10":"tag-espana","11":"tag-football","12":"tag-futbol","13":"tag-soccer","14":"tag-spain","15":"tag-sports"},"share_on_mastodon":{"url":"https:\/\/pubeurope.com\/@es\/115867268232520943","error":""},"_links":{"self":[{"href":"https:\/\/www.europesays.com\/es\/wp-json\/wp\/v2\/posts\/332068","targetHints":{"allow":["GET"]}}],"collection":[{"href":"https:\/\/www.europesays.com\/es\/wp-json\/wp\/v2\/posts"}],"about":[{"href":"https:\/\/www.europesays.com\/es\/wp-json\/wp\/v2\/types\/post"}],"author":[{"embeddable":true,"href":"https:\/\/www.europesays.com\/es\/wp-json\/wp\/v2\/users\/2"}],"replies":[{"embeddable":true,"href":"https:\/\/www.europesays.com\/es\/wp-json\/wp\/v2\/comments?post=332068"}],"version-history":[{"count":0,"href":"https:\/\/www.europesays.com\/es\/wp-json\/wp\/v2\/posts\/332068\/revisions"}],"wp:featuredmedia":[{"embeddable":true,"href":"https:\/\/www.europesays.com\/es\/wp-json\/wp\/v2\/media\/332069"}],"wp:attachment":[{"href":"https:\/\/www.europesays.com\/es\/wp-json\/wp\/v2\/media?parent=332068"}],"wp:term":[{"taxonomy":"category","embeddable":true,"href":"https:\/\/www.europesays.com\/es\/wp-json\/wp\/v2\/categories?post=332068"},{"taxonomy":"post_tag","embeddable":true,"href":"https:\/\/www.europesays.com\/es\/wp-json\/wp\/v2\/tags?post=332068"}],"curies":[{"name":"wp","href":"https:\/\/api.w.org\/{rel}","templated":true}]}}