{"id":332077,"date":"2026-01-09T21:34:10","date_gmt":"2026-01-09T21:34:10","guid":{"rendered":"https:\/\/www.europesays.com\/es\/332077\/"},"modified":"2026-01-09T21:34:10","modified_gmt":"2026-01-09T21:34:10","slug":"el-caso-de-gisele-pelicot-tendra-un-documental-realizado-por-dos-ganadoras-del-oscar","status":"publish","type":"post","link":"https:\/\/www.europesays.com\/es\/332077\/","title":{"rendered":"El caso de Gis\u00e8le Pelicot tendr\u00e1 un documental realizado por dos ganadoras del Oscar"},"content":{"rendered":"<p><img alt=\"HBO Documentary Films anuncia un\" class=\"global-image\" decoding=\"async\" fetchpriority=\"high\" height=\"3667\" loading=\"eager\" src=\"https:\/\/www.europesays.com\/es\/wp-content\/uploads\/2026\/01\/H5OGHR4ZXVGIRHCMTYELXD3YW4.JPG\" width=\"5500\"\/>HBO Documentary Films anuncia un documental sobre Gis\u00e8le Pelicot, sobreviviente de abusos y referente en la lucha contra la violencia de g\u00e9nero (Foto: REUTERS\/Manon Cruz)<\/p>\n<p class=\"paragraph\">La plataforma <b>HBO Documentary Films<\/b> confirm\u00f3 la producci\u00f3n de un nuevo proyecto centrado en <b>Gis\u00e8le Pelicot<\/b>, bajo la direcci\u00f3n de la cineasta ganadora del Oscar <b>Joanna Natasegara<\/b>. El documental, a\u00fan sin t\u00edtulo, documentar\u00e1 la vida de Pelicot tras el proceso judicial en el que <b>51 hombres fueron condenados en 2024<\/b> por cr\u00edmenes sexuales en uno de los mayores juicios de violencia sexual celebrados en Francia. El filme contar\u00e1 adem\u00e1s con la producci\u00f3n de <b>Abigail Anketell-Jones<\/b> y <b>Brenda Coughlin<\/b>, y la producci\u00f3n ejecutiva de <b>Laura Poitras<\/b>. <\/p>\n<p><a class=\"bajalibros-card bajalibros-card-free\" href=\"http:\/\/bajalibros.com\/?externalId=0142024BL\" rel=\"noopener noreferrer nofollow\" target=\"_blank\"><img decoding=\"async\" class=\"bajalibros-card-book-img\" src=\"https:\/\/www.europesays.com\/es\/wp-content\/uploads\/2025\/09\/ea322b33-2d2e-4393-a5b3-114c744ee672_cover.jpg\" alt=\"book img\"\/><\/p>\n<p class=\"bajalibros-card-book-info-title\">La verg\u00fcenza cambi\u00f3 de lado<\/p>\n<p class=\"bajalibros-card-book-info-author\">Por Equipo Leamos<\/p>\n<p class=\"bajalibros-card-book-type\">eBook<\/p>\n<p><\/a><\/p>\n<p class=\"paragraph\">El proyecto accedi\u00f3 de manera exclusiva a la reconstrucci\u00f3n personal de Pelicot tras sobrevivir durante una d\u00e9cada a una serie de abusos organizados por su propio esposo. Al renunciar a su anonimato y exponer p\u00fablicamente su historia, Pelicot activ\u00f3 una extendida cobertura medi\u00e1tica internacional. El equipo de producci\u00f3n destac\u00f3 que su aparici\u00f3n p\u00fablica \u201cinspir\u00f3 <b>conversaciones significativas<\/b> sobre el consentimiento y la responsabilidad, y gener\u00f3 una amplia solidaridad con las v\u00edctimas de abuso sexual\u201d.<\/p>\n<p class=\"paragraph\">Respecto al enfoque narrativo, Natasegara indic\u00f3 que \u201cla decisi\u00f3n de Gis\u00e8le de alzar la voz en nombre de las sobrevivientes de violencia sexual en todas partes es, simplemente, <b>un inspirador acto de valent\u00eda<\/b>\u201d. La cineasta subray\u00f3 que el documental buscar\u00e1 ser \u201cun testimonio de su insistencia en la dignidad, de su determinaci\u00f3n inquebrantable de no dejarse definir por los delitos que sufri\u00f3, y de c\u00f3mo Francia y el resto del mundo eligen responder a su coraje\u201d. Natasegara especific\u00f3 adem\u00e1s que \u201cdesde el d\u00eda que conoc\u00ed su historia, sent\u00ed la responsabilidad de ayudar a contarla\u201d.<\/p>\n<p><img alt=\"La valent\u00eda de Gis\u00e8le Pelicot\" class=\"global-image\" decoding=\"async\" fetchpriority=\"low\" height=\"3235\" loading=\"lazy\" src=\"https:\/\/www.europesays.com\/es\/wp-content\/uploads\/2026\/01\/RD3VRBLN2VE3JGHFNSSJ7RCCOA.JPG\" width=\"4852\"\/>La valent\u00eda de Gis\u00e8le Pelicot la convirti\u00f3 en s\u00edmbolo de la lucha contra la violencia machista (Foto: REUTERS\/Alexandre Dimou)<\/p>\n<p class=\"paragraph\"><b>Giselle Pelicot <\/b>fue v\u00edctima de violaciones sistem\u00e1ticas entre 2011 y 2020 en Francia. Su esposo, <b>Dominique Pelicot<\/b>, la drog\u00f3 y permiti\u00f3 que decenas de hombres abusaran sexualmente de ella. El caso sali\u00f3 a la luz en 2020 tras la detenci\u00f3n de Dominique, cuando la polic\u00eda encontr\u00f3 grabaciones que documentaban los hechos. El proceso judicial se realiz\u00f3 de manera p\u00fablica por decisi\u00f3n de Giselle, quien opt\u00f3 por renunciar al anonimato para visibilizar la violencia de g\u00e9nero y la sumisi\u00f3n qu\u00edmica.<\/p>\n<p class=\"paragraph\">En diciembre de 2024, <b>Dominique Pelicot <\/b>recibi\u00f3 una condena de 20 a\u00f1os de prisi\u00f3n y otros 50 implicados fueron sentenciados a penas de entre 3 y 15 a\u00f1os. La sentencia gener\u00f3 cr\u00edticas por considerarse insuficiente en algunos casos. Giselle fue reconocida internacionalmente por su valent\u00eda y se convirti\u00f3 en un s\u00edmbolo de la lucha contra la violencia machista en Francia. Su hija public\u00f3 un libro sobre la experiencia familiar y el caso inspir\u00f3 este documental.<\/p>\n<p><img alt=\"La directora brit\u00e1nica Joanna Natasegara,\" class=\"global-image\" decoding=\"async\" fetchpriority=\"low\" height=\"2321\" loading=\"lazy\" src=\"https:\/\/www.europesays.com\/es\/wp-content\/uploads\/2026\/01\/KRSCXYEL4NAZTIBA6W6LGP7FUE.jpg\" width=\"3500\"\/>La directora brit\u00e1nica Joanna Natasegara, la segunda desde la izquierda, junto a los realizadores del documental \u00abThe Edge of Democracy\u00bb, nominado al Oscar en 2020 (Foto: REUTERS\/Mario Anzuoni)<\/p>\n<p class=\"paragraph\"><b>Joanna Natasegara<\/b> es una directora y productora brit\u00e1nica especializada en documentales de impacto social. Naci\u00f3 en Londres y estudi\u00f3 en la London School of Economics, donde se form\u00f3 en derechos humanos. A lo largo de su carrera, se ha enfocado en proyectos que abordan temas de justicia, derechos civiles y conflictos internacionales. Su trabajo destaca por una narrativa visual que busca generar conciencia y movilizar audiencias. Es fundadora de la productora Violet Films, reconocida por su enfoque \u00e9tico y colaborativo.<\/p>\n<p class=\"paragraph\"><b>Natasegara<\/b> gan\u00f3 dos premios Oscar: uno en 2017 por el documental corto <b>The White Helmets<\/b>, que muestra la labor de rescatistas sirios en zonas de guerra, y otro en 2020 por <b>The Elephant Queen<\/b>, que retrata la vida de una manada de elefantes en Kenia y su entorno natural. Estos reconocimientos consolidaron su posici\u00f3n entre las figuras m\u00e1s influyentes del cine documental contempor\u00e1neo. <\/p>\n","protected":false},"excerpt":{"rendered":"HBO Documentary Films anuncia un documental sobre Gis\u00e8le Pelicot, sobreviviente de abusos y referente en la lucha contra&hellip;\n","protected":false},"author":2,"featured_media":332078,"comment_status":"","ping_status":"","sticky":false,"template":"","format":"standard","meta":{"footnotes":""},"categories":[169],"tags":[177,146,147,25,24,406,176,175,23],"class_list":{"0":"post-332077","1":"post","2":"type-post","3":"status-publish","4":"format-standard","5":"has-post-thumbnail","7":"category-cine","8":"tag-cine","9":"tag-entertainment","10":"tag-entretenimiento","11":"tag-es","12":"tag-espana","13":"tag-europe","14":"tag-film","15":"tag-movies","16":"tag-spain"},"share_on_mastodon":{"url":"https:\/\/pubeurope.com\/@es\/115867291999666982","error":""},"_links":{"self":[{"href":"https:\/\/www.europesays.com\/es\/wp-json\/wp\/v2\/posts\/332077","targetHints":{"allow":["GET"]}}],"collection":[{"href":"https:\/\/www.europesays.com\/es\/wp-json\/wp\/v2\/posts"}],"about":[{"href":"https:\/\/www.europesays.com\/es\/wp-json\/wp\/v2\/types\/post"}],"author":[{"embeddable":true,"href":"https:\/\/www.europesays.com\/es\/wp-json\/wp\/v2\/users\/2"}],"replies":[{"embeddable":true,"href":"https:\/\/www.europesays.com\/es\/wp-json\/wp\/v2\/comments?post=332077"}],"version-history":[{"count":0,"href":"https:\/\/www.europesays.com\/es\/wp-json\/wp\/v2\/posts\/332077\/revisions"}],"wp:featuredmedia":[{"embeddable":true,"href":"https:\/\/www.europesays.com\/es\/wp-json\/wp\/v2\/media\/332078"}],"wp:attachment":[{"href":"https:\/\/www.europesays.com\/es\/wp-json\/wp\/v2\/media?parent=332077"}],"wp:term":[{"taxonomy":"category","embeddable":true,"href":"https:\/\/www.europesays.com\/es\/wp-json\/wp\/v2\/categories?post=332077"},{"taxonomy":"post_tag","embeddable":true,"href":"https:\/\/www.europesays.com\/es\/wp-json\/wp\/v2\/tags?post=332077"}],"curies":[{"name":"wp","href":"https:\/\/api.w.org\/{rel}","templated":true}]}}