{"id":332081,"date":"2026-01-09T21:36:09","date_gmt":"2026-01-09T21:36:09","guid":{"rendered":"https:\/\/www.europesays.com\/es\/332081\/"},"modified":"2026-01-09T21:36:09","modified_gmt":"2026-01-09T21:36:09","slug":"prevalencia-de-anemia-ferropenica-en-lechones-predestete-en-granjas-comerciales-de-argentina-ceva-salud-animal-cono-sur","status":"publish","type":"post","link":"https:\/\/www.europesays.com\/es\/332081\/","title":{"rendered":"Prevalencia de anemia ferrop\u00e9nica en lechones predestete en granjas comerciales de Argentina &#8211; Ceva Salud Animal | Cono Sur"},"content":{"rendered":"<p>Todos los lechones fueron pesados individualmente y se les determin\u00f3 la concentraci\u00f3n de hemoglobina (g\/dL) utilizando un sistema port\u00e1til HemoCue\u00ae, herramienta ampliamente validada para mediciones r\u00e1pidas y confiables en estudios de campo.<\/p>\n<p>Todos los lechones incluidos hab\u00edan recibido hierro dextrano bajo el protocolo tradicional de aplicaci\u00f3n: una dosis intramuscular de 1 cm\u00b3 por animal, administrada entre las 24 y 96 horas de vida.<\/p>\n<p>La concentraci\u00f3n promedio de hemoglobina observada a nivel general fue de 9,99 g\/dL, valor considerado sub\u00f3ptimo para el per\u00edodo predestete.<\/p>\n<p>La distribuci\u00f3n de los lechones seg\u00fan su estatus hematol\u00f3gico mostr\u00f3 que:<\/p>\n<ul>&#13;<\/p>\n<li>28,1 % se clasificaron como an\u00e9micos,<\/li>\n<p>&#13;<\/p>\n<li>42,2 % como suban\u00e9micos,<\/li>\n<p>&#13;<\/p>\n<li>solo 29,8 % presentaron valores \u00f3ptimos de hemoglobina.<\/li>\n<p>&#13;\n<\/ul>\n<p>\u00a0 \u00a0\u00a0<img loading=\"lazy\" decoding=\"async\" alt=\"\" height=\"421\" src=\"https:\/\/www.europesays.com\/es\/wp-content\/uploads\/2026\/01\/1767994568_788_image.jpg\" width=\"600\"\/><\/p>\n<p>En conjunto, m\u00e1s del 70 % de los lechones evaluados present\u00f3 alg\u00fan grado de compromiso del estatus de hierro, a pesar de haber recibido suplementaci\u00f3n preventiva en los primeros d\u00edas de vida.<\/p>\n<p><strong>An\u00e1lisis seg\u00fan categor\u00eda de peso<\/strong><\/p>\n<p>Al analizar los resultados por categor\u00eda de peso, se evidenci\u00f3 un patr\u00f3n consistente:<\/p>\n<ul>&#13;<\/p>\n<li>Los <strong>lechones grandes<\/strong> presentaron los <strong>valores promedio de hemoglobina m\u00e1s bajos<\/strong> y la mayor proporci\u00f3n de animales an\u00e9micos.<\/li>\n<p>&#13;<\/p>\n<li>Los <strong>lechones medianos<\/strong> mostraron valores intermedios, cercanos al promedio general del estudio.<\/li>\n<p>&#13;<\/p>\n<li>Los <strong>lechones chicos<\/strong> registraron los <strong>valores m\u00e1s altos de hemoglobina<\/strong> y la menor proporci\u00f3n de anemia.<\/li>\n<p>&#13;\n<\/ul>\n<p><img loading=\"lazy\" decoding=\"async\" alt=\"\" height=\"298\" src=\"https:\/\/www.europesays.com\/es\/wp-content\/uploads\/2026\/01\/1767994568_853_image.jpg\" width=\"1065\"\/><\/p>\n<p>El an\u00e1lisis individual confirm\u00f3 una <strong>relaci\u00f3n inversa entre el peso corporal y la concentraci\u00f3n de hemoglobina<\/strong>, donde los animales de mayor crecimiento fueron los m\u00e1s expuestos a presentar anemia o subanemia.<\/p>\n<p><img loading=\"lazy\" decoding=\"async\" alt=\"\" height=\"499\" src=\"https:\/\/www.europesays.com\/es\/wp-content\/uploads\/2026\/01\/1767994569_420_image.jpg\" width=\"1039\"\/><\/p>\n<p><strong>Discusi\u00f3n<\/strong><\/p>\n<p>Los resultados del estudio confirman que la anemia ferrop\u00e9nica contin\u00faa siendo un problema sanitario frecuente en el predestete, incluso bajo esquemas preventivos ampliamente utilizados. La mayor prevalencia observada en lechones de alto crecimiento es coherente con el concepto de <strong>\u201cbrecha de hierro\u201d<\/strong>, que describe la dificultad de cubrir la demanda del mineral en animales con elevada tasa de crecimiento cuando se utilizan esquemas tradicionales\u2076.<\/p>\n<p>Este patr\u00f3n no es exclusivo de Argentina. Estudios realizados en otros pa\u00edses de <strong>Am\u00e9rica Latina<\/strong> han reportado prevalencias similares de anemia en lechones predestete y una mayor susceptibilidad en animales de mayor tama\u00f1o, reforzando que se trata de un desaf\u00edo sanitario regional\u2077.<\/p>\n<p><strong>Conclusiones e implicancias pr\u00e1cticas<\/strong><\/p>\n<p>El relevamiento nacional evidencia que la suplementaci\u00f3n tradicional con hierro dextrano <strong>no siempre logra acompa\u00f1ar las demandas de hierro del lech\u00f3n moderno<\/strong>, especialmente en animales de mayor desempe\u00f1o productivo. La elevada proporci\u00f3n de lechones an\u00e9micos y suban\u00e9micos observada plantea la necesidad de <strong>revisar y actualizar las estrategias de suplementaci\u00f3n de hierro en el predestete<\/strong>.<\/p>\n<p>En este contexto, estudios comparativos han demostrado que el <strong>gleptoferron<\/strong>, presente en <strong>Forceris\u00ae<\/strong>, ofrece una <strong>mayor biodisponibilidad y una provisi\u00f3n de hierro m\u00e1s sostenida en el tiempo<\/strong>, permitiendo mantener mejores niveles de hemoglobina hacia el final de la lactancia y reduciendo la proporci\u00f3n de lechones an\u00e9micos\u2078.<\/p>\n<p>Forceris\u00ae combina <strong>hierro de alta biodisponibilidad (gleptoferron)<\/strong> con <strong>toltrazuril<\/strong> en una formulaci\u00f3n inyectable de aplicaci\u00f3n temprana, integrando en una sola intervenci\u00f3n la prevenci\u00f3n de la anemia ferrop\u00e9nica y la coccidiosis neonatal. De esta manera, se presenta como una <strong>herramienta sanitaria alineada con las exigencias productivas actuales<\/strong>, que permite simplificar manejos y mejorar el desempe\u00f1o sanitario y productivo desde los primeros d\u00edas de vida.<\/p>\n<p>En s\u00edntesis, prevenir la anemia ferrop\u00e9nica hoy implica <strong>adaptar la suplementaci\u00f3n de hierro al crecimiento real del lech\u00f3n<\/strong>, y <strong>Forceris\u00ae<\/strong> se posiciona como una alternativa s\u00f3lida para acompa\u00f1ar ese desaf\u00edo en la producci\u00f3n porcina moderna.<\/p>\n<p>\u00a0 \u00a0 \u00a0 \u00a0 \u00a0 \u00a0 \u00a0 \u00a0 \u00a0 \u00a0 \u00a0 \u00a0 \u00a0 \u00a0 \u00a0 \u00a0 \u00a0 \u00a0 \u00a0 \u00a0 \u00a0 \u00a0 \u00a0 \u00a0 \u00a0 \u00a0 \u00a0 \u00a0 \u00a0 \u00a0 \u00a0 \u00a0 \u00a0 \u00a0 \u00a0 \u00a0 \u00a0<img loading=\"lazy\" decoding=\"async\" alt=\"\" height=\"97\" src=\"https:\/\/www.europesays.com\/es\/wp-content\/uploads\/2026\/01\/1767994569_626_image.jpg\" width=\"96\"\/><\/p>\n<p><strong>Referencias<\/strong><\/p>\n<p>\u00b9 Svoboda M, Drabek J. Iron deficiency in suckling piglets. Folia Vet. 2005.<br \/>&#13;<br \/>\n\u00b2 Furugouri K. Iron metabolism in piglets. JARQ. 1975.<br \/>&#13;<br \/>\n\u00b3 Zimmerman DR et al. Injectable iron-dextran for prevention of anemia. J Anim Sci. 1959.<br \/>&#13;<br \/>\n\u2074 Bhattarai S, Nielsen JP. Early indicators of iron deficiency in piglets. J Swine Health Prod. 2015.<br \/>&#13;<br \/>\n\u2075 Perri AM et al. Iron deficiency and performance in piglets. J Swine Health Prod. 2016.<br \/>&#13;<br \/>\n\u2076 Van Gorp S et al. Preventing the iron gap in modern pig production. AASV Proceedings. 2012.<br \/>&#13;<br \/>\n\u2077 Estudio multic\u00e9ntrico Latinoam\u00e9rica \u2013 prevalencia de anemia ferrop\u00e9nica en lechones predestete.<br \/>&#13;<br \/>\n\u2078 Sperling D et al. Comparative efficacy of iron gleptoferron and iron dextran. Vet Record Open. 2018.<\/p>\n<p>\u00a0<\/p>\n","protected":false},"excerpt":{"rendered":"Todos los lechones fueron pesados individualmente y se les determin\u00f3 la concentraci\u00f3n de hemoglobina (g\/dL) utilizando un sistema&hellip;\n","protected":false},"author":2,"featured_media":332082,"comment_status":"","ping_status":"","sticky":false,"template":"","format":"standard","meta":{"footnotes":""},"categories":[92],"tags":[25,24,165,166,23],"class_list":{"0":"post-332081","1":"post","2":"type-post","3":"status-publish","4":"format-standard","5":"has-post-thumbnail","7":"category-salud","8":"tag-es","9":"tag-espana","10":"tag-health","11":"tag-salud","12":"tag-spain"},"share_on_mastodon":{"url":"https:\/\/pubeurope.com\/@es\/115867299695110144","error":""},"_links":{"self":[{"href":"https:\/\/www.europesays.com\/es\/wp-json\/wp\/v2\/posts\/332081","targetHints":{"allow":["GET"]}}],"collection":[{"href":"https:\/\/www.europesays.com\/es\/wp-json\/wp\/v2\/posts"}],"about":[{"href":"https:\/\/www.europesays.com\/es\/wp-json\/wp\/v2\/types\/post"}],"author":[{"embeddable":true,"href":"https:\/\/www.europesays.com\/es\/wp-json\/wp\/v2\/users\/2"}],"replies":[{"embeddable":true,"href":"https:\/\/www.europesays.com\/es\/wp-json\/wp\/v2\/comments?post=332081"}],"version-history":[{"count":0,"href":"https:\/\/www.europesays.com\/es\/wp-json\/wp\/v2\/posts\/332081\/revisions"}],"wp:featuredmedia":[{"embeddable":true,"href":"https:\/\/www.europesays.com\/es\/wp-json\/wp\/v2\/media\/332082"}],"wp:attachment":[{"href":"https:\/\/www.europesays.com\/es\/wp-json\/wp\/v2\/media?parent=332081"}],"wp:term":[{"taxonomy":"category","embeddable":true,"href":"https:\/\/www.europesays.com\/es\/wp-json\/wp\/v2\/categories?post=332081"},{"taxonomy":"post_tag","embeddable":true,"href":"https:\/\/www.europesays.com\/es\/wp-json\/wp\/v2\/tags?post=332081"}],"curies":[{"name":"wp","href":"https:\/\/api.w.org\/{rel}","templated":true}]}}