{"id":332105,"date":"2026-01-09T21:55:10","date_gmt":"2026-01-09T21:55:10","guid":{"rendered":"https:\/\/www.europesays.com\/es\/332105\/"},"modified":"2026-01-09T21:55:10","modified_gmt":"2026-01-09T21:55:10","slug":"luis-zahera-y-las-camareras-gemelas-de-first-dates-coinciden-en-las-termas-de-prexigueiro","status":"publish","type":"post","link":"https:\/\/www.europesays.com\/es\/332105\/","title":{"rendered":"Luis Zahera y las camareras gemelas de First Dates coinciden en las termas de Prexigueiro"},"content":{"rendered":"<p class=\"paragraph-atom &#10;        B-500-500-700-N B-600-500-700-N--md  \">El actor gallego <strong>Luis Zahera<\/strong>, ganador de varios premios Goya, sorprendi\u00f3 ayer a visitantes y vecinos al coincidir en las <strong>termas de Prexigueiro<\/strong>, en <a href=\"https:\/\/www.laregion.es\/ribadavia\/carniceria-ribadavia-ourense-lecciones-dabiz-munoz_1_20260108-4115879.html\" rel=\"nofollow noopener\" target=\"_blank\"><strong>Ribadavia<\/strong><\/a>, con varias personalidades vinculadas televisivo <strong>First Dates<\/strong>. <\/p>\n<p class=\"paragraph-atom &#10;        B-500-500-700-N B-600-500-700-N--md  \">Seg\u00fan diversos usuarios en redes sociales, Zahera, habitual defensor del termalismo en Galicia, disfrut\u00f3 de una jornada de descanso en estas emblem\u00e1ticas <strong>termas ourensanas<\/strong>. En un momento que r\u00e1pidamente se hizo viral, se le pudo ver posando junto a <strong>Lidia Santos<\/strong>, la modelo malague\u00f1a que recientemente se incorpor\u00f3 como camarera en First Dates, as\u00ed como con <strong>Cristina y Marisa Zapata<\/strong>, las conocidas <strong>gemelas camareras <\/strong>del mismo programa. <\/p>\n<p class=\"paragraph-atom &#10;        B-500-500-700-N B-600-500-700-N--md  \">Las fotograf\u00edas, que fueron compartidas tanto en las cuentas de los asistentes como por algunos fans presentes, muestran al actor y al grupo sonriendo y disfrutando del ambiente relajado de las pozas termales, en pleno coraz\u00f3n de <strong>O Ribeiro<\/strong>. Los comentarios de los seguidores destacan la espontaneidad y cercan\u00eda de todos ellos, quienes sin aparentes formalidades compartieron un <strong>momento distendido<\/strong> lejos de los focos televisivos.<\/p>\n<p class=\"paragraph-atom &#10;        B-500-500-700-N B-600-500-700-N--md  \"><strong>Lidia Santos<\/strong>, que esta temporada se ha convertido en rostro habitual de First Dates, donde trabaja junto al presentador Carlos Sobera y al barman Mat\u00edas Roure, ha sumado <strong>miles de \u201cme gusta\u201d <\/strong>en su publicaci\u00f3n con Zahera y las gemelas. En el programa, Santos forma parte del staff junto a las hermanas Zapata, con quienes ya hab\u00eda expresado tener una buena relaci\u00f3n profesional y personal. <\/p>\n<p class=\"paragraph-atom &#10;        B-500-500-700-N B-600-500-700-N--md  \">La <strong>casual coincidencia<\/strong> entre estas figuras p\u00fablicas en un lugar tan emblem\u00e1tico para el termalismo gallego ha encantado a muchos seguidores de ambos mundos medi\u00e1ticos: el cinematogr\u00e1fico y el televisivo.<\/p>\n<p>\n        Relacionado\n    <\/p>\n","protected":false},"excerpt":{"rendered":"El actor gallego Luis Zahera, ganador de varios premios Goya, sorprendi\u00f3 ayer a visitantes y vecinos al coincidir&hellip;\n","protected":false},"author":2,"featured_media":332106,"comment_status":"","ping_status":"","sticky":false,"template":"","format":"standard","meta":{"footnotes":""},"categories":[171],"tags":[76435,146,147,25,24,2720,30215,7820,23,214,24238],"class_list":{"0":"post-332105","1":"post","2":"type-post","3":"status-publish","4":"format-standard","5":"has-post-thumbnail","7":"category-tv","8":"tag-camareras","9":"tag-entertainment","10":"tag-entretenimiento","11":"tag-es","12":"tag-espana","13":"tag-first","14":"tag-gemelas","15":"tag-luis","16":"tag-spain","17":"tag-tv","18":"tag-zahera"},"share_on_mastodon":{"url":"https:\/\/pubeurope.com\/@es\/115867374318177382","error":""},"_links":{"self":[{"href":"https:\/\/www.europesays.com\/es\/wp-json\/wp\/v2\/posts\/332105","targetHints":{"allow":["GET"]}}],"collection":[{"href":"https:\/\/www.europesays.com\/es\/wp-json\/wp\/v2\/posts"}],"about":[{"href":"https:\/\/www.europesays.com\/es\/wp-json\/wp\/v2\/types\/post"}],"author":[{"embeddable":true,"href":"https:\/\/www.europesays.com\/es\/wp-json\/wp\/v2\/users\/2"}],"replies":[{"embeddable":true,"href":"https:\/\/www.europesays.com\/es\/wp-json\/wp\/v2\/comments?post=332105"}],"version-history":[{"count":0,"href":"https:\/\/www.europesays.com\/es\/wp-json\/wp\/v2\/posts\/332105\/revisions"}],"wp:featuredmedia":[{"embeddable":true,"href":"https:\/\/www.europesays.com\/es\/wp-json\/wp\/v2\/media\/332106"}],"wp:attachment":[{"href":"https:\/\/www.europesays.com\/es\/wp-json\/wp\/v2\/media?parent=332105"}],"wp:term":[{"taxonomy":"category","embeddable":true,"href":"https:\/\/www.europesays.com\/es\/wp-json\/wp\/v2\/categories?post=332105"},{"taxonomy":"post_tag","embeddable":true,"href":"https:\/\/www.europesays.com\/es\/wp-json\/wp\/v2\/tags?post=332105"}],"curies":[{"name":"wp","href":"https:\/\/api.w.org\/{rel}","templated":true}]}}