{"id":332107,"date":"2026-01-09T21:56:09","date_gmt":"2026-01-09T21:56:09","guid":{"rendered":"https:\/\/www.europesays.com\/es\/332107\/"},"modified":"2026-01-09T21:56:09","modified_gmt":"2026-01-09T21:56:09","slug":"britney-spears-regresa-a-los-escenarios-pero-excluye-a-estados-unidos-de-su-gira","status":"publish","type":"post","link":"https:\/\/www.europesays.com\/es\/332107\/","title":{"rendered":"Britney Spears regresa a los escenarios, pero excluye a Estados Unidos de su gira"},"content":{"rendered":"<p><strong><a href=\"https:\/\/www.ellitoral.com\/show\/britneyspears-dano-cerebral-salud-mental-baile-recuperacion-libertad-tutela_0_V2u2A7F6CD.html\" target=\"_self\" title=\"Britney Spears\" alt=\"Britney Spears\" rel=\"nofollow noopener\">Britney Spears<\/a>, \u00edcono del <a href=\"https:\/\/www.ellitoral.com\/escenarios-sociedad\/olivia-rodrigo-nueva-princesa-pop-conquisto-mundo-22-fenomeno-juvenil-internacional-musica_0_Bh3tjKB35n.html\" target=\"_self\" title=\"pop\" alt=\"pop\" rel=\"nofollow noopener\">pop<\/a> mundial, confirm\u00f3 su regreso a los escenarios luego de un prolongado retiro art\u00edstico que comenz\u00f3 en 2018. <\/strong>A trav\u00e9s de un mensaje publicado en su cuenta oficial de <a href=\"https:\/\/www.instagram.com\/ellitoral\/?hl=es\" target=\"_self\" title=\"Instagram\" alt=\"Instagram\" rel=\"nofollow noopener\">Instagram<\/a>, la cantante de 44 a\u00f1os sorprendi\u00f3 a sus seguidores al revelar que est\u00e1 planeando una serie de presentaciones\u2026 aunque dej\u00f3 en claro que no incluir\u00e1n a <a href=\"https:\/\/www.ellitoral.com\/tags\/estados-unidos\" target=\"_self\" title=\"Estados Unidos\" alt=\"Estados Unidos\" rel=\"nofollow noopener\">Estados Unidos<\/a>.<\/p>\n<p>\u201cRegresar\u00e9 a los escenarios, pero no en Estados Unidos. Es una decisi\u00f3n que tom\u00e9 por razones extremadamente sensibles\u201d, expres\u00f3 Spears, sin brindar m\u00e1s detalles sobre los motivos que la llevaron a tomar esta determinaci\u00f3n.<\/p>\n<p><img decoding=\"async\" src=\"https:\/\/www.europesays.com\/es\/wp-content\/uploads\/2026\/01\/nBRi8R9GB_870x580__1.jpg\" alt=\"Millennium Award recipient Britney Spears performs a medley of songs at the 2016 Billboard Awards in Las Vegas, Nevada, U.S., May 22, 2016.  REUTERS\/Mario Anzuoni     TPX IMAGES OF THE DAY      las vegas nevada eeuu britney spears entrega premios billboard music awards cantante presentacion entrega premios\" width=\"870\" height=\"580\" class=\"styles_cover-image__pRCD1\" loading=\"lazy\"\/>Britney excluye a Estados Unidos de su gira. Cr\u00e9dito: Reuters.<\/p>\n<p><strong>Una etapa marcada por la introspecci\u00f3n<\/strong><\/p>\n<p>Lejos de los grandes estadios o producciones masivas, Britney adelant\u00f3 que su regreso ser\u00e1 en un formato m\u00e1s \u00edntimo y personal. <strong>Describi\u00f3 que se imagina \u201csentada en un taburete, con una rosa roja en el cabello atada en un mo\u00f1o\u201d, en pa\u00edses como el Reino Unido y Australia, dos de los mercados donde conserva una s\u00f3lida base de fans.<\/strong><\/p>\n<p>En el mismo posteo, comparti\u00f3 que le regal\u00f3 un piano a su hijo menor, quien hoy tiene 19 a\u00f1os, y que espera poder subirse al escenario junto a \u00e9l. \u201cEs una gran estrella\u201d, escribi\u00f3 con orgullo, dando a entender que la conexi\u00f3n familiar ser\u00e1 un eje central en esta nueva etapa.<\/p>\n<p><img decoding=\"async\" src=\"https:\/\/www.europesays.com\/es\/wp-content\/uploads\/2026\/01\/1uiEA9ff8_870x580__1.jpg\" alt=\"FILE PHOTO: Singer Britney Spears arrives at the 2016 MTV Video Music Awards in New York, U.S., August 28, 2016.  REUTERS\/Eduardo Munoz\/File Photo\/File Photo\/File Photo\" width=\"870\" height=\"580\" class=\"styles_cover-image__pRCD1\" loading=\"lazy\"\/>Una etapa marcada por la introspecci\u00f3n. Cr\u00e9dito: Reuters.<\/p>\n<p><strong>Una ruptura con el pasado<\/strong><\/p>\n<p><strong>Desde su \u00faltima actuaci\u00f3n en octubre de 2018, Britney Spears enfrent\u00f3 una intensa batalla judicial para recuperar el control de su vida, en especial luego de los a\u00f1os bajo la tutela de su padre, Jamie Spears. <\/strong>Este conflicto legal y emocional fue ampliamente seguido por los medios y deriv\u00f3 en un fuerte movimiento global de apoyo bajo el lema #FreeBritney.<\/p>\n<p>La cantante no especific\u00f3 si la decisi\u00f3n de excluir a Estados Unidos de su gira est\u00e1 relacionada con ese pasado, pero sus palabras dejan entrever que la herida sigue abierta: \u201cNo estoy lista para presentarme en Estados Unidos. Quiz\u00e1s alg\u00fan d\u00eda\u2026 pero no ahora\u201d. <\/p>\n<p><strong>La reaparici\u00f3n de Britney Spears genera expectativa entre sus seguidores, que desde hace a\u00f1os esperan verla nuevamente sobre un escenario.<\/strong> Esta nueva etapa, marcada por una est\u00e9tica m\u00e1s sencilla y un enfoque centrado en la m\u00fasica como herramienta de sanaci\u00f3n, marca un quiebre con su imagen anterior de megaestrella pop bajo presi\u00f3n constante.<\/p>\n<p>\u201cEs un ciclo que se cierra, y otro que comienza\u201d, desliz\u00f3 la artista, quien parece haber reencontrado en la m\u00fasica una forma de expresar su libertad, lejos de las exigencias del pasado.<\/p>\n<p><script async src=\"\/\/www.instagram.com\/embed.js\"><\/script><\/p>\n","protected":false},"excerpt":{"rendered":"Britney Spears, \u00edcono del pop mundial, confirm\u00f3 su regreso a los escenarios luego de un prolongado retiro art\u00edstico&hellip;\n","protected":false},"author":2,"featured_media":332108,"comment_status":"","ping_status":"","sticky":false,"template":"","format":"standard","meta":{"footnotes":""},"categories":[170],"tags":[22658,146,147,25,24,629,184,185,526,23],"class_list":{"0":"post-332107","1":"post","2":"type-post","3":"status-publish","4":"format-standard","5":"has-post-thumbnail","7":"category-musica","8":"tag-arte-musica-teatro","9":"tag-entertainment","10":"tag-entretenimiento","11":"tag-es","12":"tag-espana","13":"tag-estados-unidos","14":"tag-music","15":"tag-musica","16":"tag-show","17":"tag-spain"},"share_on_mastodon":{"url":"https:\/\/pubeurope.com\/@es\/115867378462129021","error":""},"_links":{"self":[{"href":"https:\/\/www.europesays.com\/es\/wp-json\/wp\/v2\/posts\/332107","targetHints":{"allow":["GET"]}}],"collection":[{"href":"https:\/\/www.europesays.com\/es\/wp-json\/wp\/v2\/posts"}],"about":[{"href":"https:\/\/www.europesays.com\/es\/wp-json\/wp\/v2\/types\/post"}],"author":[{"embeddable":true,"href":"https:\/\/www.europesays.com\/es\/wp-json\/wp\/v2\/users\/2"}],"replies":[{"embeddable":true,"href":"https:\/\/www.europesays.com\/es\/wp-json\/wp\/v2\/comments?post=332107"}],"version-history":[{"count":0,"href":"https:\/\/www.europesays.com\/es\/wp-json\/wp\/v2\/posts\/332107\/revisions"}],"wp:featuredmedia":[{"embeddable":true,"href":"https:\/\/www.europesays.com\/es\/wp-json\/wp\/v2\/media\/332108"}],"wp:attachment":[{"href":"https:\/\/www.europesays.com\/es\/wp-json\/wp\/v2\/media?parent=332107"}],"wp:term":[{"taxonomy":"category","embeddable":true,"href":"https:\/\/www.europesays.com\/es\/wp-json\/wp\/v2\/categories?post=332107"},{"taxonomy":"post_tag","embeddable":true,"href":"https:\/\/www.europesays.com\/es\/wp-json\/wp\/v2\/tags?post=332107"}],"curies":[{"name":"wp","href":"https:\/\/api.w.org\/{rel}","templated":true}]}}